{"id":45005,"date":"2022-01-18T11:30:15","date_gmt":"2022-01-18T10:30:15","guid":{"rendered":"https:\/\/www.die-stadtzeitung.de\/?p=45005"},"modified":"2022-01-18T11:30:15","modified_gmt":"2022-01-18T10:30:15","slug":"staatssekretaer-dr-guennewig-besucht-bergische-universitaet","status":"publish","type":"post","link":"https:\/\/www.die-stadtzeitung.de\/index.php\/2022\/01\/18\/staatssekretaer-dr-guennewig-besucht-bergische-universitaet\/","title":{"rendered":"Staatssekret\u00e4r Dr. G\u00fcnnewig besucht Bergische Universit\u00e4t"},"content":{"rendered":"<div id=\"attachment_45007\" class=\"wp-caption alignnone\" style=\"max-width: 908px;\"><img loading=\"lazy\" decoding=\"async\" class=\" wp-image-45007\" src=\"\/wp-content\/uploads\/2022\/01\/Guennewig-2.jpeg\" alt=\"\" width=\"898\" height=\"624\" \/><span class=\"wp-caption-text\">Nahmen vor Ort gemeinsam Einblicke in die Terahertzforschung an der Bergischen Universit\u00e4t (v.l.): Prof. Dr. Ullrich Pfeiffer, Prof. Dr. Lambert T. Koch, Dr. Dirk G\u00fcnnewig und Prof. Dr. Michael Scheffel &#8211; \u00a9 Foto Friederike von Heyden<\/span><\/div>\n<p>Staatsekret\u00e4r Dr. G\u00fcnnewig wurde von Rektor Prof. Dr. Lambert T. Koch und Prorektor Prof. Dr. Michael Scheffel empfangen. Die beiden berichteten \u00fcber die sehr dynamische Entwicklung der Bergischen Universit\u00e4t in den vergangenen Jahren, \u00fcber bew\u00e4ltigte Herausforderungen sowie erzielte Erfolge in Forschung, Lehre und Transfer.<\/p>\n<p>Exemplarisch wurden einige Profilschwerpunkte im Themenfeld \u201aDigitalisierung\u2018 n\u00e4her vorgestellt. Darunter auch das Editionsprojekt \u201eArthur Schnitzler digital\u201c sowie die Beitr\u00e4ge des ERC Advanced Grant-Gewinners Prof. Dr. Ullrich Pfeiffer zur Terahertz-Forschung im Profilkern \u201eMaterials. Inspire. Systems\u201c.<\/p>\n<p>Prof. Dr. Lambert T. Koch dankte dem Staatssekret\u00e4r f\u00fcr seinen Besuch und sein gro\u00dfes Interesse gerade auch an den wissenschaftlichen Erfolgen sowie die stete Unterst\u00fctzung der Bergischen Universit\u00e4t durch das Ministerium f\u00fcr Kultur und Wissenschaft.<\/p>\n<p>Staatssekret\u00e4r Dr. G\u00fcnnewig sagte: \u201eAls Landesregierung ist uns die digitale Entwicklung und Vernetzung der Hochschulen ein wichtiges Anliegen, denn dadurch werden Forschung, Studium und Lehre in Nordrhein-Westfalen weiter gest\u00e4rkt. Die Autonomie der Hochschulen und die eigenst\u00e4ndige Umsetzung der Projekte sind dabei f\u00fcr das Land von besonderer Bedeutung. Daher freue ich mich sehr, dass die Bergische Universit\u00e4t innovative Digitalisierungsprojekte am Standort Wuppertal intensiv vorantreibt \u2013 so beispielsweise die neue 6G-Teststrecke, die hier derzeit erprobt wird. Die Universit\u00e4t ist ein wichtiger Standortfaktor f\u00fcr die Region.\u201c<\/p>\n<p>&nbsp;<\/p>\n","protected":false},"excerpt":{"rendered":"<p>Seit 28. Oktober 2021 ist Dr. Dirk G\u00fcnnewig Staatssekret\u00e4r im Ministerium f\u00fcr Kultur und Wissenschaft in D\u00fcsseldorf. Er hat die Nachfolge von Annette Storsberg angetreten, die in den Ruhestand gegangen ist. Jetzt hat Dr. G\u00fcnnewig die Bergische Universit\u00e4t in Wuppertal besucht.<\/p>\n","protected":false},"author":7,"featured_media":0,"comment_status":"open","ping_status":"closed","sticky":false,"template":"","format":"standard","meta":{"footnotes":""},"categories":[27],"tags":[],"class_list":["post-45005","post","type-post","status-publish","format-standard","hentry","category-wissen"],"publishpress_future_action":{"enabled":false,"date":"2026-05-06 11:40:08","action":"change-status","newStatus":"draft","terms":[],"taxonomy":"category","extraData":[]},"publishpress_future_workflow_manual_trigger":{"enabledWorkflows":[]},"_links":{"self":[{"href":"https:\/\/www.die-stadtzeitung.de\/index.php\/wp-json\/wp\/v2\/posts\/45005","targetHints":{"allow":["GET"]}}],"collection":[{"href":"https:\/\/www.die-stadtzeitung.de\/index.php\/wp-json\/wp\/v2\/posts"}],"about":[{"href":"https:\/\/www.die-stadtzeitung.de\/index.php\/wp-json\/wp\/v2\/types\/post"}],"author":[{"embeddable":true,"href":"https:\/\/www.die-stadtzeitung.de\/index.php\/wp-json\/wp\/v2\/users\/7"}],"replies":[{"embeddable":true,"href":"https:\/\/www.die-stadtzeitung.de\/index.php\/wp-json\/wp\/v2\/comments?post=45005"}],"version-history":[{"count":2,"href":"https:\/\/www.die-stadtzeitung.de\/index.php\/wp-json\/wp\/v2\/posts\/45005\/revisions"}],"predecessor-version":[{"id":45008,"href":"https:\/\/www.die-stadtzeitung.de\/index.php\/wp-json\/wp\/v2\/posts\/45005\/revisions\/45008"}],"wp:attachment":[{"href":"https:\/\/www.die-stadtzeitung.de\/index.php\/wp-json\/wp\/v2\/media?parent=45005"}],"wp:term":[{"taxonomy":"category","embeddable":true,"href":"https:\/\/www.die-stadtzeitung.de\/index.php\/wp-json\/wp\/v2\/categories?post=45005"},{"taxonomy":"post_tag","embeddable":true,"href":"https:\/\/www.die-stadtzeitung.de\/index.php\/wp-json\/wp\/v2\/tags?post=45005"}],"curies":[{"name":"wp","href":"https:\/\/api.w.org\/{rel}","templated":true}]}}