{"id":44908,"date":"2022-01-15T12:03:49","date_gmt":"2022-01-15T11:03:49","guid":{"rendered":"https:\/\/www.die-stadtzeitung.de\/?p=44908"},"modified":"2022-01-15T12:03:49","modified_gmt":"2022-01-15T11:03:49","slug":"deutsche-welle-wuppertal-portrait-fuer-schwindelfreie","status":"publish","type":"post","link":"https:\/\/www.die-stadtzeitung.de\/index.php\/2022\/01\/15\/deutsche-welle-wuppertal-portrait-fuer-schwindelfreie\/","title":{"rendered":"Deutsche Welle: Wuppertal-Portrait f\u00fcr Schwindelfreie"},"content":{"rendered":"<div id=\"attachment_44916\" class=\"wp-caption alignnone\" style=\"max-width: 1034px;\"><img loading=\"lazy\" decoding=\"async\" class=\"size-large wp-image-44916\" src=\"\/wp-content\/uploads\/2022\/01\/IMG_4559-2-1024x734.jpeg\" alt=\"\" width=\"1024\" height=\"734\" \/><span class=\"wp-caption-text\">Lukas Stege entdeckt f\u00fcr die &#8222;Deutsche Welle&#8220; (DW) Wuppertal &#8211; \u00a9 DW \/ Screenshot Vok Dams iNotes<\/span><\/div>\n<p>Lukas Stege nimmt die Zuschauer mit auf eine spannende Entdeckungstour. Wohlgemerkt in englischer Sprache und mit englischen Untertiteln. Doch auch, wer diese Sprache nicht oder nur schlecht beherrscht, bleibt nicht auf der Strecke. Die Bilder sprechen f\u00fcr sich.<\/p>\n<p>Der Film beginnt mit einer kurzen Sequenz der M\u00fcngstener Br\u00fccke, die sp\u00e4ter noch eine gr\u00f6\u00dfere Rolle spielen wird.<span class=\"Apple-converted-space\">\u00a0<\/span><\/p>\n<p>Als Wuppertaler erf\u00e4hrt man nicht viel Neues, was nicht sonderlich \u00fcberrascht. Selbstverst\u00e4ndlich f\u00e4hrt auch Reporter Lukas Stege auf die Schwebebahn ab, kredenzt den Deutsche Welle-Zuschauern in aller Welt die &#8222;Tuffi&#8220;-Story, schwebt staunend durch die enge Kaiserstra\u00dfe mit barrierefreiem Blick in Vohwinkeler Wohn- und Schlafzimmer und macht schlie\u00dflich auch Station im Engelsgarten.<\/p>\n<p>Hier bekommt der Zuschauer einen interessanten Einblick ins runderneute Engelshaus. Lukas Stege reist weiter durch die &#8222;Stadt der Kontraste mit den vielen coolen Pl\u00e4tzen&#8220;. Briller Viertel, Elberfelder City, Nordbahntrasse, Holsteiner Treppe und auch die die Hardt d\u00fcrfen nicht fehlen. Stadtf\u00fchrerin Beate Hassler hilft dem Fernsehmann dabei, die sch\u00f6nsten Ecken und Flecken Wuppertals zu finden.<\/p>\n<div id=\"attachment_44919\" class=\"wp-caption alignnone\" style=\"max-width: 709px;\"><img loading=\"lazy\" decoding=\"async\" class=\"wp-image-44919\" src=\"\/wp-content\/uploads\/2022\/01\/IMG_4558-1024x576.jpeg\" alt=\"\" width=\"699\" height=\"393\" \/><span class=\"wp-caption-text\">TV-Reporter Lukas Stege macht den DW-Zuschauern Wuppertal schmackhaft &#8211; \u00a9 DW \/ Screenshot Vok Dams iNotes<\/span><\/div>\n<p>Die Video-Show &#8222;Humans&#8220; im Visiodrom im Gasometer und der Rundblick vom Skywalk in luftiger H\u00f6he hinterlassen bei Lukas Stege sichtlich Eindruck.<\/p>\n<p>Sein pers\u00f6nlicher H\u00f6hepunkt ist zweifellos die atemberaubende Kraxel-Tour auf die 103 Meter hohe M\u00fcngstener Br\u00fccke. Nichts f\u00fcr Leute mit H\u00f6henangst und schwachen Nerven, auch wenn man mit einem Karabinerhaken an einem Stahlseil gesichert ist.<\/p>\n<p>Und auch DW-Reporter Lukas Stege stand unterwegs der Angstschwei\u00df auf der Stirn. Er war sichtlich froh, den erfahrenen Kletterer S\u00f6ren Walla vom Wuppertaler Abenteuer Veranstalter &#8222;Deepwood&#8220; an seiner Seite zu haben. Wagemutige und Schwindelfreie aus aller Welt buchen inzwischen diesen einmaligen H\u00f6hen-Tripp auf die M\u00fcngstener Br\u00fccke.<\/p>\n<p>Beschaulicher ging es da schon bei der Bergischen Kaffeetafel bei Sabine Haase im &#8222;Caf\u00e9 Elise&#8220; zu. Lukas Stege liess es sich schmecken. Und er kann sich sicher sein, dass sein Film mit beeindruckenden Bildern und Einstellungen Appetit macht &#8211; auf mehr Wuppertal. <strong>(pp)<\/strong><\/p>\n<div id=\"attachment_44920\" class=\"wp-caption alignnone\" style=\"max-width: 710px;\"><img loading=\"lazy\" decoding=\"async\" class=\"wp-image-44920\" src=\"\/wp-content\/uploads\/2022\/01\/IMG_4554-1024x576.jpeg\" alt=\"\" width=\"700\" height=\"394\" \/><span class=\"wp-caption-text\">Die Schweb erahn als &#8222;Filmstar&#8220; &#8211; das d\u00fcrfte keine Wuppertalerin und keinen Wuppertaler \u00fcberraschen &#8211; \u00a9 DW \/ Screenshot Vok Dams iNotes<\/span><\/div>\n<p><strong>Link zum Film:<\/strong><\/p>\n<p><a href=\"https:\/\/www.youtube.com\/watch?v=JYS1vAWzcyQ\">https:\/\/www.youtube.com\/watch?v=JYS1vAWzcyQ<\/a><\/p>\n<p><strong>Link zur Webseite der Deepwood GmbH:<\/strong><\/p>\n<p><a href=\"http:\/\/www.deepwood.de\">http:\/\/www.deepwood.de<\/a><\/p>\n<p>&nbsp;<\/p>\n<div id=\"attachment_44921\" class=\"wp-caption alignnone\" style=\"max-width: 710px;\"><img loading=\"lazy\" decoding=\"async\" class=\"wp-image-44921\" src=\"\/wp-content\/uploads\/2022\/01\/IMG_4560-1024x768.jpeg\" alt=\"\" width=\"700\" height=\"525\" \/><span class=\"wp-caption-text\">Der Newsletter der Stadt weist auf das Wuppertal-Portrait der &#8222;Deutschen Welle&#8220; hin &#8211; \u00a9 DW \/ Screenshot Vok Dams iNotes<\/span><\/div>\n","protected":false},"excerpt":{"rendered":"<p>Es geht doch! Auch der &#8222;Deutschen Welle&#8220; war Wuppertal jetzt eine Reise wert! Reporter Lukas Stege r\u00fcckte mit Kamerateam und der vorgefassten Meinung an, dass viele Menschen die Bergische Metropole und ihre Reize gar nicht kennen. Heraus kam ein knapp 14 Minuten langer sehenswerter Film der Reihe &#8222;DW-Travel&#8220;.<\/p>\n","protected":false},"author":7,"featured_media":0,"comment_status":"open","ping_status":"closed","sticky":false,"template":"","format":"standard","meta":{"footnotes":""},"categories":[24],"tags":[],"class_list":["post-44908","post","type-post","status-publish","format-standard","hentry","category-wuppertal"],"publishpress_future_action":{"enabled":false,"date":"2026-05-06 11:39:19","action":"change-status","newStatus":"draft","terms":[],"taxonomy":"category","extraData":[]},"publishpress_future_workflow_manual_trigger":{"enabledWorkflows":[]},"_links":{"self":[{"href":"https:\/\/www.die-stadtzeitung.de\/index.php\/wp-json\/wp\/v2\/posts\/44908","targetHints":{"allow":["GET"]}}],"collection":[{"href":"https:\/\/www.die-stadtzeitung.de\/index.php\/wp-json\/wp\/v2\/posts"}],"about":[{"href":"https:\/\/www.die-stadtzeitung.de\/index.php\/wp-json\/wp\/v2\/types\/post"}],"author":[{"embeddable":true,"href":"https:\/\/www.die-stadtzeitung.de\/index.php\/wp-json\/wp\/v2\/users\/7"}],"replies":[{"embeddable":true,"href":"https:\/\/www.die-stadtzeitung.de\/index.php\/wp-json\/wp\/v2\/comments?post=44908"}],"version-history":[{"count":10,"href":"https:\/\/www.die-stadtzeitung.de\/index.php\/wp-json\/wp\/v2\/posts\/44908\/revisions"}],"predecessor-version":[{"id":44923,"href":"https:\/\/www.die-stadtzeitung.de\/index.php\/wp-json\/wp\/v2\/posts\/44908\/revisions\/44923"}],"wp:attachment":[{"href":"https:\/\/www.die-stadtzeitung.de\/index.php\/wp-json\/wp\/v2\/media?parent=44908"}],"wp:term":[{"taxonomy":"category","embeddable":true,"href":"https:\/\/www.die-stadtzeitung.de\/index.php\/wp-json\/wp\/v2\/categories?post=44908"},{"taxonomy":"post_tag","embeddable":true,"href":"https:\/\/www.die-stadtzeitung.de\/index.php\/wp-json\/wp\/v2\/tags?post=44908"}],"curies":[{"name":"wp","href":"https:\/\/api.w.org\/{rel}","templated":true}]}}