{"id":44885,"date":"2022-01-08T22:44:17","date_gmt":"2022-01-08T21:44:17","guid":{"rendered":"https:\/\/www.die-stadtzeitung.de\/?p=44885"},"modified":"2022-01-17T12:11:48","modified_gmt":"2022-01-17T11:11:48","slug":"wsv-erkaempft-ein-33-gegen-erstligisten-fc-zuerich","status":"publish","type":"post","link":"https:\/\/www.die-stadtzeitung.de\/index.php\/2022\/01\/08\/wsv-erkaempft-ein-33-gegen-erstligisten-fc-zuerich\/","title":{"rendered":"WSV erk\u00e4mpft ein 3:3 gegen Erstligisten FC Z\u00fcrich"},"content":{"rendered":"<div id=\"attachment_44889\" class=\"wp-caption alignnone\" style=\"max-width: 1034px;\"><img loading=\"lazy\" decoding=\"async\" class=\"size-large wp-image-44889\" src=\"\/wp-content\/uploads\/2022\/01\/2022-01-13_trainingslager_wuppertaler-sv-gegen-fc-zuerich_benjamin_lenz_077-2-1024x681.jpg\" alt=\"\" width=\"1024\" height=\"681\" \/><span class=\"wp-caption-text\">Abgek\u00e4mpft, aber zufrieden. WSV-Spieler und Betreuer nach dem Schlusspfiff &#8211; \u00a9 Benjamin Lenz \/ WSV<\/span><\/div>\n<p>Niklas Heidemann (28.), Marco K\u00f6nigs (107.) und Semir Saric (118.) trafen f\u00fcr den bergischen Regionalligisten.<span class=\"Apple-converted-space\">\u00a0<\/span><\/p>\n<p>Auf Wunsch von Andr\u00e9 Breitenreiter, dem deutschen Trainers der Z\u00fcricher, ging die Begegnung \u00fcber viermal 30 Minuten. Begonnen hatte der WSV mit Sebastian Patzler im Tor, Kevin Pytlik, Lion Schweers und Durim Berisha in der Dreier-Kette, davor mit Jannis K\u00fcbler auf der Sechs, Philipp Hanke und Niklas Heidemann auf den Fl\u00fcgeln sowie Kevin Pires-Rodriguez auf der Zehn. Kingsley Sarpei und Roman Prokoph bildeten das Sturmduo der ersten Halbzeit.<\/p>\n<p>Die Schweizer fanden zun\u00e4chst besser ins Spiel. Bereits nach drei Minuten lag Rot-Blau zur\u00fcck: Bla\u017e Kramer traf mit einem platzierten Flachschuss zum 1:0 f\u00fcr Z\u00fcrich. Es dauerte einige Zeit, bis sich das Team von Chefcoach Bj\u00f6rn Mehnert sortiert hatte.<span class=\"Apple-converted-space\">\u00a0<\/span><\/p>\n<p>Der besten Defensive der Regionalliga-West unterlief gegen einen starken Gegner zu Beginn der eine oder andere individuelle Fehler. Doch mit dem Treffer von Niklas Heidemann nach einer knappen halben Stunde kam auch das Selbstbewusstsein zur\u00fcck.<\/p>\n<div id=\"attachment_44890\" class=\"wp-caption alignnone\" style=\"max-width: 1034px;\"><img loading=\"lazy\" decoding=\"async\" class=\"size-large wp-image-44890\" src=\"\/wp-content\/uploads\/2022\/01\/2022-01-13_trainingslager_wuppertaler-sv-gegen-fc-zuerich_benjamin_lenz_002-2-1024x525.jpg\" alt=\"\" width=\"1024\" height=\"525\" \/><span class=\"wp-caption-text\">Schiedsrichtergespann und Mannschaftskapit\u00e4ne haben sich zum Erinnerungsfoto aufgestellt &#8211; \u00a9 Benjamin Lenz \/ WSV<\/span><\/div>\n<p>Nach dem Seitenwechsel agierten beide Teams verhaltener, so dass in der zweiten H\u00e4lfte der ersten Halbzeit nichts Z\u00e4hlbares heraussprang. Der WSV war aber die spielbestimmende Mannschaft und h\u00e4tte in der 48. Minute durchaus in F\u00fchrung gehen k\u00f6nnen, jedoch bekamen weder Sarpei, Pires noch Heidemann den Ball im<\/p>\n<p>im Sechzehner unter Kontrolle. Die Defensive von Z\u00fcrich schwindelig gespielt hatten sie aber allemal.<\/p>\n<p>In die zweite Halbzeit startete der WSV mit Safarpour-Malekabad im Tor. Moritz Montag, Dominik Bilogrevic und Kevin Pytlik bildeten die Defensive, w\u00e4hrend Semir Saric, Niklas Fensky und Testspieler Berk Cetin gemeinsam mit R\u00fcckkehrer Kevin Hagemann und Neuzugang Valdet Rama das Mittelfeld stellten. Phillip Aboagye und Marco K\u00f6nigs st\u00fcrmten f\u00fcr Rot-Blau.<\/p>\n<p>Gleich f\u00fcnf Minuten nach Wiederanpfiff f\u00fchrte ein Foul von Dominik Bilogrevic zum Elfmeter f\u00fcr den FC Z\u00fcrich. Blerim Dzemaili verwandelte zum 2:1. In der Folge lie\u00df Neuzugang Valdet Rama dann mehrfach sein K\u00f6nnen aufblitzen, allein das n\u00f6tige Qu\u00e4ntchen Gl\u00fcck fehlte dem 34j\u00e4hrigen, der in Spanien einst gegen Messi und Neymar gekickt hatte.<\/p>\n<div id=\"attachment_44891\" class=\"wp-caption alignnone\" style=\"max-width: 1034px;\"><img loading=\"lazy\" decoding=\"async\" class=\"size-large wp-image-44891\" src=\"\/wp-content\/uploads\/2022\/01\/2022-01-13_trainingslager_wuppertaler-sv-gegen-fc-zuerich_benjamin_lenz_047-2-1024x575.jpg\" alt=\"\" width=\"1024\" height=\"575\" \/><span class=\"wp-caption-text\">Um jeden Zentimeter k\u00e4mpften die WSV-Spieler (wei\u00dfes Trikot) gegen den Gegner aus der 1. Schweizer Liga &#8211; \u00a9 Benjamin Lenz \/ WSV<\/span><\/div>\n<p>Auf der anderen Seite lief es aber in dieser Phase der Partie auch nicht besser: Fabian Rohner brachte den Ball in Minute 80 flach in den Sechzehner, Aiyegun Tosins Schuss strich aber knapp \u00fcber das Tor von Safarpour-Malekabad vorbei.<\/p>\n<p>Nach dem erneuten Seitenwechsel blieben Kevin Hagemann (Bj\u00f6rn Mehner: \u201eEine reine Vorsichtsma\u00dfnahme\u201c) und Kevin Pytlik (dessen Hand im Zweikampf den Fu\u00df des Gegners zu sp\u00fcren bekommen hatte) drau\u00dfen.<span class=\"Apple-converted-space\">\u00a0<\/span><\/p>\n<p>Daf\u00fcr waren die starken Niklas Heidemann und Jannis K\u00fcbler wieder im Spiel. Der WSV mit den ersten Angriffen, Rama ein wenig zu schnell, sein Abschluss von links traf nur das Au\u00dfennetz des gegnerischen Tores (91.). Der WSV war gleichwohl die spielbestimmende Mannschaft, konnte diese leichte \u00dcberlegenheit jedoch noch nicht in Tore umm\u00fcnzen.<\/p>\n<p>In der 107. Minute war es dann Marco K\u00f6nigs, der den WSV erl\u00f6ste und das 2:2 nach Vorlage von Youngster Niklas Fensky besorgte &#8211; nachdem Z\u00fcrichs Polero den Ball spektakul\u00e4r vert\u00e4ndelt und WSV-Keeper Safarpour den erfolgreichen Konter souver\u00e4n eingeleitet hatte.<\/p>\n<div id=\"attachment_44892\" class=\"wp-caption alignnone\" style=\"max-width: 1034px;\"><img loading=\"lazy\" decoding=\"async\" class=\"size-large wp-image-44892\" src=\"\/wp-content\/uploads\/2022\/01\/2022-01-13_trainingslager_wuppertaler-sv-gegen-fc-zuerich_benjamin_lenz_084-2-1024x624.jpg\" alt=\"\" width=\"1024\" height=\"624\" \/><span class=\"wp-caption-text\">WSV-Cheftrainer Bj\u00f6rn Mehnert (M.) erteilt Anweisungen &#8211; \u00a9 Benjamin Lenz \/ WSV<\/span><\/div>\n<p>Keine Viertelstunde vor Schluss ging Z\u00fcrich erneut in F\u00fchrung: Tosin traf zum 3:2 f\u00fcr seinen Club (116.). Der Ausgleich zum 3:3:-Endtand fiel postwendend durch Semir Saric (118.). Sein Vater war \u00fcbrigens sowohl in Hannover als auch Paderborn Co-Trainer von Z\u00fcrichs Coach Breitenreiter.<\/p>\n<p>Der WSV brachte das Ergebnis schlie\u00dflich \u00fcber die Zeit, was Bj\u00f6rn Mehnert zu honorieren wusste: \u201eBeide Halbzeiten waren top. Hier ein Unentschieden mitzunehmen war nicht unverdient. Leider haben ein, zwei individuelle Fehler zu den Gegentoren gef\u00fchrt, aber die Jungs haben Moral gezeigt und konnten gegen einen starken Gegner spielerisch mithalten.\u201c<\/p>\n<p>\u201eHut ab vor der Leistung der Mannschaft. Gegen den Tabellenf\u00fchrer der ersten Liga der Schweiz drei Tore zu machen, da haben wir einfach alles gegeben\u201c, erkl\u00e4rte ein zufriedener Neuzugang Valdet Rama nach Abpfiff.<\/p>\n","protected":false},"excerpt":{"rendered":"<p>Der Wuppertaler SV hat sich im Match gegen den FC Z\u00fcrich, Spitzenreiter der Schweizer Super League, teuer verkauft und am Ende ein bemerkenswertes 3:3:-Unentschieden (1:1) erk\u00e4mpft. Das Testspiel fand w\u00e4hrend des Trainingslagers im t\u00fcrkischen Belek statt.<\/p>\n","protected":false},"author":7,"featured_media":0,"comment_status":"open","ping_status":"closed","sticky":false,"template":"","format":"standard","meta":{"footnotes":""},"categories":[20],"tags":[],"class_list":["post-44885","post","type-post","status-publish","format-standard","hentry","category-sport"],"publishpress_future_action":{"enabled":false,"date":"2026-05-04 15:36:49","action":"change-status","newStatus":"draft","terms":[],"taxonomy":"category","extraData":[]},"publishpress_future_workflow_manual_trigger":{"enabledWorkflows":[]},"_links":{"self":[{"href":"https:\/\/www.die-stadtzeitung.de\/index.php\/wp-json\/wp\/v2\/posts\/44885","targetHints":{"allow":["GET"]}}],"collection":[{"href":"https:\/\/www.die-stadtzeitung.de\/index.php\/wp-json\/wp\/v2\/posts"}],"about":[{"href":"https:\/\/www.die-stadtzeitung.de\/index.php\/wp-json\/wp\/v2\/types\/post"}],"author":[{"embeddable":true,"href":"https:\/\/www.die-stadtzeitung.de\/index.php\/wp-json\/wp\/v2\/users\/7"}],"replies":[{"embeddable":true,"href":"https:\/\/www.die-stadtzeitung.de\/index.php\/wp-json\/wp\/v2\/comments?post=44885"}],"version-history":[{"count":5,"href":"https:\/\/www.die-stadtzeitung.de\/index.php\/wp-json\/wp\/v2\/posts\/44885\/revisions"}],"predecessor-version":[{"id":44894,"href":"https:\/\/www.die-stadtzeitung.de\/index.php\/wp-json\/wp\/v2\/posts\/44885\/revisions\/44894"}],"wp:attachment":[{"href":"https:\/\/www.die-stadtzeitung.de\/index.php\/wp-json\/wp\/v2\/media?parent=44885"}],"wp:term":[{"taxonomy":"category","embeddable":true,"href":"https:\/\/www.die-stadtzeitung.de\/index.php\/wp-json\/wp\/v2\/categories?post=44885"},{"taxonomy":"post_tag","embeddable":true,"href":"https:\/\/www.die-stadtzeitung.de\/index.php\/wp-json\/wp\/v2\/tags?post=44885"}],"curies":[{"name":"wp","href":"https:\/\/api.w.org\/{rel}","templated":true}]}}