{"id":44811,"date":"2022-01-06T14:48:31","date_gmt":"2022-01-06T13:48:31","guid":{"rendered":"https:\/\/www.die-stadtzeitung.de\/?p=44811"},"modified":"2022-01-13T09:21:03","modified_gmt":"2022-01-13T08:21:03","slug":"jury-des-solar-decathlon-in-wuppertal-in-stein-gemeisselt","status":"publish","type":"post","link":"https:\/\/www.die-stadtzeitung.de\/index.php\/2022\/01\/06\/jury-des-solar-decathlon-in-wuppertal-in-stein-gemeisselt\/","title":{"rendered":"Jury des Solar Decathlon in Wuppertal in Stein gemeisselt"},"content":{"rendered":"<div id=\"attachment_44814\" class=\"wp-caption alignnone\" style=\"max-width: 1034px;\"><img loading=\"lazy\" decoding=\"async\" class=\"size-large wp-image-44814\" src=\"\/wp-content\/uploads\/2022\/01\/SDE_21-22_Jury_copyright_SDE_21-22-2-1024x728.jpeg\" alt=\"\" width=\"1024\" height=\"728\" \/><span class=\"wp-caption-text\">Die Jury des Solar Decathlon Europe SDE 21\/22 &#8211; \u00a9 SDE 21\/22<\/span><\/div>\n<p>In f\u00fcnf Monaten hei\u00dft es beim Solar Decathlon Europe 21\/22 (kurz: SDE 21\/22): Erlebe nachhaltiges Bauen und Leben zum Anfassen! Vom 10. bis 26. Juni findet der bedeutendste universit\u00e4re Architektur-Wettbewerb der Welt in Wuppertal statt. 18 Studierenden-Teams aus elf L\u00e4ndern bauen auf dem Solar Campus 18 voll funktionierende H\u00e4user, die Klimaschutz und anspruchsvolle Architektur miteinander kombinieren.<\/p>\n<h4>So l\u00e4uft der Wettbewerb ab<\/h4>\n<p>Im Rahmen des Wettbewerbs messen sich die Teams mit ihren Projekten in zehn Disziplinen. In drei Disziplinen erfolgt die Qualit\u00e4tsbewertung durch Messungen \u2013 z.B. beim Energieverbrauch, dem Raumklima und der Solartechnik.<span class=\"Apple-converted-space\">\u00a0<\/span><\/p>\n<p>In sieben Disziplinen bewertet eine Fachjury die Projekte, an denen die Teams bereits seit \u00fcber drei Jahren planen. Am Ende gewinnt das Team den SDE 21\/22, das in Summe die meisten Punkte erzielt. Die Juroren entscheiden also ma\u00dfgeblich, wer den Sieg des ersten in Deutschland ausgetragenen Solar Decathlon Wettbewerbs mit nach Hause nehmen darf.<\/p>\n<p>\u201eUnsere Jury garantiert durch ihre langj\u00e4hrige Erfahrung und Expertise die hohe Qualit\u00e4t des Wettbewerbs. Alle Jurymitglieder sind Spezialistinnen und Spezialisten auf ihren Gebieten und bringen besondere Kompetenzen in die Juryarbeit ein\u201c, erkl\u00e4rt Wettbewerbsdirektor Prof. Karsten Voss von der Bergischen Universit\u00e4t Wuppertal.<\/p>\n<div id=\"attachment_44060\" class=\"wp-caption alignnone\" style=\"max-width: 660px;\"><img loading=\"lazy\" decoding=\"async\" class=\" wp-image-44060\" src=\"\/wp-content\/uploads\/2021\/12\/Solar-Decathlon-Europe-\u00a9-SDE19-EMI-Non-profit-Ltd.-2-1024x692.jpeg\" alt=\"\" width=\"650\" height=\"439\" \/><span class=\"wp-caption-text\">Angehende Architektinnen und Architekten bei der Arbeit f\u00fcr den Solar Decathlon &#8211; \u00a9 Solar-Decathlon-Europe-\u00a9-SDE19-EMI-Non-profit-Ltd.<\/span><\/div>\n<p><b>Die Mitglieder der SDE 21\/22 Jury sind:<\/b><\/p>\n<h4>Architektur<\/h4>\n<p><b>Prof. Dietmar Eberle<\/b><br \/>\nBaumschlager Eberle Architekten | \u00d6sterreich<\/p>\n<p><b>Jette Cathrin Hopp<\/b><br \/>\nSn\u00f8hetta | Norwegen<\/p>\n<p><b>Fuensanta Nieto<\/b><br \/>\nNieto Sobejano Arquitectos | Spanien \/ Deutschland<\/p>\n<h4>Geb\u00e4udetechnik &amp; Bauphysik<\/h4>\n<p><b>Dr.-Ing. Markus Lichtme\u00df<\/b><br \/>\nInstitut f\u00fcr Geb\u00e4udeenergieforschung | Deutschland<\/p>\n<p><b>Prof. Dr.-Ing. Nathan Van Den Bossche<\/b><br \/>\nUniversit\u00e4t Gent | Belgien<\/p>\n<p><b>Prof. Dr.-Ing. Maria Wall<\/b><br \/>\nUniversit\u00e4t Lund | Schweden<\/p>\n<h4>Realisierbarkeit &amp; sozial-\u00f6konomischer Kontext<\/h4>\n<p><b>Anne Lacaton<\/b><br \/>\nLacaton &amp; Vassal | Frankreich<\/p>\n<p><b>Prof. Dr. Guido Spars<\/b><br \/>\nBundesstiftung Bauakademie | Deutschland<\/p>\n<h4>Kommunikation &amp; Bildung<\/h4>\n<p><b>Richard King<br \/>\n<\/b>Gr\u00fcnder des Solar Decathlon | USA<\/p>\n<p><b>Jakob Schoof<br \/>\n<\/b>DETAIL | Deutschland<\/p>\n<p><b>Ass.-Prof. DI Dr.Karin Stieldorf<\/b><br \/>\nTU Wien | \u00d6sterreich<\/p>\n<h4>Nachhaltigkeit<\/h4>\n<p><b>Dr. Anna Braune<\/b><br \/>\nDeutsche Gesellschaft f\u00fcr Nachhaltiges Bauen (DGNB) | Deutschland<\/p>\n<p><b>S\u00f8ren Nielsen<\/b><br \/>\nVandkunsten Architekten | D\u00e4nemark<\/p>\n<h4>Urbane Mobilit\u00e4t<\/h4>\n<p><b>J\u00f6rg Beckmann<\/b><br \/>\nMobilit\u00e4tsakademie | Schweiz<\/p>\n<p><b>Prof. Dr.-Ing. Heather Kaths<\/b><br \/>\nBergische Universit\u00e4t Wuppertal |Deutschland<\/p>\n<p><b>Prof. Dr. John Whitelegg<\/b><br \/>\nUniversity of York | Gro\u00dfbritannien<\/p>\n<p>Zus\u00e4tzlich bewerten die Jurymitglieder gemeinschaftlich in einer siebten Disziplin auch die Innovation der Projekte.<\/p>\n<div id=\"attachment_44061\" class=\"wp-caption alignnone\" style=\"max-width: 659px;\"><img loading=\"lazy\" decoding=\"async\" class=\" wp-image-44061\" src=\"\/wp-content\/uploads\/2021\/12\/Solar-Decathlon-Europe-2019-\u00a9-SDE19-EMI-non-profit-ltd-1024x576.jpeg\" alt=\"\" width=\"649\" height=\"365\" \/><span class=\"wp-caption-text\">Beim Solar Decathlon Europe auf der Zielgeraden &#8211; \u00a9 Solar-Decathlon-Europe-2019-\u00a9-SDE19-EMI-non-profit-ltd<\/span><\/div>\n<h4>\u00d6ffentliche Preisverleihungen als Programm-Highlights<\/h4>\n<p>Die H\u00e4user und das abwechslungsreiche Rahmenprogramm rund um die Themen Klimaschutz, erneuerbare Energien, Baukultur und nachhaltige Architektur k\u00f6nnen kostenfrei vom 10. bis zum 26. Juni erkundet werden. \u201eBesucher*innen erwartet bei dem Event ein Blick in die Zukunft unserer St\u00e4dte\u201c, so Projektdirektor Dr. Daniel Lorberg.<\/p>\n<p>Ein Programm-Highlight sind die Preisverleihungen, die f\u00fcr jede Disziplin \u00f6ffentlich stattfinden. Vor Publikum und Jury werden die Projekte der Teams nach den jeweiligen Kriterien pr\u00e4miert. Am 24. Juni werden das Gewinner*innen-Team sowie die Zweit- und Drittplatzierten des SDE 21\/22 ausgezeichnet.\u00a0\u25cf<\/p>\n<p><a href=\"https:\/\/sde21.eu\/de\/jury\"><b>Mehr Informationen zu den Jurymitgliedern<\/b><\/a><\/p>\n<p><a href=\"https:\/\/sde21.eu\/de\/event\/programme\"><b>Veranstaltungsprogramm<\/b><\/a><\/p>\n<p>&nbsp;<\/p>\n<h4>\u00dcber den Solar Decathlon Europe 21\/22<\/h4>\n<p>Der Solar Decathlon ist ein preisgekr\u00f6nter internationaler Hochschulwettbewerb f\u00fcr nachhaltiges Bauen und Wohnen. Seit zwanzig Jahren begeistert er Millionen Menschen weltweit mit innovativen Geb\u00e4uden und einem hochkar\u00e4tigen Event. Vom 10.-26. Juni 2022 findet das Finale des Solar Decathlon Europe 21\/22 (kurz: SDE 21\/22) in Wuppertal \u2013 und damit erstmals in Deutschland \u2013 statt.<\/p>\n<p>18 internationale Teams aus elf L\u00e4ndern bauen und betreiben solar versorgte H\u00e4user, die zeigen, dass klimafreundliches Bauen und Wohnen architektonisch ansprechend, bezahlbar und sozial vertr\u00e4glich sein.<\/p>\n<p>Veranstaltet und wissenschaftlich begleitet wird der SDE 21\/22 von der Fakult\u00e4t f\u00fcr Architektur und Bauingenieurwesen der Bergischen Universit\u00e4t Wuppertal.<\/p>\n<p>Projektpartner sind das Wuppertal Institut f\u00fcr Klima, Umwelt, Energie GmbH, Utopiastadt gGmbH, Neue Effizienz GmbH, WSW Wuppertaler Stadtwerke GmbH und die Stadt Wuppertal. Das Gro\u00dfprojekt wird vom Bundesministerium f\u00fcr Wirtschaft und Klimaschutz gef\u00f6rdert.<\/p>\n","protected":false},"excerpt":{"rendered":"<p>Die Jury f\u00fcr den Solar Decathlon in Wuppertal steht jetzt fest \u2013 vom Urheber des Wettbewerbs bis zur Preistr\u00e4gerin des \u201eArchitektur-Nobelpreises\u201c. Die internationalen Expertinnen und Experten aus Wissenschaft und Praxis kommen im Juni nach NRW, um die \u00fcberzeugendsten Konzepte f\u00fcr klimafreundliches Bauen und Wohnen in unseren St\u00e4dten auszuzeichnen.<\/p>\n","protected":false},"author":7,"featured_media":0,"comment_status":"open","ping_status":"closed","sticky":false,"template":"","format":"standard","meta":{"footnotes":""},"categories":[27],"tags":[],"class_list":["post-44811","post","type-post","status-publish","format-standard","hentry","category-wissen"],"publishpress_future_action":{"enabled":false,"date":"2026-05-07 15:29:26","action":"change-status","newStatus":"draft","terms":[],"taxonomy":"category","extraData":[]},"publishpress_future_workflow_manual_trigger":{"enabledWorkflows":[]},"_links":{"self":[{"href":"https:\/\/www.die-stadtzeitung.de\/index.php\/wp-json\/wp\/v2\/posts\/44811","targetHints":{"allow":["GET"]}}],"collection":[{"href":"https:\/\/www.die-stadtzeitung.de\/index.php\/wp-json\/wp\/v2\/posts"}],"about":[{"href":"https:\/\/www.die-stadtzeitung.de\/index.php\/wp-json\/wp\/v2\/types\/post"}],"author":[{"embeddable":true,"href":"https:\/\/www.die-stadtzeitung.de\/index.php\/wp-json\/wp\/v2\/users\/7"}],"replies":[{"embeddable":true,"href":"https:\/\/www.die-stadtzeitung.de\/index.php\/wp-json\/wp\/v2\/comments?post=44811"}],"version-history":[{"count":3,"href":"https:\/\/www.die-stadtzeitung.de\/index.php\/wp-json\/wp\/v2\/posts\/44811\/revisions"}],"predecessor-version":[{"id":44815,"href":"https:\/\/www.die-stadtzeitung.de\/index.php\/wp-json\/wp\/v2\/posts\/44811\/revisions\/44815"}],"wp:attachment":[{"href":"https:\/\/www.die-stadtzeitung.de\/index.php\/wp-json\/wp\/v2\/media?parent=44811"}],"wp:term":[{"taxonomy":"category","embeddable":true,"href":"https:\/\/www.die-stadtzeitung.de\/index.php\/wp-json\/wp\/v2\/categories?post=44811"},{"taxonomy":"post_tag","embeddable":true,"href":"https:\/\/www.die-stadtzeitung.de\/index.php\/wp-json\/wp\/v2\/tags?post=44811"}],"curies":[{"name":"wp","href":"https:\/\/api.w.org\/{rel}","templated":true}]}}