{"id":44793,"date":"2022-01-06T13:32:43","date_gmt":"2022-01-06T12:32:43","guid":{"rendered":"https:\/\/www.die-stadtzeitung.de\/?p=44793"},"modified":"2022-01-15T13:51:36","modified_gmt":"2022-01-15T12:51:36","slug":"die-irritation-der-gesellschaft-durch-den-lockdown","status":"publish","type":"post","link":"https:\/\/www.die-stadtzeitung.de\/index.php\/2022\/01\/06\/die-irritation-der-gesellschaft-durch-den-lockdown\/","title":{"rendered":"\u201eDie Irritation der Gesellschaft durch den Lockdown\u201c\u00a0"},"content":{"rendered":"<div id=\"attachment_44796\" class=\"wp-caption alignnone\" style=\"max-width: 1034px;\"><img loading=\"lazy\" decoding=\"async\" class=\"size-large wp-image-44796\" src=\"\/wp-content\/uploads\/2022\/01\/Prof._Ronge-2-1024x761.jpeg\" alt=\"\" width=\"1024\" height=\"761\" \/><span class=\"wp-caption-text\">Prof. Dr. Volker Ronge &#8211; \u00a9 Bergische Universit\u00e4t<\/span><\/div>\n<p>Gemeinsam mit Co-Herausgeber Prof. Dr. Werner Bruns, Institutsleiter des Europa-Instituts f\u00fcr Erfahrung und Management (METIS) an der Rheinischen Fachhochschule K\u00f6ln, begegnet Prof. Ronge dem Thema mit Beitr\u00e4gen aus den Sozialwissenschaften.<\/p>\n<p>Die Neuerscheinung widmet sich dem Verh\u00e4ltnis von Staat und Gesellschaft in Bezug auf Bek\u00e4mpfung der Corona-Pandemie. In verschiedenen Beitr\u00e4gen von Autorinnen und Autoren geht es z. B. um \u201eDemokratie und Grundrechte in Krisen\u201c, \u201eCorona und die stickige Debattenkultur\u201c sowie \u201eCorona-Demonstrationen als Ph\u00e4nomen der Individualisierung \u2013 Eine systemtheoretische Betrachtung der \u201aStra\u00dfe\u2018\u201c.<\/p>\n<p>\u201eDer \u00fcberwunden geglaubte Verordnungsstaat ist zur\u00fcck &#8211; und das nahezu ohne kritische Evaluierung durch Medien oder \u00dcberpr\u00fcfung durch Gerichte. Sogar ein Import-Begriff f\u00fcr das neue Modell wurde erfunden: \u201aLockdown\u2018. Die Politik hat bisher diese, f\u00fcr die kontextualen Folgen der Pandemiebek\u00e4mpfung notwendigen sozialwissenschaftlichen Expertisen vielfach ausgeschaltet. Medien haben sich nur randst\u00e4ndig damit befasst, auf den \u00f6ffentlichen Diskurs hatte das, mit Ausnahme vielleicht der Bildungspolitik, keine echte Bedeutung. Auf diese Weise ist eine Einseitigkeit der Beobachtung und Debatte entstanden, die langfristig problematisch ist\u201c, hei\u00dft es in der Verlagsbeschreibung.<\/p>\n<p>Eine L\u00fccke, die die Herausgeber mit ihrem neuen Werk zu schlie\u00dfen versuchen.&#8220;<\/p>\n<h4>&#8222;Die Irritation der Gesellschaft durch den Lockdown&#8220;<\/h4>\n<p><strong>Volker Ronge uns Werner Bruns<\/strong><\/p>\n<p>Beltz Juventa 2021<\/p>\n<p>ISBN: 978-3-7799-6683-8<\/p>\n<p>224 Seiten &#8211; 24,95 Euro.<\/p>\n<p><a href=\"https:\/\/www.beltz.de\/fachmedien\/sozialpaedagogik_soziale_arbeit\/produkte\/details\/47250-die-irritation-der-gesellschaft-durch-den-lockdown.html\">www.beltz.de<\/a><\/p>\n","protected":false},"excerpt":{"rendered":"<p>Die wirtschaftlichen, sozialisatorischen und kulturellen Effekte der Pandemiepolitik stehen im Mittelpunkt eines neuen Buches von Prof. Dr. Dr. h.c.mult. Volker Ronge. Er war von 1999 bis 2008 Rektor der Bergischen Universit\u00e4t Wuppertal.<\/p>\n","protected":false},"author":7,"featured_media":0,"comment_status":"open","ping_status":"closed","sticky":false,"template":"","format":"standard","meta":{"footnotes":""},"categories":[27],"tags":[],"class_list":["post-44793","post","type-post","status-publish","format-standard","hentry","category-wissen"],"publishpress_future_action":{"enabled":false,"date":"2026-05-07 15:15:03","action":"change-status","newStatus":"draft","terms":[],"taxonomy":"category","extraData":[]},"publishpress_future_workflow_manual_trigger":{"enabledWorkflows":[]},"_links":{"self":[{"href":"https:\/\/www.die-stadtzeitung.de\/index.php\/wp-json\/wp\/v2\/posts\/44793","targetHints":{"allow":["GET"]}}],"collection":[{"href":"https:\/\/www.die-stadtzeitung.de\/index.php\/wp-json\/wp\/v2\/posts"}],"about":[{"href":"https:\/\/www.die-stadtzeitung.de\/index.php\/wp-json\/wp\/v2\/types\/post"}],"author":[{"embeddable":true,"href":"https:\/\/www.die-stadtzeitung.de\/index.php\/wp-json\/wp\/v2\/users\/7"}],"replies":[{"embeddable":true,"href":"https:\/\/www.die-stadtzeitung.de\/index.php\/wp-json\/wp\/v2\/comments?post=44793"}],"version-history":[{"count":3,"href":"https:\/\/www.die-stadtzeitung.de\/index.php\/wp-json\/wp\/v2\/posts\/44793\/revisions"}],"predecessor-version":[{"id":44797,"href":"https:\/\/www.die-stadtzeitung.de\/index.php\/wp-json\/wp\/v2\/posts\/44793\/revisions\/44797"}],"wp:attachment":[{"href":"https:\/\/www.die-stadtzeitung.de\/index.php\/wp-json\/wp\/v2\/media?parent=44793"}],"wp:term":[{"taxonomy":"category","embeddable":true,"href":"https:\/\/www.die-stadtzeitung.de\/index.php\/wp-json\/wp\/v2\/categories?post=44793"},{"taxonomy":"post_tag","embeddable":true,"href":"https:\/\/www.die-stadtzeitung.de\/index.php\/wp-json\/wp\/v2\/tags?post=44793"}],"curies":[{"name":"wp","href":"https:\/\/api.w.org\/{rel}","templated":true}]}}