{"id":44741,"date":"2022-01-04T09:54:40","date_gmt":"2022-01-04T08:54:40","guid":{"rendered":"https:\/\/www.die-stadtzeitung.de\/?p=44741"},"modified":"2022-01-10T13:33:37","modified_gmt":"2022-01-10T12:33:37","slug":"charles-petersohn-funkt-ins-neue-jahr","status":"publish","type":"post","link":"https:\/\/www.die-stadtzeitung.de\/index.php\/2022\/01\/04\/charles-petersohn-funkt-ins-neue-jahr\/","title":{"rendered":"Charles Petersohn &#8222;funkt&#8220; ins neue Jahr"},"content":{"rendered":"<div id=\"attachment_43782\" class=\"wp-caption alignnone\" style=\"max-width: 1034px;\"><img loading=\"lazy\" decoding=\"async\" class=\"size-large wp-image-43782\" src=\"\/wp-content\/uploads\/2021\/11\/charles.petersohn-osswald-fotografie-2-1024x721.jpg\" alt=\"\" width=\"1024\" height=\"721\" \/><span class=\"wp-caption-text\">Musiker &amp; Komponist Charles Petersohn &#8211;\u00a0\u00a9 Bettina Osswald<\/span><\/div>\n<p>Charles Petersohn: &#8222;Mal schauen, was das neue Jahr an \u00dcberraschungen f\u00fcr uns alle bereit h\u00e4lt. \u00a0Mein erster Schritt in 2022 ist vom Mixtape zum Podcast. Wenn man so will, meine erste Radioshow seit &#8222;Moods &amp; Attitudes&#8220; in Radio Wuppertal und einem Gastspiel im LOCH bei &#8218;Radio Reude &#8211; der Radio&#8216;.&#8220;<\/p>\n<p>Anstatt viel zu erz\u00e4hlen, hat er ein paar Interludes gesammelt, geschnitten und selbst gemacht. Alles f\u00fcr den Funk!<\/p>\n<p>&#8222;Machts gut und auf bald. In echt, per Fon, per zoom, per Blitzdings oder sonst wie &#8211;\u00a0Euer Charles&#8220;<\/p>\n<div id=\"attachment_44743\" class=\"wp-caption alignnone\" style=\"max-width: 341px;\"><img loading=\"lazy\" decoding=\"async\" class=\"wp-image-44743\" src=\"\/wp-content\/uploads\/2022\/01\/000-bumpin-nut-cover.jpg\" alt=\"\" width=\"331\" height=\"331\" \/><span class=\"wp-caption-text\">\u00a9 Charles Petersohn<\/span><\/div>\n<p><strong>Hier der Link zum Funk:<\/strong><\/p>\n<p><a href=\"https:\/\/www.mixcloud.com\/charlespetersohn\/funk-radio-bumpin-nut-vol-1\/\">FUNK RADIO BUMPIN NUT<\/a><\/p>\n","protected":false},"excerpt":{"rendered":"<p>Multik\u00fcnstler Charles Petersohn macht im neuen Jahr da weiter, wo er im 2021 aufgeh\u00f6rt hat: Musik, die bewegt und mitrei\u00dft, zu komponieren!. Und er geht sogar einen Schritt weiter: Vom Mixtape hin zum Podcast. Lassen Sie sich \u00fcberraschen!<\/p>\n","protected":false},"author":7,"featured_media":0,"comment_status":"open","ping_status":"closed","sticky":false,"template":"","format":"standard","meta":{"footnotes":""},"categories":[29],"tags":[],"class_list":["post-44741","post","type-post","status-publish","format-standard","hentry","category-kultur"],"publishpress_future_action":{"enabled":false,"date":"2026-05-07 15:28:38","action":"change-status","newStatus":"draft","terms":[],"taxonomy":"category","extraData":[]},"publishpress_future_workflow_manual_trigger":{"enabledWorkflows":[]},"_links":{"self":[{"href":"https:\/\/www.die-stadtzeitung.de\/index.php\/wp-json\/wp\/v2\/posts\/44741","targetHints":{"allow":["GET"]}}],"collection":[{"href":"https:\/\/www.die-stadtzeitung.de\/index.php\/wp-json\/wp\/v2\/posts"}],"about":[{"href":"https:\/\/www.die-stadtzeitung.de\/index.php\/wp-json\/wp\/v2\/types\/post"}],"author":[{"embeddable":true,"href":"https:\/\/www.die-stadtzeitung.de\/index.php\/wp-json\/wp\/v2\/users\/7"}],"replies":[{"embeddable":true,"href":"https:\/\/www.die-stadtzeitung.de\/index.php\/wp-json\/wp\/v2\/comments?post=44741"}],"version-history":[{"count":3,"href":"https:\/\/www.die-stadtzeitung.de\/index.php\/wp-json\/wp\/v2\/posts\/44741\/revisions"}],"predecessor-version":[{"id":44746,"href":"https:\/\/www.die-stadtzeitung.de\/index.php\/wp-json\/wp\/v2\/posts\/44741\/revisions\/44746"}],"wp:attachment":[{"href":"https:\/\/www.die-stadtzeitung.de\/index.php\/wp-json\/wp\/v2\/media?parent=44741"}],"wp:term":[{"taxonomy":"category","embeddable":true,"href":"https:\/\/www.die-stadtzeitung.de\/index.php\/wp-json\/wp\/v2\/categories?post=44741"},{"taxonomy":"post_tag","embeddable":true,"href":"https:\/\/www.die-stadtzeitung.de\/index.php\/wp-json\/wp\/v2\/tags?post=44741"}],"curies":[{"name":"wp","href":"https:\/\/api.w.org\/{rel}","templated":true}]}}