{"id":44631,"date":"2022-01-01T15:13:16","date_gmt":"2022-01-01T14:13:16","guid":{"rendered":"https:\/\/www.die-stadtzeitung.de\/?p=44631"},"modified":"2022-01-23T15:06:42","modified_gmt":"2022-01-23T14:06:42","slug":"200-jahre-sparkasse-wuppertal-festakt-als-live-stream","status":"publish","type":"post","link":"https:\/\/www.die-stadtzeitung.de\/index.php\/2022\/01\/01\/200-jahre-sparkasse-wuppertal-festakt-als-live-stream\/","title":{"rendered":"200 Jahre Sparkasse Wuppertal: Festakt als Live-Stream"},"content":{"rendered":"<div id=\"attachment_45532\" class=\"wp-caption alignnone\" style=\"max-width: 1034px;\"><img loading=\"lazy\" decoding=\"async\" class=\"size-large wp-image-45532\" src=\"\/wp-content\/uploads\/2022\/01\/pressefoto-2020-06-24-vorstand-wiederbestellung-2-1024x746.jpeg\" alt=\"\" width=\"1024\" height=\"746\" \/><span class=\"wp-caption-text\">Der Sparkassen-Vorstand: (v.l.) Axel J\u00fctz, Gunther W\u00f6lfges (Vorstandsvorsitzender) und Patrick Hahne (Stellv. Vorstandsmitglied) &#8211; \u00a9 Foto: Claudia Kempf<\/span><\/div>\n<p>Sehr gute Abschl\u00fcsse in der Wohnungsbaufinanzierung (+ 54 % Steigerung der Neubewilligungen) sowie im Nettoabsatz an Wertpapieren (+ 210 %) und die weiter gestiegene Zahl an Girokonten (+ 1.819 Konten) haben wesentlich dazu beigetragen. Die Sparkasse Wuppertal kann somit weiterhin stabil den Menschen und Unternehmen in Wuppertal zur Seite stehen.<\/p>\n<p>Besonders gefordert war die Sparkasse infolge der Corona-Pandemie und der Hochwasserkatastrophe im Juli, die f\u00fcr Sorgen, N\u00f6te und \u00c4ngste bei den Wuppertalerinnen und Wuppertalern gesorgt haben.<span class=\"Apple-converted-space\">\u00a0<\/span><\/p>\n<p>Unz\u00e4hlige pers\u00f6nliche Gespr\u00e4che wurden gef\u00fchrt und individuelle L\u00f6sungen gefunden. Dar\u00fcber hinaus wurde ein \u201eSofort-Hilfe-Programm\u201c f\u00fcr die Flutopfer angeboten, das den Betroffenen schnell und unb\u00fcrokratisch einen kostenlosen Null-Prozent-Kredit von im Einzelfall bis zu 50.000 Euro bereitstellt, um Nothilfe zu leisten.<span class=\"Apple-converted-space\">\u00a0<\/span><\/p>\n<p>Die Sparkasse betont, dass dieses Programm auch jetzt noch allen offensteht, die auf \u00f6ffentliche Hilfsgelder oder Versicherungsleistungen warten.<span class=\"Apple-converted-space\">\u00a0<\/span><\/p>\n<p>Als Mitglied des Aktionsb\u00fcndnisses Hochwasserhilfe unterst\u00fctzte die Sparkasse von der Flut Betroffene neben eigenen Zuwendungen auch mit \u00fcber die Gemeinschaftsstiftung f\u00fcr Wuppertal eingeworbenen Spenden.<span class=\"Apple-converted-space\">\u00a0<\/span><\/p>\n<p>Dank der gro\u00dfen Spendenfreudigkeit der Wuppertalerinnen und Wuppertaler sowie ortsans\u00e4ssiger Unternehmen konnte so schnell und wirkungsvoll geholfen werden.<span class=\"Apple-converted-space\">\u00a0<\/span><\/p>\n<p>Im Rahmen ihrer Jahrespressekonferenz wagte die Sparkasse insbesondere aber auch den Blick nach vorne. Im Fokus stehen dabei die Themen, die die Menschen in Wuppertal bewegen und bei denen die Sparkasse Wuppertal helfen kann.<span class=\"Apple-converted-space\">\u00a0<\/span><\/p>\n<h4>Die Zukunft des Sparens<span class=\"Apple-converted-space\">\u00a0<\/span><\/h4>\n<p>In Zeiten der Corona-Pandemie hielten die Menschen ihr Geld zusammen. Die Sparquote bewegte sich demnach weiter auf einem historisch hohen Niveau, folglich hielt die Konsumzur\u00fcckhaltung an.<span class=\"Apple-converted-space\">\u00a0<\/span><\/p>\n<p>\u201eWir sehen, dass viele Kundinnen und Kunden ihre Ersparnisse zinslos auf dem Sparbuch oder Tagesgeldkonto liegen haben. Die Zukunft des Sparens sieht jedoch anders aus. Wer am wirtschaftlichen Wachstum teilhaben und sein Verm\u00f6gen geldwert-erhaltend anlegen m\u00f6chte, sollte andere Wege gehen. Genau daf\u00fcr m\u00f6chten wir unsere Kundinnen und Kunden sensibilisieren und konkrete L\u00f6sungen aufzeigen\u201c, erl\u00e4utert der Vorstandsvorsitzende Gunther W\u00f6lfges.<span class=\"Apple-converted-space\">\u00a0<\/span><\/p>\n<div id=\"attachment_27345\" class=\"wp-caption alignnone\" style=\"max-width: 602px;\"><img loading=\"lazy\" decoding=\"async\" class=\"size-full wp-image-27345\" src=\"\/wp-content\/uploads\/2020\/03\/0de919021068ba05d7e04a81835c33de.jpeg\" alt=\"\" width=\"592\" height=\"416\" \/><span class=\"wp-caption-text\">Die Hauptstelle der Wuppertaler Sparkasse &#8211; \u00a9 Sparkasse Wuppertal<\/span><\/div>\n<p>Eine professionelle Verm\u00f6gensverwaltung f\u00fcr alle, die 75.000 Euro oder mehr anlegen m\u00f6chten, wird nach Aussage der Sparkasse bereits sehr gut angenommen.<span class=\"Apple-converted-space\">\u00a0<\/span><\/p>\n<p>Ab dem Fr\u00fchjahr wird das Angebot um eine innovative computergest\u00fctzte Verm\u00f6gensverwaltung ab einer monatlichen Sparrate von nur 10 Euro erweitert. Dabei k\u00f6nnen alle Verm\u00f6gensverwaltungsangebote vollst\u00e4ndig nachhaltig ausgerichtet werden.<span class=\"Apple-converted-space\">\u00a0<\/span><\/p>\n<p>\u201eAls Sparkasse tragen wir \u201aSparen\u2018 bereits im Namen. Das kommt nat\u00fcrlich nicht von ungef\u00e4hr. Gr\u00fcndungsauftrag der Sparkasse 1822 war es, die Armut der Menschen mit Sparen zu \u00fcberwinden und ihnen so zu finanziellem Wohlstand zu verhelfen. Daf\u00fcr waren wir und sind wir heute auch noch da\u201c, beschreibt Vorstandsmitglied Axel J\u00fctz die Sparkassenidee.<span class=\"Apple-converted-space\">\u00a0<\/span><\/p>\n<p>Welche Sparl\u00f6sung am besten zu einem passt, kann man ab dem Fr\u00fchjahr \u00fcbrigens \u00fcber einen Online-Konfigurator, den sogenannten Verm\u00f6gens-Kompass, herausfinden. Diese von der Sparkasse Wuppertal entwickelte Entscheidungshilfe wird sowohl im Internet wie auch in den Filialen zu Verf\u00fcgung stehen.<span class=\"Apple-converted-space\">\u00a0<\/span><\/p>\n<h4>Auf dem Weg in die Immobilie begleiten<span class=\"Apple-converted-space\">\u00a0<\/span><\/h4>\n<p>Auch 2022 versteht es die Sparkasse Wuppertal weiterhin als eine ihrer zentralen Aufgaben, m\u00f6glichst viele Menschen auf ihrem Weg in die eigenen vier W\u00e4nde zu begleiten.<span class=\"Apple-converted-space\">\u00a0<\/span><\/p>\n<p>Neben der ganzheitlichen pers\u00f6nlichen Beratung bietet der S-ImmoPreisfinder Immobilien-Suchenden und Immobilien- Verkaufenden eine fundierte Analyse inklusive einer Richtpreisermittlung f\u00fcr Immobilien an.<span class=\"Apple-converted-space\">\u00a0<\/span><\/p>\n<p>Ferner wird die Sparkasse Wuppertal ihr Engagement im Bereich der energetischen Sanierung<b> <\/b>von Immobilien ausbauen. \u201eDas ist aus zweierlei Aspekten sehr wichtig\u201c, macht das stellv. Vorstandsmitglied Patrick Hahne deutlich. \u201eZum einen gilt es f\u00fcr eine lebenswerte Zukunft die Bestandsimmobilien nachhaltig sowie klima- und ressourcenschonend zu entwickeln. Zum anderen und nicht minder wichtig, um die Werte von Immobilien zu erhalten.\u201c<span class=\"Apple-converted-space\">\u00a0<\/span><\/p>\n<p>Eigent\u00fcmer sollten deshalb handeln, zumal interessante F\u00f6rderprogramme zu Verf\u00fcgung stehen.<span class=\"Apple-converted-space\">\u00a0<\/span><\/p>\n<p><b>Partnerschaftlich an der Seite der mittelst\u00e4ndischen Wirtschaft<span class=\"Apple-converted-space\">\u00a0<\/span><\/b><\/p>\n<p>Viele Unternehmen leiden unter den Auswirkungen der Pandemie, aber auch unter den weltweiten Lieferengp\u00e4ssen. Die Sparkasse Wuppertal wird den Unternehmen auch in diesem Jahr nach Kr\u00e4ften mit Rat und Tat partnerschaftlich zur Seite stehen, um krisenhafte Situationen zu \u00fcberwinden.<span class=\"Apple-converted-space\">\u00a0<\/span><\/p>\n<p>Eine starke und resiliente Wirtschaft ist von gro\u00dfer Bedeutung, um die f\u00fcr das Leben der Menschen vor Ort so wichtigen Arbeitspl\u00e4tze zu sichern bzw. neue zu schaffen.<span class=\"Apple-converted-space\">\u00a0<\/span><\/p>\n<h4>F\u00f6rderung des Gemeinwohls<span class=\"Apple-converted-space\">\u00a0<\/span><\/h4>\n<p>Neben der finanziellen Versorgung ihrer Kunden wird auch in diesem Jahr wieder die St\u00e4rkung der Gemeinschaft vor Ort im Fokus der Sparkassenarbeit stehen. Und das auf vielf\u00e4ltige Weise.<span class=\"Apple-converted-space\">\u00a0<\/span><\/p>\n<div id=\"attachment_18775\" class=\"wp-caption alignnone\" style=\"max-width: 639px;\"><img loading=\"lazy\" decoding=\"async\" class=\" wp-image-18775\" src=\"\/wp-content\/uploads\/2018\/01\/bd1967132b5d3e2de2fb69d035ffdf99.jpg\" alt=\"Foto: Daniel Schmitt\" width=\"629\" height=\"344\" \/><span class=\"wp-caption-text\">Sparkassen-Vorstandsvorsitzender Gunther W\u00f6lfges &#8211; \u00a9 Sparkasse Wuppertal<\/span><\/div>\n<p>Die durch Covid-19 verursachen Einschr\u00e4nkungen des t\u00e4glichen Lebens haben zu einem ver\u00e4nderten Kommunikations- sowie Nutzungsverhalten und damit verbunden zu einer Beschleunigung der Digitalisierung gef\u00fchrt.<span class=\"Apple-converted-space\">\u00a0<\/span><\/p>\n<p>Der Download-Erfolg der Stadt-App \u201eBliggit\u201c<b> <\/b>macht das nur allzu gut deutlich: 32.000 Nutzerinnen und Nutzer nutzen diese App bereits; das innerhalb gut eines Jahres nach dem go-live im November 2020.<span class=\"Apple-converted-space\">\u00a0<\/span><\/p>\n<p>Gemeinsam mit den WSW und in Kooperation mit der Stadt Wuppertal wurde diese App entwickelt, um die Stadtgemeinschaft in all ihren Facetten digital abzubilden und so den analogen Lebensraum mit der digitalen Welt zu verbinden.<span class=\"Apple-converted-space\">\u00a0<\/span><\/p>\n<p>Zudem wurde das umfassende Kundenbindungs-, Rabatt- und Vorteilsprogramm TreueWelt, das die Kundinnen und Kunden der Sparkasse u. a. mit der Gastronomie, dem Einzelhandel und dem Kulturangebot der Stadt zusammenf\u00fchrt, noch bedienerfreundlicher gestaltet.<span class=\"Apple-converted-space\">\u00a0<\/span><\/p>\n<p>Und zum Ende des Jahres wird die TreueWelt als App an den Markt gebracht und dann auch allen Wuppertalerinnen und Wuppertalern zur Verf\u00fcgung stehen.<span class=\"Apple-converted-space\">\u00a0<\/span><\/p>\n<p>Eine Weiterentwicklung wird auch die Gemeinschaftsstiftung f\u00fcr Wuppertal erfahren, die durch das Aktionsb\u00fcndnis Hochwasserhilfe deutlich an Bekanntheit gewonnen hat. Die Stiftung wird zuk\u00fcnftig auch zweckbestimmte Zustiftungen bereits ab 1.000 Euro in kapitalerhaltende Stiftungsfonds und Verbrauchs-Stiftungsfonds erm\u00f6glichen.<span class=\"Apple-converted-space\">\u00a0<\/span><\/p>\n<h4>Nachhaltige Entwicklung voranbringen<span class=\"Apple-converted-space\">\u00a0<\/span><\/h4>\n<p>Das Thema \u201eNachhaltige Entwicklung\u201c ist allgegenw\u00e4rtig. Die Sparkasse Wuppertal will dazu verst\u00e4rkt beitragen. Nach ihrem Gesch\u00e4ftszweck und ihrem \u00f6ffentlichen Auftrag ist die Sparkasse ein auf Nachhaltigkeit angelegtes Unternehmen. Die soziale und \u00f6konomische Nachhaltigkeit sind ihr Gr\u00fcndungsauftrag.<span class=\"Apple-converted-space\">\u00a0<\/span><\/p>\n<p>Die \u00f6kologische Nachhaltigkeit ist in der j\u00fcngeren Vergangenheit als weitere wichtige Dimension f\u00fcr ein zukunftssicheres Leben hinzugekommen.<span class=\"Apple-converted-space\">\u00a0<\/span><\/p>\n<p>F\u00fcr 2022 plant die Sparkasse verschiedene Aktivit\u00e4ten und Ma\u00dfnahmen, um die nachhaltige Entwicklung in Wuppertal voranzubringen. Neben \u00f6ffentlichen Veranstaltungen jeweils f\u00fcr Unternehmen sowie f\u00fcr B\u00fcrgerinnen und B\u00fcrger im Herbst sind verschiedene interne Projekte in Umsetzung, die die Klimabilanz Wuppertals und auch der Sparkasse weiter verbessern sollen. Seit 2020 ist die Sparkasse selbst bereits klimaneutral.<span class=\"Apple-converted-space\">\u00a0<\/span><\/p>\n<h4>200 Jahre Sparkasse Wuppertal<span class=\"Apple-converted-space\">\u00a0<\/span><\/h4>\n<p>Der 200. Geburtstag der Sparkasse Wuppertal soll mit der gesamten Stadt gefeiert werden. Los geht es mit dem Festakt am 5. Januar 2022, dem eigentlichen Geburtstag der Sparkasse.<span class=\"Apple-converted-space\">\u00a0<\/span><\/p>\n<p>Coronabedingt wird dieser in digitaler Form als Live-Stream aus der Stadthalle \u00fcbertragen (Link: <i>www.sparkasse-wuppertal.de\/festakt<\/i>). Ab 19:00 Uhr k\u00f6nnen alle Interessierten ein informatives und unterhaltsames Programm mit musikalischer Begleitung durch das Sinfonie- Orchester erleben.<span class=\"Apple-converted-space\">\u00a0<\/span><\/p>\n<p>\u201eWir sind fest mit unserer Stadt verbunden. Wir waren und sind auch in Zukunft f\u00fcr alle Menschen in Wuppertal da. Wir sind hier\u201c, pr\u00e4sentiert Gunther W\u00f6lfges die Kernbotschaft f\u00fcr das Jubil\u00e4umsjahr.<span class=\"Apple-converted-space\">\u00a0<\/span><\/p>\n<p>Ende Januar wird eine aus einer Forschungsarbeit der Bergischen Universit\u00e4t Wuppertal entstandene Jubil\u00e4umsschrift mit dem Titel \u201e200 Jahre im Dienste einer Idee\u201c erscheinen, in der die wohlstandsstiftende Arbeit der Sparkasse Wuppertal dokumentiert ist. Dieses Buch ist dann im Buchhandel oder \u00fcber die TreueWelt erh\u00e4ltlich.<span class=\"Apple-converted-space\">\u00a0<\/span><\/p>\n","protected":false},"excerpt":{"rendered":"<p>Die Sparkasse Wuppertal hat heute bei ihrer Jahrespressekonferenz eine positive Bilanz f\u00fcr das vergangene Gesch\u00e4ftsjahr gezogen. Trotz der gro\u00dfen Herausforderungen des vergangenen Jahres konnte ein insgesamt zufriedenstellendes Ergebnis erzielt werden.\u00a0Der Fest-Akt zum 200. Geburtstag der Sparkasse Wuppertal wird wegen Covid-19 als Live-Stream aus der Historischen Stadthalle \u00fcbertragen.<\/p>\n","protected":false},"author":7,"featured_media":0,"comment_status":"open","ping_status":"closed","sticky":false,"template":"","format":"standard","meta":{"footnotes":""},"categories":[22],"tags":[],"class_list":["post-44631","post","type-post","status-publish","format-standard","hentry","category-wirtschaft"],"publishpress_future_action":{"enabled":false,"date":"2026-05-08 04:05:31","action":"change-status","newStatus":"draft","terms":[],"taxonomy":"category","extraData":[]},"publishpress_future_workflow_manual_trigger":{"enabledWorkflows":[]},"_links":{"self":[{"href":"https:\/\/www.die-stadtzeitung.de\/index.php\/wp-json\/wp\/v2\/posts\/44631","targetHints":{"allow":["GET"]}}],"collection":[{"href":"https:\/\/www.die-stadtzeitung.de\/index.php\/wp-json\/wp\/v2\/posts"}],"about":[{"href":"https:\/\/www.die-stadtzeitung.de\/index.php\/wp-json\/wp\/v2\/types\/post"}],"author":[{"embeddable":true,"href":"https:\/\/www.die-stadtzeitung.de\/index.php\/wp-json\/wp\/v2\/users\/7"}],"replies":[{"embeddable":true,"href":"https:\/\/www.die-stadtzeitung.de\/index.php\/wp-json\/wp\/v2\/comments?post=44631"}],"version-history":[{"count":4,"href":"https:\/\/www.die-stadtzeitung.de\/index.php\/wp-json\/wp\/v2\/posts\/44631\/revisions"}],"predecessor-version":[{"id":45533,"href":"https:\/\/www.die-stadtzeitung.de\/index.php\/wp-json\/wp\/v2\/posts\/44631\/revisions\/45533"}],"wp:attachment":[{"href":"https:\/\/www.die-stadtzeitung.de\/index.php\/wp-json\/wp\/v2\/media?parent=44631"}],"wp:term":[{"taxonomy":"category","embeddable":true,"href":"https:\/\/www.die-stadtzeitung.de\/index.php\/wp-json\/wp\/v2\/categories?post=44631"},{"taxonomy":"post_tag","embeddable":true,"href":"https:\/\/www.die-stadtzeitung.de\/index.php\/wp-json\/wp\/v2\/tags?post=44631"}],"curies":[{"name":"wp","href":"https:\/\/api.w.org\/{rel}","templated":true}]}}