{"id":44440,"date":"2021-12-21T10:50:57","date_gmt":"2021-12-21T09:50:57","guid":{"rendered":"https:\/\/www.die-stadtzeitung.de\/?p=44440"},"modified":"2021-12-24T10:51:09","modified_gmt":"2021-12-24T09:51:09","slug":"mezzosopranistin-joslyn-rechter-huehner-im-orchestergraben","status":"publish","type":"post","link":"https:\/\/www.die-stadtzeitung.de\/index.php\/2021\/12\/21\/mezzosopranistin-joslyn-rechter-huehner-im-orchestergraben\/","title":{"rendered":"Mezzosopranistin Joslyn Rechter: H\u00fchner im Orchestergraben"},"content":{"rendered":"<div id=\"attachment_44442\" class=\"wp-caption alignnone\" style=\"max-width: 1034px;\"><img loading=\"lazy\" decoding=\"async\" class=\"size-large wp-image-44442\" src=\"\/wp-content\/uploads\/2021\/12\/Joslyn_Rechter_\u00a9_privat-2-1024x780.jpg\" alt=\"\" width=\"1024\" height=\"780\" \/><span class=\"wp-caption-text\">Mezzosopranistin Joslyn Rechter &#8211; \u00a9 privat<\/span><\/div>\n<p>In dieser Spielzeit stand Sie bereits in den Produktionen &#8222;Julius Caesar&#8220; und &#8222;Die Zauberfl\u00f6te&#8220; f\u00fcr die Oper Wuppertal auf der B\u00fchne. Im Gespr\u00e4ch mit Podcastmoderator und Ensemblebass Sebastian Campione erz\u00e4hlt Joslyn Rechter in der sechsten Folge des Opernpodcasts unter anderem von &#8222;Zauberfl\u00f6ten&#8220;-Vorstellungen im australischen Outback.<span class=\"Apple-converted-space\">\u00a0<\/span><\/p>\n<p>Dies war aber bei weitem nicht ihr abenteuerlichstes B\u00fchnenerlebnis: von Pyrotechnik im Auge und Requisitenw\u00fcrfen mit H\u00fchnern im Orchestergraben war viele Aufregendes dabei.<\/p>\n<p>Folge 6 mit Joslyn Rechter ist ab sofort<b> <\/b>auf allen g\u00e4ngigen Podcastplattformen verf\u00fcgbar und unter <a href=\"http:\/\/www.oper-wuppertal.de\/podcasting\">oper-wuppertal.de\/podcasting<\/a>.<\/p>\n<p><b>&#8222;Campiones PodCasting&#8220;<\/b><\/p>\n<p>verf\u00fcgbar auf allen g\u00e4ngigen Podcast-Plattformen:<\/p>\n<p>z.B. Apple Podcasts, Spotify, Deezer, Google Podcasts, Amazon Music und Podimo<\/p>\n<p>Weitere Informationen unter: <a href=\"http:\/\/www.oper-wuppertal.de\/podcasting\">oper-wuppertal.de\/podcasting<\/a><\/p>\n","protected":false},"excerpt":{"rendered":"<p>Die aus Melbourne stammende Mezzosopranistin Joslyn Rechter war langj\u00e4hriges Ensemblemitglied der Wuppertaler B\u00fchnen und sang zwischen 2005 und 2014 \u00fcber 30 Rollen. Mittlerweile ist Sie regelm\u00e4\u00dfig als Gast zu erleben.\u00a0<\/p>\n","protected":false},"author":7,"featured_media":0,"comment_status":"open","ping_status":"closed","sticky":false,"template":"","format":"standard","meta":{"footnotes":""},"categories":[29],"tags":[],"class_list":["post-44440","post","type-post","status-publish","format-standard","hentry","category-kultur"],"publishpress_future_action":{"enabled":false,"date":"2026-05-08 02:34:22","action":"change-status","newStatus":"draft","terms":[],"taxonomy":"category","extraData":[]},"publishpress_future_workflow_manual_trigger":{"enabledWorkflows":[]},"_links":{"self":[{"href":"https:\/\/www.die-stadtzeitung.de\/index.php\/wp-json\/wp\/v2\/posts\/44440","targetHints":{"allow":["GET"]}}],"collection":[{"href":"https:\/\/www.die-stadtzeitung.de\/index.php\/wp-json\/wp\/v2\/posts"}],"about":[{"href":"https:\/\/www.die-stadtzeitung.de\/index.php\/wp-json\/wp\/v2\/types\/post"}],"author":[{"embeddable":true,"href":"https:\/\/www.die-stadtzeitung.de\/index.php\/wp-json\/wp\/v2\/users\/7"}],"replies":[{"embeddable":true,"href":"https:\/\/www.die-stadtzeitung.de\/index.php\/wp-json\/wp\/v2\/comments?post=44440"}],"version-history":[{"count":2,"href":"https:\/\/www.die-stadtzeitung.de\/index.php\/wp-json\/wp\/v2\/posts\/44440\/revisions"}],"predecessor-version":[{"id":44443,"href":"https:\/\/www.die-stadtzeitung.de\/index.php\/wp-json\/wp\/v2\/posts\/44440\/revisions\/44443"}],"wp:attachment":[{"href":"https:\/\/www.die-stadtzeitung.de\/index.php\/wp-json\/wp\/v2\/media?parent=44440"}],"wp:term":[{"taxonomy":"category","embeddable":true,"href":"https:\/\/www.die-stadtzeitung.de\/index.php\/wp-json\/wp\/v2\/categories?post=44440"},{"taxonomy":"post_tag","embeddable":true,"href":"https:\/\/www.die-stadtzeitung.de\/index.php\/wp-json\/wp\/v2\/tags?post=44440"}],"curies":[{"name":"wp","href":"https:\/\/api.w.org\/{rel}","templated":true}]}}