{"id":44190,"date":"2021-12-18T15:23:23","date_gmt":"2021-12-18T14:23:23","guid":{"rendered":"https:\/\/www.die-stadtzeitung.de\/?p=44190"},"modified":"2021-12-20T15:56:11","modified_gmt":"2021-12-20T14:56:11","slug":"tim-und-das-maerchen-von-der-zufriedenheit","status":"publish","type":"post","link":"https:\/\/www.die-stadtzeitung.de\/index.php\/2021\/12\/18\/tim-und-das-maerchen-von-der-zufriedenheit\/","title":{"rendered":"Tim und das M\u00e4rchen von der Zufriedenheit\u00a0"},"content":{"rendered":"<div id=\"attachment_44192\" class=\"wp-caption alignnone\" style=\"max-width: 1034px;\"><img loading=\"lazy\" decoding=\"async\" class=\"wp-image-44192 size-large\" src=\"\/wp-content\/uploads\/2021\/12\/sutter_pr1-2-1024x782.jpeg\" alt=\"\" width=\"1024\" height=\"782\" \/><span class=\"wp-caption-text\">Der Autor Andreas A. Sutter &#8211; \u00a9 privat<\/span><\/div>\n<p>In dem modernen M\u00e4rchen geht es um Tim, einem Jungen, der immer schlechte Laune hat. Niemand kann es ihm recht machen. Die Eltern nicht und schon ghar nicht die Spielkameraden.<span class=\"Apple-converted-space\">\u00a0<\/span><\/p>\n<p>Sein Zimmer ist zu klein, Papas Auto hat die falsche Farbe und sogar sein Kanarienvogel ist ihm l\u00e4stig. Diese st\u00e4ndige Unzufriedenheit belastet den Familienfrieden und Tims Freundschaften massiv.<span class=\"Apple-converted-space\">\u00a0<\/span><\/p>\n<p>Das gipfelt darin, dass der Junge schlie\u00dflich allein zuhause sitzt, w\u00e4hrend andere Kinder gemeinsam Spa\u00df haben. Doch alles \u00e4ndert sich, als eines Nachts ein kleiner Drache in Tims Kinderzimmer Zuflucht vor einem Regenschauer sucht.<span class=\"Apple-converted-space\">\u00a0<\/span><\/p>\n<p>Das sprechende Fabeltier ist auf der Durchreise in ein wunderbares Land. Der Drache fragt Tim, ob er nicht Lust h\u00e4tte, ihn auf seiner Reise zu begleiten. Der Junge l\u00e4sst sich die Chance nicht entgehen, schlie\u00dft sich an und erlebt nicht nur das erhoffte Abenteuer, sondern gewinnt auch eine wertvolle Erkenntnis.<span class=\"Apple-converted-space\">\u00a0<\/span><\/p>\n<h4>Aktuelles Thema im poetischen Gewand<\/h4>\n<p>Mit der Geschichte vom kleinen Tim und seiner Reise zur Zufriedenheit kleidet der Essener Autor Andreas A. Sutter ein wichtiges, aktuelles Thema unserer Zeit in ein poetisches Gewand.<span class=\"Apple-converted-space\">\u00a0<\/span><\/p>\n<p>Da\u00df Kinder Immer mehr und immer das Beste haben wollen, das kennen viele<span class=\"Apple-converted-space\">\u00a0<\/span>Eltern aus eigener leidvoller Erfahrung. Kein Wunder: Dauerbefeuert durch Medien, Werbung und nicht zuletzt das eigene soziale Umfeld werden die Kids schon fr\u00fch<span class=\"Apple-converted-space\">\u00a0 <\/span>auf Konsum und Anspruchsdenken eingeschworen. Eine Attit\u00fcde, die sich im Erwachsenenleben oft fortsetzt.<span class=\"Apple-converted-space\">\u00a0<\/span><\/p>\n<p>Tims ebenso phantastische wie phantasievolle Geschichte regt Kinder (und Erwachsene) dazu an, \u00fcber Konsumzwang und innere Gen\u00fcgsamkeit nachzudenken.<span class=\"Apple-converted-space\">\u00a0<\/span><\/p>\n<p>Das M\u00e4rchen gibt Eltern und Erziehern einen Ansatzpunkt, um gemeinsam mit \u201eechten Tims\u201c die Problematik des Unzufriedenseins zu erkennen und zu hinterfragen. Denn eines ist sicher: Mit Zufriedenheit wird das Leben einfacher, erf\u00fcllter und gl\u00fccklicher.<span class=\"Apple-converted-space\">\u00a0<\/span><\/p>\n<p>Neben dem feinf\u00fchlig-philosophischen Text erwarten den Leser von \u201eTim ist unzufrieden\u201c weitere \u00dcberraschungen. So steuerte kein geringerer als Claus Theo G\u00e4rtner &#8211; der Detektiv Matula aud der ZDF-Serie \u201eEin Fall f\u00fcr zwei\u201c &#8211; ein Vorwort bei.<span class=\"Apple-converted-space\">\u00a0<\/span><\/p>\n<p>Der beliebte Schauspieler erkennt Parallelen zwischen Tim und seiner Paradefigur \u201eMatula\u201c in Bezug auf das \u201eHerausfinden\u201c von Wahrheiten.<\/p>\n<h4>Vorwort von &#8222;Matura&#8220; Claus-Theo G\u00e4rtner<\/h4>\n<p>Au\u00dferdem haben Kinder ihren Anteil an der Buchproduktion. Im Herbst waren Grundsch\u00fcler aus Essen, Beckum und Velbert im Rahmen einer Mal-Aktion eingeladen, Bilder zum M\u00e4rchen beizusteuern &#8211; mit \u00fcberw\u00e4ltigender Resonanz.<span class=\"Apple-converted-space\">\u00a0<\/span><\/p>\n<p>Aus den zahlreichen Einsendungen wurden insgesamt 42 Kinderzeichnungen ausgew\u00e4hlt. Die phantasievollen, bunten Kunstwerke illustrieren nun die Geschichte von Tim und seiner abenteuerlichen Reise.<span class=\"Apple-converted-space\">\u00a0<\/span><\/p>\n<div id=\"attachment_44193\" class=\"wp-caption alignnone\" style=\"max-width: 477px;\"><img loading=\"lazy\" decoding=\"async\" class=\"wp-image-44193\" src=\"\/wp-content\/uploads\/2021\/12\/sutter_pr2-2-800x1024.jpeg\" alt=\"\" width=\"467\" height=\"597\" \/><span class=\"wp-caption-text\">Andreas A. Sutter &#8211; \u00a9 privat<\/span><\/div>\n<p>Andreas A. Sutter, selbst dreifacher Vater, hatte sich bereits als Jugendlicher mit literarischen Kurzformen und Gedichten besch\u00e4ftigt \u2013 Schreib\u00fcbungen, die sp\u00e4ter den Weg zur Songtexter-Karriere markierten. Mit dem M\u00e4rchenbuch betritt der K\u00fcnstler nun ganz neues, kreatives Terrain.<\/p>\n<h4>Dauer-Erfolg beim \u201eDeutschen Rock &amp; Pop Preis\u201c<\/h4>\n<p>Unabh\u00e4ngig von der Ver\u00f6ffentlichung von \u201eTim ist unzufrieden\u201c steigt auch in einem anderen Bereich des Textschaffens von Andreas A. Sutter die Spannung. Die allj\u00e4hrliche Verleihung des \u201eDeutschen Rock &amp; Pop Preis\u201c r\u00fcckt n\u00e4her. Dieser Branchen-Award, ausgelobt von der Deutschen Popstiftung und dem Deutschen Rock &amp; Pop Musikerverband e.V., geht dieses Jahr bereits in die 39. Runde.<\/p>\n<p>In den insgesamt 127 Kategorien sind nicht nur Musiker vertreten. Auch herausragende Leistungen von Protagonisten in Sparten wie Produktion, Komposition und Event werden pr\u00e4miert &#8211; dabei d\u00fcrfen nat\u00fcrlich auch Songtexter nicht fehlen.<span class=\"Apple-converted-space\">\u00a0<\/span><\/p>\n<p>Andreas A. Sutter konnte bereits viermal die Auszeichnung f\u00fcr den besten deutschsprachigen Songtext entgegennehmen. Auch in diesem Jahr setzt er seine Erfolgsserie fort. Vier aktuelle Werke haben es auf die Shortlist geschafft. Die finale Platzierung wird bei der Preisverleihung Ende Dezember 2021 bekanntgegeben.<span class=\"Apple-converted-space\">\u00a0<\/span><\/p>\n<p>Im Rennen sind diesmal die Texte \u201eSind wir beide nochmal dran\u201c und \u201eLiebe ohne Leiden\u201c, zwei Songs, die Liebesbeziehungen unter Aspekten wie dem Sich-auseinander-gelebt-haben beziehungsweise des Scheiterns im Alltag thematisieren.<span class=\"Apple-converted-space\">\u00a0<\/span><\/p>\n<p>Der dritte Beitrag \u201ePr\u00e4destinierte Fehler\u201c muntert dazu auf, zu Fehlern zu stehen und sich nicht davor zu scheuen, welche zu begehen. Letztgenannten Text hatte Sutter f\u00fcr den Mindener Komponisten Bernd Willi Wilcek geschrieben.<span class=\"Apple-converted-space\">\u00a0<\/span><\/p>\n<h4>Ein Song zum M\u00e4rchen<span class=\"Apple-converted-space\">\u00a0<\/span><\/h4>\n<p>Die beiden K\u00fcnstler verbindet reger sch\u00f6pferischer Austausch, der sich beim vierten nominierten Text fortsetzt: \u201eViel zu schwer\u201c entstand als \u201eBegleitmaterial\u201c zum M\u00e4rchen von Tim. Diesmal aus der Perspektive eines Erwachsenen betrachtet, geht es auch hier um das Streben nach Luxus und Konsum \u2013 und die Frage, ob all das Dinge sind, die das Leben wirklich bereichern. Bernd Willi Wilcek schrieb dazu die Musik.<\/p>\n<p><img loading=\"lazy\" decoding=\"async\" class=\"alignnone wp-image-44194\" src=\"\/wp-content\/uploads\/2021\/12\/tim_cover-780x1024.jpeg\" alt=\"\" width=\"347\" height=\"456\" \/><\/p>\n<h4>\u201eTim ist unzufrieden\u201c<\/h4>\n<p><span class=\"Apple-converted-space\">\u00a0<\/span>Andreas A. Sutter<\/p>\n<p>52 Seiten &#8211; 10 \u20ac<\/p>\n<p>ISBN 9783755751779<\/p>\n<p>Books on Demand (BoD)<\/p>\n<p>(https:\/\/www.bod.de\/buchshop\/tim-ist-unzufrieden-andreas-a- sutter-9783755751779), im station\u00e4ren Buchhandel und in Online-Shops erh\u00e4ltlich.<span class=\"Apple-converted-space\">\u00a0<\/span><\/p>\n<p>Mehr \u00fcber Andreas A. Sutter finden Sie unter\u00a0<a href=\"http:\/\/www.was.de\">http:\/\/www.was.de<\/a><\/p>\n","protected":false},"excerpt":{"rendered":"<p>Beim \u201eDeutschen Rock &#038; Pop Preis\u201c r\u00e4umt Andreas A. Sutter seit Jahren kr\u00e4ftig ab und belegt regelm\u00e4ssig einen der vorderen R\u00e4nge in der Kategorie \u201eBester Songtext\u201c. Doch jetzt hofft er, einen neuen Hit zu landen &#8211; als Kinderbuchautor. &#8222;Tim ist unzufrieden&#8220; heisst sein Deb\u00fct-Roman.<\/p>\n","protected":false},"author":7,"featured_media":0,"comment_status":"open","ping_status":"closed","sticky":false,"template":"","format":"standard","meta":{"footnotes":""},"categories":[19],"tags":[],"class_list":["post-44190","post","type-post","status-publish","format-standard","hentry","category-weitblick"],"publishpress_future_action":{"enabled":false,"date":"2026-05-07 15:16:24","action":"change-status","newStatus":"draft","terms":[],"taxonomy":"category","extraData":[]},"publishpress_future_workflow_manual_trigger":{"enabledWorkflows":[]},"_links":{"self":[{"href":"https:\/\/www.die-stadtzeitung.de\/index.php\/wp-json\/wp\/v2\/posts\/44190","targetHints":{"allow":["GET"]}}],"collection":[{"href":"https:\/\/www.die-stadtzeitung.de\/index.php\/wp-json\/wp\/v2\/posts"}],"about":[{"href":"https:\/\/www.die-stadtzeitung.de\/index.php\/wp-json\/wp\/v2\/types\/post"}],"author":[{"embeddable":true,"href":"https:\/\/www.die-stadtzeitung.de\/index.php\/wp-json\/wp\/v2\/users\/7"}],"replies":[{"embeddable":true,"href":"https:\/\/www.die-stadtzeitung.de\/index.php\/wp-json\/wp\/v2\/comments?post=44190"}],"version-history":[{"count":10,"href":"https:\/\/www.die-stadtzeitung.de\/index.php\/wp-json\/wp\/v2\/posts\/44190\/revisions"}],"predecessor-version":[{"id":44204,"href":"https:\/\/www.die-stadtzeitung.de\/index.php\/wp-json\/wp\/v2\/posts\/44190\/revisions\/44204"}],"wp:attachment":[{"href":"https:\/\/www.die-stadtzeitung.de\/index.php\/wp-json\/wp\/v2\/media?parent=44190"}],"wp:term":[{"taxonomy":"category","embeddable":true,"href":"https:\/\/www.die-stadtzeitung.de\/index.php\/wp-json\/wp\/v2\/categories?post=44190"},{"taxonomy":"post_tag","embeddable":true,"href":"https:\/\/www.die-stadtzeitung.de\/index.php\/wp-json\/wp\/v2\/tags?post=44190"}],"curies":[{"name":"wp","href":"https:\/\/api.w.org\/{rel}","templated":true}]}}