{"id":44178,"date":"2021-12-18T10:41:23","date_gmt":"2021-12-18T09:41:23","guid":{"rendered":"https:\/\/www.die-stadtzeitung.de\/?p=44178"},"modified":"2021-12-20T12:13:42","modified_gmt":"2021-12-20T11:13:42","slug":"wenn-es-ohne-bruecke-nicht-mehr-geht","status":"publish","type":"post","link":"https:\/\/www.die-stadtzeitung.de\/index.php\/2021\/12\/18\/wenn-es-ohne-bruecke-nicht-mehr-geht\/","title":{"rendered":"Wenn es ohne Br\u00fccke nicht mehr geht&#8230;"},"content":{"rendered":"<div id=\"attachment_43084\" class=\"wp-caption alignnone\" style=\"max-width: 1034px;\"><img loading=\"lazy\" decoding=\"async\" class=\"size-large wp-image-43084\" src=\"\/wp-content\/uploads\/2021\/11\/Dr_Schulz-2-1024x683.jpg\" alt=\"\" width=\"1024\" height=\"683\" \/><span class=\"wp-caption-text\">Zahnarzt Dr. Detlef Schulz, Autor des Buches &#8222;Der Zahn-Kompass&#8220; &#8211; \u00a9 privat<\/span><\/div>\n<p>Wie lange h\u00e4lt eine Br\u00fccke und welche Arten gibt es? Investieren Sie clever in Ihre langfristige Zahngesundheit! Welche Risiken k\u00f6nnten mit Kronen auftreten?<span class=\"Apple-converted-space\">\u00a0<\/span><\/p>\n<p>Reicht die restliche Zahnsubstanz nicht mehr aus oder droht weiterer Substanzverlust am Zahn, ist die \u00dcberkronung langfristig die haltbarste Versorgung. Diese bew\u00e4hrte Technik kommt in verschiedenen Entwicklungsstufen seit mehr als 90 Jahren zum Einsatz.<span class=\"Apple-converted-space\">\u00a0<\/span><\/p>\n<p>Das Ziel liegt bei allen Ausf\u00fchrungen darin, die Kaukraft so umzulenken, dass der Zahn nicht zersplittern kann. Wenn Sie einmal bewusst darauf achten, welche immensen Kaukr\u00e4fte pro Tag und Zahn zusammenkommen, leuchtet dieser Nutzen auf Anhieb ein.<span class=\"Apple-converted-space\">\u00a0<\/span><\/p>\n<p>Viele Patienten berichten davon, dass Ihre Kronen mehr als 25 Jahre halten. Damals war die Auswahl an Materialien naheliegender Weise noch wesentlich \u00fcberschaubarer. Um Zahnl\u00fccken zu schlie\u00dfen, werden h\u00e4ufig die Nachbarz\u00e4hne gleich mit \u00fcberkront. Auf diese Weise entsteht die bekannte \u201eBr\u00fccke\u201c.<span class=\"Apple-converted-space\">\u00a0<\/span><\/p>\n<p>Die besagten Nachbarz\u00e4hne tragen daraufhin den Fachnamen \u201ePfeilerz\u00e4hne\u201c. Oft wird in diesem Zusammenhang die implantatgetragene Krone als Alternative empfohlen. Lassen Sie sich beraten, welche Erfahrungen Ihre behandelnde Praxis mit dieser Technik gemacht hat und w\u00e4gen Sie alle Argumente gut ab.<span class=\"Apple-converted-space\">\u00a0<\/span><\/p>\n<div id=\"attachment_44256\" class=\"wp-caption alignnone\" style=\"max-width: 594px;\"><img loading=\"lazy\" decoding=\"async\" class=\" wp-image-44256\" src=\"\/wp-content\/uploads\/2021\/12\/08401632-3346-477c-933c-7c8dbb750887.jpg\" alt=\"\" width=\"584\" height=\"457\" \/><span class=\"wp-caption-text\">Eine Auswahl an Kronen und Br\u00fccken &#8211; \u00a9 Dr. Detlef Schulz<\/span><\/div>\n<p>Sind die Pfeilerz\u00e4hne von guter Prognose oder hat schon ein gr\u00f6\u00dferer Knochenabbau im Gebiet des fehlenden Zahnes stattgefunden? So ist diese sehr solide Technik auch aus Sicht der Versicherungen immer noch die erste Wahl.<span class=\"Apple-converted-space\">\u00a0<\/span><\/p>\n<p>Zusammengefasst sind Br\u00fccken ein bew\u00e4hrter, festsitzender und komfortabler Weg um eine Prothese zu vermeiden.<span class=\"Apple-converted-space\">\u00a0<\/span><\/p>\n<p><b>Arten und Kombinationen<span class=\"Apple-converted-space\">\u00a0<\/span><\/b><\/p>\n<p>Aus technischer Sicht unterscheidet man die Kronen und Br\u00fccken- pfeiler aufgrund der Ger\u00fcstkomponenten.<span class=\"Apple-converted-space\">\u00a0<\/span><\/p>\n<p><b>Es gibt:<span class=\"Apple-converted-space\">\u00a0<\/span><\/b><\/p>\n<p>Gold<br \/>\nStahl<br \/>\nZirkon<br \/>\nTitan<br \/>\nVerbundkunststoffe<span class=\"Apple-converted-space\">\u00a0<\/span><\/p>\n<p>Neben dem Ger\u00fcstmaterial ist ein weiteres Unterscheidungsmerkmal die Art der Verblendung. Darunter versteht man die wei\u00dfe Schicht, die von au\u00dfen das Ger\u00fcst umgibt. Neben der Art der Verblendung gibt es auch Unterschiede dahingehend, wie viele Anteile der Krone in Wei\u00df gehalten werden.<span class=\"Apple-converted-space\">\u00a0<\/span><\/p>\n<p><b>Die h\u00e4ufigsten Arten sind:<span class=\"Apple-converted-space\">\u00a0<\/span><\/b><\/p>\n<p>Vollverblendet mit zahnfarbenem Material<br \/>\nTeilverblendet, meist auf der Au\u00dfenseite<br \/>\nKronen auf Implantaten als Unterart der Krone<br \/>\nEine sogenannte 3\u20444-Krone, bei der nicht der ganze Zahn \u00fcberkront wird, aber die Kaufl\u00e4che gesch\u00fctzt werden soll<span class=\"Apple-converted-space\">\u00a0<\/span><\/p>\n<p><b>Die Richtlinien der Krankenkassen<span class=\"Apple-converted-space\">\u00a0<\/span><\/b><\/p>\n<p>Da es in diesem Teil des Kompasses um beachtliche Investitionssummen geht, werde ich hier auf die Besonderheiten des deutschen Versicherungssystems eingehen. Diese sind auf den ersten Blick sehr verwirrend und erscheinen nicht logisch.<span class=\"Apple-converted-space\">\u00a0<\/span><\/p>\n<p>Das ist der Reformfreudigkeit der verschiedenen Gesundheitsminister und den volkswirtschaftlichen Rahmenbedingungen geschuldet.<span class=\"Apple-converted-space\">\u00a0<\/span><\/p>\n<p>Fest steht: Reformen kommen und gehen, wir bleiben. W\u00e4hrend meiner 28j\u00e4hrigen zahn\u00e4rztlichen T\u00e4tigkeit habe ich mehrere gro\u00dfe Reformen in der zahn\u00e4rztlichen Versorgung miterleben d\u00fcrfen. Deren Auswirkungen haben die zahn\u00e4rztlichen Therapiekonzepte f\u00fcr die Patienten teilweise sehr nachhaltig beeinflusst. Viele von Ihnen haben das sicher auch erlebt.<span class=\"Apple-converted-space\">\u00a0<\/span><\/p>\n<p><b>Doch nun zu den Richtlinien:<span class=\"Apple-converted-space\">\u00a0<\/span><\/b><\/p>\n<p>Es darf keine Bezuschussung aus rein \u00e4sthetischen Gr\u00fcnden geben.<span class=\"Apple-converted-space\">\u00a0<\/span><\/p>\n<p>Eventuell wird der sogenannte Heil- und Kostenplan durch einen Gutachter im Auftrag der Kasse gepr\u00fcft. Das ist in Ordnung und dient der Sicherstellung, dass die Richtlinien eingehalten werden. Meist findet das stichpunktartig statt.<span class=\"Apple-converted-space\">\u00a0<\/span><\/p>\n<div id=\"attachment_44257\" class=\"wp-caption alignnone\" style=\"max-width: 607px;\"><img loading=\"lazy\" decoding=\"async\" class=\" wp-image-44257\" src=\"\/wp-content\/uploads\/2021\/12\/7c5f469c-6034-4276-963c-2aed7bafce3e.jpg\" alt=\"\" width=\"597\" height=\"415\" \/><span class=\"wp-caption-text\">Eine Br\u00fccke &#8211; Vorbild f\u00fcr eine Zahnbehandlungsart, die sich bew\u00e4hrt hat &#8211; \u00a9 Dr. Detlef Schulz<\/span><\/div>\n<p>Die Vorgaben der gesetzlichen Krankenkassen schreiben eine ausreichende, zweckm\u00e4\u00dfige und wirtschaftliche Durchf\u00fchrung vor. W\u00e4hlt der Patient eine davon abweichende Therapiealternative, sind die Mehrinvestitionen gesondert auszuweisen. Ihre Praxis kl\u00e4rt Sie dar\u00fcber auf.<span class=\"Apple-converted-space\">\u00a0<\/span><\/p>\n<p>Der Zahn oder die vorhandene Krone sind in der jetzigen Form kari\u00f6s oder in der langfristigen Stabilit\u00e4t gef\u00e4hrdet.<span class=\"Apple-converted-space\">\u00a0<\/span><\/p>\n<p>Ein zeitnaher Vitalit\u00e4tstest \/ K\u00e4ltetest ist vorgeschrieben, um sicherzustellen, dass der Zahnnerv lebt.<span class=\"Apple-converted-space\">\u00a0<\/span><\/p>\n<p>Das aktuelle R\u00f6ntgenbild unterst\u00fctzt die zahn\u00e4rztliche Diagnostik im Kieferknochen.<span class=\"Apple-converted-space\">\u00a0<\/span><\/p>\n<p><b>Was ist noch zu beachten?<span class=\"Apple-converted-space\">\u00a0<\/span><\/b><\/p>\n<p>Es gibt einen sogenannten Festzuschuss f\u00fcr den individuellen Befund. Die tats\u00e4chliche Planung wird davon h\u00e4ufig abweichen. Dieser Gesamtplan wird der Kasse durch den sogenannten Heil- und Kostenplan vorgelegt. Ihr Festzuschuss ist dann auf dem rosafarbenen Formblatt (HKP) vermerkt.<span class=\"Apple-converted-space\">\u00a0<\/span><\/p>\n<p>Anlass f\u00fcr Missverst\u00e4ndnisse bei der Umsetzung ist oft der Platz zum gegen\u00fcberliegenden Zahn in der anderen Kieferh\u00e4lfte. Soll hei\u00dfen, ist die sogenannte Bissh\u00f6he ver\u00e4ndert, kann es vorkommen, dass der zu bearbeitende Zahn aus Gr\u00fcnden der Nervn\u00e4he beim Bohren zu wenig Platz f\u00fcr eine Verblendung hat.<span class=\"Apple-converted-space\">\u00a0<\/span><\/p>\n<p>Deshalb ist die Kaufl\u00e4che eventuell zum Teil metallfarben. Techniker und Zahnarzt tun Ihr M\u00f6glichstes, die zahnfarbenen W\u00fcnsche zu erf\u00fcllen.<span class=\"Apple-converted-space\">\u00a0<\/span><\/p>\n<p>Welche Anforderungen in Funktion und \u00c4sthetik gew\u00fcnscht sind, besprechen Sie mit Ihrem Praxisteam. Es hat h\u00e4ufig einen entschei- denden Einfluss auf das Investitionsvolumen.<span class=\"Apple-converted-space\">\u00a0<\/span><\/p>\n<p><b>Womit wir auch schon bei der Gr\u00f6\u00dfe Ihres zur Verf\u00fcgung stehenden Budgets sind. Ein zentraler Punkt.<span class=\"Apple-converted-space\">\u00a0<\/span><\/b><\/p>\n<p>Machen Sie sich bewusst, dass Sie eine <b>Entscheidung <\/b>f\u00fcr m\u00f6glicherweise 10 bis 20 Jahre treffen.<span class=\"Apple-converted-space\">\u00a0<\/span><\/p>\n<p>Machen Sie sich klar, dass eine weitere Bohrung nach dieser Zeit vielleicht nicht mehr m\u00f6glich ist. Definieren Sie genau, was Ihnen wichtig ist.<span class=\"Apple-converted-space\">\u00a0<\/span><\/p>\n<div id=\"attachment_42904\" class=\"wp-caption alignnone\" style=\"max-width: 323px;\"><img loading=\"lazy\" decoding=\"async\" class=\" wp-image-42904\" src=\"\/wp-content\/uploads\/2021\/10\/DER_ZAHN-KOMPASS.jpg\" alt=\"\" width=\"313\" height=\"442\" \/><span class=\"wp-caption-text\">Das Buch &#8222;Der Zahn-Kompass&#8220;, geschrieben von Dr. Detlef Schulz \u00a9 Dr. Detlef Schulz<\/span><\/div>\n<p>Holen Sie Informationen \u00fcber \u00c4sthetik, Funktion, Langlebigkeit und erprobte Verl\u00e4sslichkeit des Verfahrens ein.<span class=\"Apple-converted-space\">\u00a0<\/span><\/p>\n<p>Stellen Sie sicher, dass es auch in 10 Jahren noch Ersatzteile f\u00fcr eine m\u00f6glicherweise implantatgetragene Krone gibt.<span class=\"Apple-converted-space\">\u00a0<\/span><\/p>\n<p>W\u00e4hlen Sie wenn irgend m\u00f6glich nicht die vermeintlich g\u00fcnstigere Variante, denn \u00c4nderungen sind im Nachhinein aus Zahnscho- nungsgr\u00fcnden kaum m\u00f6glich.<span class=\"Apple-converted-space\">\u00a0<\/span><\/p>\n<p>Wenn Sie verschiedene Angebote einholen, vergleichen Sie genau den Leistungsinhalt. Manchmal werden bei Heil- und Kostenpl\u00e4nen in der Gegen\u00fcberstellung andere Materialien kalkuliert.<span class=\"Apple-converted-space\">\u00a0<\/span><\/p>\n<p>M\u00f6chten Sie Ihren Zahnersatz in einem ausl\u00e4ndischen Labor anfertigen lassen oder legen Sie Wert auf in Deutschland hergestellten Ersatz?<span class=\"Apple-converted-space\">\u00a0<\/span><\/p>\n<p>Lassen Sie sich dar\u00fcber aufkl\u00e4ren, wie lange die Gew\u00e4hrleistung auf den technischen Anteil ist.<span class=\"Apple-converted-space\">\u00a0<\/span><\/p>\n<p>Welche Bedingungen m\u00fcssen bei verl\u00e4ngerter Gew\u00e4hrleistung erf\u00fcllt werden? Was passiert im Einzelnen?<span class=\"Apple-converted-space\">\u00a0<\/span><\/p>\n<p>Die Details der Planung sind auf dem sogenannten Heil- und Kostenplan in Abk\u00fcrzungen verschl\u00fcsselt codiert. Dieser wird der Kasse zur Genehmigung vorgelegt. Die Kasse pr\u00fcft den Antrag auf formelle Stimmigkeit. Die BEMA-Geb\u00fchrenordnung (BEMA steht f\u00fcr \u201eEinheitlicher Bewertungsma\u00dfstab f\u00fcr zahn\u00e4rztliche Leistungen\u201c) regelt die Leistungsbeschreibung f\u00fcr die ausreichend zweckm\u00e4\u00dfige und wirtschaftlichste Basis-Leistung.<span class=\"Apple-converted-space\">\u00a0<\/span><\/p>\n<p>Mehrleistungen f\u00fcr \u00c4sthetik und Materialauswahl werden nach der GOZ (Geb\u00fchrenordnung f\u00fcr Zahn\u00e4rzte) als eine Art Upgrade individuell von der Praxis aus- gewiesen.<span class=\"Apple-converted-space\">\u00a0<\/span><\/p>\n<p><b>Das Video schafft Klarheit<span class=\"Apple-converted-space\">\u00a0<\/span><\/b><\/p>\n<p>Die Pr\u00e4paration eines Zahnes ist ein hochgradig individueller, zum Teil sehr anspruchsvoller, handwerklicher Vorgang. In dem Video werden alle wichtigen Schritte einzeln erkl\u00e4rt. So erhalten Sie die Sicherheit zu wissen, was mit Ihnen passiert.<span class=\"Apple-converted-space\">\u00a0<\/span><\/p>\n<p><b>Der Ablauf im Einzelnen<span class=\"Apple-converted-space\">\u00a0<\/span><\/b><\/p>\n<p>Der Heilkostenplan ist genehmigt.<span class=\"Apple-converted-space\">\u00a0<\/span><\/p>\n<p>Vor dem Arbeitsbeginn wird eine Art Schablone f\u00fcr das Provisorium hergestellt.<span class=\"Apple-converted-space\">\u00a0<\/span><\/p>\n<p>Das Arbeitsgebiet wird bet\u00e4ubt.<span class=\"Apple-converted-space\">\u00a0<\/span><\/p>\n<p>Der Zahn wird entweder vorher oder jetzt im Kern so stabilisiert, dass ein amalgamfreies Fundament gelegt ist. <span class=\"Apple-converted-space\">\u00a0<\/span><\/p>\n<p>Wenn eine Krone vorher vom Zahn entfernt werden soll, wird jetzt vorsichtig mit speziellen Bohrern ein kleiner Schlitz gefr\u00e4st.<span class=\"Apple-converted-space\">\u00a0<\/span><\/p>\n<p>Die Krone wird vorsichtig abgenommen.<br \/>\nDer Zahn kann jetzt nachbearbeitet werden.<br \/>\nEin Abdruck wird erstellt und das Provisorium produziert.<span class=\"Apple-converted-space\">\u00a0<\/span><\/p>\n<p>Mit geeigneten Verfahren wird die Situation im Mund so gespeichert bzw. auf ein Modell \u00fcbertragen, dass in zahntechnischen Ar- beitsschritten weitergearbeitet werden kann.<span class=\"Apple-converted-space\">\u00a0<\/span><\/p>\n<p>Der Abdruck ist im Allgemeinen nicht sehr beliebt und sorgt mindestens f\u00fcr ein ungutes Gef\u00fchl. Die gro\u00dfen, metallenen, mit dem Abdruckmaterial gef\u00fcllten L\u00f6ffel im Mund sorgen h\u00e4ufig f\u00fcr Unwohlsein, Beklemmung und W\u00fcrgereiz.<span class=\"Apple-converted-space\">\u00a0<\/span><\/p>\n<p>Der Abdruck geh\u00f6rt allerdings zu den wichtigsten Arbeitsschritten \u00fcberhaupt und bildet die alleinige Arbeitsgrundlage f\u00fcr den zahntechnischen Teil. Damit ent- scheidet er wesentlich \u00fcber die Qualit\u00e4t der sp\u00e4teren Arbeit.<span class=\"Apple-converted-space\">\u00a0<\/span><\/p>\n<p><b>Doktor Dets Praxistipp: Entlastungstechniken beim Abdruck<span class=\"Apple-converted-space\">\u00a0<\/span><\/b><\/p>\n<p>Heben Sie w\u00e4hrend der Erstellung des Abdrucks die Beine abwechselnd an und legen Sie sie langsam wieder ab. Dr\u00fccken Sie au\u00dferdem mit dem Fingernagel auf den Akkupressurpunkt oberhalb des Kinns in der Furche. Diese einfachen Techniken k\u00f6nnen zu einer deutlichen Entlastung beitragen.<span class=\"Apple-converted-space\">\u00a0<\/span><\/p>\n<p><b>Im Ablauf geht es nun wie folgt weiter &#8230;<span class=\"Apple-converted-space\">\u00a0<\/span><\/b><\/p>\n<p>Zahnfarbenbestimmung<br \/>\nEinsetzen des Provisoriums und Vereinbarung der n\u00e4chsten Schritte Eine Sonderstellung nimmt der optische Abdruck mittels Intraoral-<span class=\"Apple-converted-space\">\u00a0<\/span><\/p>\n<p>scanner ein. Bei dieser Technik \u00fcbernimmt eine optische Ver- messung den analogen Arbeitsablauf. Bei manchen Systemen kann eine Einzelkrone oder kleine Br\u00fccke im gleichen Termin eingesetzt werden.<span class=\"Apple-converted-space\">\u00a0<\/span><\/p>\n<p><b>Abschluss der Arbeit<span class=\"Apple-converted-space\">\u00a0<\/span><\/b><\/p>\n<p>Die Krone oder Br\u00fccke passt und der gef\u00fchlte Eindruck ist optimal. Bissh\u00f6he und Farbe stimmen. Nun kann es sein, dass gr\u00f6\u00dfere Br\u00fccken zur Probe eingesetzt werden.<span class=\"Apple-converted-space\">\u00a0<\/span><\/p>\n<p>Die Umstellung vom Provisorium zur endg\u00fcltigen Krone oder Br\u00fccke geht erfahrungsgem\u00e4\u00df meist sehr gut. Vor dem endg\u00fcltigen Einsetzen werden Zahn, Krone oder Br\u00fccke nochmals gereinigt. Abschlie\u00dfend \u00fcberpr\u00fcft man ein letztes Mal die H\u00f6he und die sensible Bisslage.<span class=\"Apple-converted-space\">\u00a0<\/span><\/p>\n<p><b>Was kann passieren?<span class=\"Apple-converted-space\">\u00a0<\/span><\/b><\/p>\n<p>W\u00e4hrend des Tragens des Provisoriums kann es vorkommen, dass sich der Zement etwas rausw\u00e4scht. L\u00f6st es sich nur leicht, gibt es m\u00f6glicherweise vor\u00fcbergehende Aufbissempfindlichkeiten. Au\u00dferdem m\u00fcssen sich nach dem Beschleifen des Zahnes die Zellforts\u00e4tze der Nervenzellen beruhigen.<span class=\"Apple-converted-space\">\u00a0<\/span><\/p>\n<p>Dies ben\u00f6tigt eine gewisse Zeit, wie alles, was neu in den Mund eingebaut wird, eine Phase der Gew\u00f6hnung erfordert. Mit dem endg\u00fcltigen Zement werden die Ka- n\u00e4lchen versiegelt. Die Empfindlichkeit l\u00e4sst nach. Die Regeneration kann, in Abh\u00e4ngigkeit zum Vorschaden, mehrere Monate dauern.<span class=\"Apple-converted-space\">\u00a0<\/span><\/p>\n<div id=\"attachment_42899\" class=\"wp-caption alignnone\" style=\"max-width: 621px;\"><img loading=\"lazy\" decoding=\"async\" class=\" wp-image-42899\" src=\"\/wp-content\/uploads\/2021\/10\/IMG_4787-2-1024x633.jpeg\" alt=\"\" width=\"611\" height=\"378\" \/><span class=\"wp-caption-text\">Gesundheitscoach Dr. Detlef Schulz bei seiner vielen Vortr\u00e4ge &#8211; \u00a9 privat<\/span><\/div>\n<p><b>Zusammenfassung<span class=\"Apple-converted-space\">\u00a0<\/span><\/b><\/p>\n<p>Ihre Praxis empfiehlt Ihnen eine langfristige Stabilisierung des Zahnes.<span class=\"Apple-converted-space\">\u00a0<\/span><\/p>\n<p>Die Haltbarkeit kann bis zu mehreren Jahrzehnten reichen<span class=\"Apple-converted-space\">\u00a0<\/span><\/p>\n<p>Die Pflege muss sorgf\u00e4ltig erfolgen, da der Rand immer noch in der 93<span class=\"Apple-converted-space\">\u00a0<\/span><\/p>\n<p>Reichweite von Bakterien liegt, die neue Karies verursachen k\u00f6nnen.<span class=\"Apple-converted-space\">\u00a0<\/span><\/p>\n<p>Es gibt unterschiedliche Basismaterialien, die sich in \u00c4sthetik und Substanzverlust beim Bearbeiten des Zahnes unterscheiden.<span class=\"Apple-converted-space\">\u00a0<\/span><\/p>\n<p>Es gibt Voll- und Teilkronen.<span class=\"Apple-converted-space\">\u00a0<\/span><\/p>\n<p>Teilkronen ben\u00f6tigen weniger Substanzabtrag und werden meist aus Gold oder Keramik hergestellt.<span class=\"Apple-converted-space\">\u00a0<\/span><\/p>\n<p>Die gesetzliche und private Krankenversicherung ordnet das Verfahren unter der Rubrik Prothetik ein.<span class=\"Apple-converted-space\">\u00a0<\/span><\/p>\n<p>Br\u00fccken sind Kronen, die durch ein sogenanntes Zwischenglied verbunden werden. Es liegt meist auf dem Zahnfleisch auf und f\u00fchlt sich an, als ob ein echter Zahn dazwischen w\u00e4re. Nach einiger Zeit haben viele Patienten sogar vergessen, dass es sich um einen k\u00fcnstlichen Zahn handelt.<span class=\"Apple-converted-space\">\u00a0<\/span><\/p>\n<p>Im sichtbaren Bereich werden die Kronen oft mit Keramik verblen- det. Dabei ist zu beachten, dass der Platz zum gegen\u00fcberliegenden Zahn ausreichend gro\u00df ist. Sollte das nicht der Fall sein, kann die Verblendung im Laufe der Zeit einfach abplatzen.<span class=\"Apple-converted-space\">\u00a0<\/span><\/p>\n<p>Die Investition liegt oft im vierstelligen Eurobereich oder mehr. Lassen Sie sich ausf\u00fchrlich beraten und vertrauen Sie Ihrer Praxis. Ganz wichtig: Nach dem Spiel ist vor dem Spiel!<span class=\"Apple-converted-space\">\u00a0<\/span><\/p>\n<p>Oft ist man froh, dass alles \u00fcberstanden ist und denkt, da nichts mehr weh tut, sei alles in Ordnung. Fortan l\u00e4sst man die Prophylaxe erneut schleifen und man\u00f6vriert sich selbst der n\u00e4chsten Repara- turbed\u00fcrftigkeit entgegen. W\u00fcrden Sie das bei der Inspektion Ihres Fahrzeugs ebenfalls so machen?<span class=\"Apple-converted-space\">\u00a0<\/span><\/p>\n<p>Lernen Sie aus den Erfahrungen der letzten hundert Jahre der Zahnmedizin, denn die eigenen Z\u00e4hne in gesunden Mundverh\u00e4lt- nissen sind durch nichts zu ersetzen.<span class=\"Apple-converted-space\">\u00a0<\/span><\/p>\n<p>In f\u00fcnf Jahren machen Sie bis zu 1,5 Millionen Kaubewegungen \u2013 das ist gut f\u00fcr die Z\u00e4hne und zur Stabilisierung eines stark besch\u00e4digten Zahnes. Die Kaukraft kann den Zahn nicht zerbrechen lassen. Mangelnde \u201eInspektionen\u201c, blo\u00df weil der Wagen gerade keine Fehlermeldung anzeigt, allerdings schon.<span class=\"Apple-converted-space\">\u00a0<\/span><\/p>\n<p>Gehen Sie mit diesem Wissen gest\u00e4rkt in den n\u00e4chsten Praxistermin. Fragen Sie Ihre Zahn\u00e4rztin oder Ihren Zahnarzt, welche Aspekte in Ihrer speziellen Situation zutreffen.<span class=\"Apple-converted-space\">\u00a0<\/span><\/p>\n<p>Nicht jedes Verfahren eignet sich f\u00fcr jeden Zahn. Womit hat Ihr Behandler die besten Erfahrun- gen gemacht bei Patienten, denen es so \u00e4hnlich geht? Was w\u00fcrde er oder sie in der gleichen Situation bei sich selbst durchf\u00fchren lassen?<span class=\"Apple-converted-space\">\u00a0<\/span><\/p>\n<p>Die Vertragsregelungen der Versicherungen haben sich in den letzten 20 Jahren grundlegend ge\u00e4ndert und werden dies auch in Zukunft tun. Vertrauen Sie also, wenn m\u00f6glich, Ihre Gesundheit nicht versicherungstechnischen oder gesetzlichen Vorgaben an, sondern machen Sie von M\u00f6glichkeiten der aktuellen zahn\u00e4rztli- chen Heilkunst Gebrauch. Sie haben nur den einen K\u00f6rper.<span class=\"Apple-converted-space\">\u00a0<\/span><\/p>\n<p>Gehen Sie kein Risko durch Nichtwissen ein!<br \/>\nDenken Sie an Ihre Mundgesundheit!<br \/>\nNur ein aufgekl\u00e4rter Patient ist ein m\u00fcndiger Patient!<span class=\"Apple-converted-space\">\u00a0<\/span><\/p>\n<p><b>Der Zahn-Kompass hilft Ihnen die Zusammenh\u00e4nge besser zu verstehen und verantwortungsvoll zu entscheiden!<span class=\"Apple-converted-space\">\u00a0<\/span><\/b><\/p>\n<p><b>LINK zur Webseite von Dr. Detlef Schulz<\/b><\/p>\n<p><a href=\"https:\/\/www.zahnheilkunst.de\/\">https:\/\/www.zahnheilkunst.de\/<\/a><\/p>\n","protected":false},"excerpt":{"rendered":"<p>Der Zahnarzt Dr. Detlef Schulz alias Dr. Det. aus Essen sieht sich als Gesundheitscoach, er setzt auf Prophylaxe und will so dem \u00dcbel, Zahn- und Zahnfleisch-Erkrankungen, an die Wurzel gehen. In seinem Buch &#8222;Der Zahn-Kompass&#8220; erkl\u00e4rt er sein Philosophie und spricht die wichtigsten Themen rund um die Z\u00e4hne. In dieser Serien-Folge geht es um Kronen und Br\u00fccken.<\/p>\n","protected":false},"author":7,"featured_media":0,"comment_status":"open","ping_status":"closed","sticky":false,"template":"","format":"standard","meta":{"footnotes":""},"categories":[25],"tags":[],"class_list":["post-44178","post","type-post","status-publish","format-standard","hentry","category-lifestyle"],"publishpress_future_action":{"enabled":false,"date":"2026-05-06 11:39:56","action":"change-status","newStatus":"draft","terms":[],"taxonomy":"category","extraData":[]},"publishpress_future_workflow_manual_trigger":{"enabledWorkflows":[]},"_links":{"self":[{"href":"https:\/\/www.die-stadtzeitung.de\/index.php\/wp-json\/wp\/v2\/posts\/44178","targetHints":{"allow":["GET"]}}],"collection":[{"href":"https:\/\/www.die-stadtzeitung.de\/index.php\/wp-json\/wp\/v2\/posts"}],"about":[{"href":"https:\/\/www.die-stadtzeitung.de\/index.php\/wp-json\/wp\/v2\/types\/post"}],"author":[{"embeddable":true,"href":"https:\/\/www.die-stadtzeitung.de\/index.php\/wp-json\/wp\/v2\/users\/7"}],"replies":[{"embeddable":true,"href":"https:\/\/www.die-stadtzeitung.de\/index.php\/wp-json\/wp\/v2\/comments?post=44178"}],"version-history":[{"count":6,"href":"https:\/\/www.die-stadtzeitung.de\/index.php\/wp-json\/wp\/v2\/posts\/44178\/revisions"}],"predecessor-version":[{"id":44260,"href":"https:\/\/www.die-stadtzeitung.de\/index.php\/wp-json\/wp\/v2\/posts\/44178\/revisions\/44260"}],"wp:attachment":[{"href":"https:\/\/www.die-stadtzeitung.de\/index.php\/wp-json\/wp\/v2\/media?parent=44178"}],"wp:term":[{"taxonomy":"category","embeddable":true,"href":"https:\/\/www.die-stadtzeitung.de\/index.php\/wp-json\/wp\/v2\/categories?post=44178"},{"taxonomy":"post_tag","embeddable":true,"href":"https:\/\/www.die-stadtzeitung.de\/index.php\/wp-json\/wp\/v2\/tags?post=44178"}],"curies":[{"name":"wp","href":"https:\/\/api.w.org\/{rel}","templated":true}]}}