{"id":44054,"date":"2021-12-05T15:09:25","date_gmt":"2021-12-05T14:09:25","guid":{"rendered":"https:\/\/www.die-stadtzeitung.de\/?p=44054"},"modified":"2021-12-12T10:33:34","modified_gmt":"2021-12-12T09:33:34","slug":"tvb-mit-neuer-trainerin-gegen-nord-harrislee","status":"publish","type":"post","link":"https:\/\/www.die-stadtzeitung.de\/index.php\/2021\/12\/05\/tvb-mit-neuer-trainerin-gegen-nord-harrislee\/","title":{"rendered":"TVB mit neuer Trainerin gegen Nord Harrislee"},"content":{"rendered":"<div id=\"attachment_44056\" class=\"wp-caption alignnone\" style=\"max-width: 1007px;\"><img loading=\"lazy\" decoding=\"async\" class=\" wp-image-44056\" src=\"\/wp-content\/uploads\/2021\/12\/Maja-2.jpg\" alt=\"\" width=\"997\" height=\"819\" \/><span class=\"wp-caption-text\">Maja Zrnec, die neue Trainerin des TVB &#8211; \u00a9 TVB Wuppertal<\/span><\/div>\n<p>Die 33-j\u00e4hrige ehemalige Bundesliga- und Nationalspielerin hat bereits am Mittwoch die sportliche Leitung beim TVB \u00fcbernommen und wird somit auch am Samstag die Handballgirls gegen den TSV Nord Harrislee coachen.<span class=\"Apple-converted-space\">\u00a0<\/span><\/p>\n<p>TVB-Chef Norbert Koch berichtet: \u201eEs war \u00fcberaus schwierig in der aktuellen Phase der Saison, \u00fcberhaupt m\u00f6gliche Kandidaten zu finden. Maja wurde uns von Trierer Seite empfohlen und wir waren uns recht schnell einig.\u201c<\/p>\n<p>Ob gegen den Tabellen-Siebten aus Schleswig-Holstein der Knoten platzt, kann die neue Trainerin in dieser kurzen Vorbereitungszeit sicherlich kaum beeinflussen. Dennoch erhofft man sich beim TVB zumindest eine Trotzreaktion auf die schwache Vorstellung beim Derby gegen Lintfort.<span class=\"Apple-converted-space\">\u00a0<\/span><\/p>\n<p>Dabei werden wohl auch Hanna Wagner und Nika Matav\u0161 nach ihren verletzungsbedingten Pausen wieder mit dabei sein \u2013 auf der anderen Seite f\u00e4llt jedoch die gerade erst genesene Katharina Hufschmidt erneut aus. Sie hatte sich im Spiel gegen Lintfort, nach nur wenigen Minuten erneut verletzt.<span class=\"Apple-converted-space\">\u00a0<\/span><\/p>\n<p>Auch Lina Hovenj\u00fcrgen steht aus privaten Gr\u00fcnden am Samstag nicht zur Verf\u00fcgung. Anwurf der Partie gegen die \u201eNordfrauen\u201c ist wie gewohnt um 18:45 Uhr.<span class=\"Apple-converted-space\">\u00a0<\/span><\/p>\n","protected":false},"excerpt":{"rendered":"<p>Der TVB hat rechtzeitig vor dem Heimspiel gegen den TSV Nord Harrislee am Samstag (11.12.) eine Nachfolgerin f\u00fcr den zur\u00fcckgetretenen Dominik Schlechter gefunden. Die Slowenin Maja Zrnec \u00fcbernimmt ab sofort den vakanten Trainerposten beim Wuppertaler Zweitligisten.\u00a0<\/p>\n","protected":false},"author":7,"featured_media":0,"comment_status":"open","ping_status":"closed","sticky":false,"template":"","format":"standard","meta":{"footnotes":""},"categories":[20],"tags":[],"class_list":["post-44054","post","type-post","status-publish","format-standard","hentry","category-sport"],"publishpress_future_action":{"enabled":false,"date":"2026-05-06 11:40:07","action":"change-status","newStatus":"draft","terms":[],"taxonomy":"category","extraData":[]},"publishpress_future_workflow_manual_trigger":{"enabledWorkflows":[]},"_links":{"self":[{"href":"https:\/\/www.die-stadtzeitung.de\/index.php\/wp-json\/wp\/v2\/posts\/44054","targetHints":{"allow":["GET"]}}],"collection":[{"href":"https:\/\/www.die-stadtzeitung.de\/index.php\/wp-json\/wp\/v2\/posts"}],"about":[{"href":"https:\/\/www.die-stadtzeitung.de\/index.php\/wp-json\/wp\/v2\/types\/post"}],"author":[{"embeddable":true,"href":"https:\/\/www.die-stadtzeitung.de\/index.php\/wp-json\/wp\/v2\/users\/7"}],"replies":[{"embeddable":true,"href":"https:\/\/www.die-stadtzeitung.de\/index.php\/wp-json\/wp\/v2\/comments?post=44054"}],"version-history":[{"count":2,"href":"https:\/\/www.die-stadtzeitung.de\/index.php\/wp-json\/wp\/v2\/posts\/44054\/revisions"}],"predecessor-version":[{"id":44057,"href":"https:\/\/www.die-stadtzeitung.de\/index.php\/wp-json\/wp\/v2\/posts\/44054\/revisions\/44057"}],"wp:attachment":[{"href":"https:\/\/www.die-stadtzeitung.de\/index.php\/wp-json\/wp\/v2\/media?parent=44054"}],"wp:term":[{"taxonomy":"category","embeddable":true,"href":"https:\/\/www.die-stadtzeitung.de\/index.php\/wp-json\/wp\/v2\/categories?post=44054"},{"taxonomy":"post_tag","embeddable":true,"href":"https:\/\/www.die-stadtzeitung.de\/index.php\/wp-json\/wp\/v2\/tags?post=44054"}],"curies":[{"name":"wp","href":"https:\/\/api.w.org\/{rel}","templated":true}]}}