{"id":44026,"date":"2021-12-03T17:03:36","date_gmt":"2021-12-03T16:03:36","guid":{"rendered":"https:\/\/www.die-stadtzeitung.de\/?p=44026"},"modified":"2021-12-13T14:35:06","modified_gmt":"2021-12-13T13:35:06","slug":"gunda-gottschall-post-babel-projekt-klingt-aus","status":"publish","type":"post","link":"https:\/\/www.die-stadtzeitung.de\/index.php\/2021\/12\/03\/gunda-gottschall-post-babel-projekt-klingt-aus\/","title":{"rendered":"Gunda Gottschall: &#8222;Post Babel&#8220;-Projekt klingt aus"},"content":{"rendered":"<div id=\"attachment_44027\" class=\"wp-caption alignnone\" style=\"max-width: 1034px;\"><img loading=\"lazy\" decoding=\"async\" class=\"size-large wp-image-44027\" src=\"\/wp-content\/uploads\/2021\/12\/post-babel\u00a9Marc-Strunz-Michels-2-1024x705.jpeg\" alt=\"\" width=\"1024\" height=\"705\" \/><span class=\"wp-caption-text\">Gunda Gottschalk (M.) mit dem &#8222;Post Babel&#8220;-Projekt&#8220; &#8211; \u00a9 Marc Strunz-Michels<\/span><\/div>\n<p>&#8222;Post Babel\u201c greift ein hochaktuelles Thema auf: N\u00e4mlich die Frage, wie in einer globalisierten Welt mit ihren f\u00fcr den einzelnen immer undurchschaubareren komplexen Zusammenh\u00e4ngen Verst\u00e4ndigung \u00fcberhaupt gelingen kann.<span class=\"Apple-converted-space\">\u00a0<\/span><\/p>\n<p>In dem von der Wuppertaler Improvisationsmusikerin Gunda Gottschalk entwickelten Post Babel-Projekt erproben sechs Musikerinnen und Musiker, zwei Schauspieler mit musikalischen Mitteln, was es braucht, damit Verst\u00e4ndigung gelingt.<span class=\"Apple-converted-space\">\u00a0<\/span><\/p>\n<p>Anf\u00e4ngliche Klang- und Sprachverwirrung \u00fcberf\u00fchren sie durch achtsames aufeinander H\u00f6ren und voneinander Lernen in ein strukturiertes, vielstimmiges und reiches Klangerlebnis.<span class=\"Apple-converted-space\">\u00a0<\/span><\/p>\n<p>Durch die Mitwirkung einer Videok\u00fcnstlerin erh\u00e4lt die Suche nach Laut\u00e4u\u00dferung eine zus\u00e4tzliche visuelle Ebene. Die Referenz auf den biblischen Babel-Mythos verweist auf die Aktualit\u00e4t des Themas in wirren Zeiten: Friedliches Zusammenleben und das gemeinsame \u201eBauen\u201c an einer lebenswerten Zukunft lassen sich nur \u00fcber gelungene Kommunikation verwirklichen.<span class=\"Apple-converted-space\">\u00a0<\/span><\/p>\n<p>Das Projekt wurde gef\u00f6rdert durch die Kunststiftung NRW, das Kulturb\u00fcro Wuppertal sowie die Stipendienprogramme des Musikfonds und der Bezirksregierung NRW.<\/p>\n<p>.<span class=\"Apple-converted-space\">\u00a0<\/span><\/p>\n<p><b>TERMINE<\/b><\/p>\n<p><b>08. Januar 2022, 20 Uhr:<\/b> Caf\u00e9 Ada, Wiesenstra\u00dfe 6, Wuppertal<br \/>\nTickets: <a href=\"http:\/\/www.wuppertal-live.de\">www.wuppertal-live.de<\/a>. Eintritt 15 \/ 13 \/ Sch\u00fcler &amp; Studenten 6 Euro.<span class=\"Apple-converted-space\">\u00a0<\/span><\/p>\n<p><b>09. Januar 2022, 11 Uhr: <\/b>Annelise Brost Musikforum Kammermusiksaal, Marienplatz 1, Bochum (Eintritt frei, um Spenden wird gebeten)<\/p>\n<p><b>09. Januar 2022, 20 Uhr: <\/b>Dialograum Kreuzung an St. Helena Bornheimer Stra\u00dfe 130, Bonn<br \/>\nTickets: <a href=\"http:\/\/www.in-situ-art-society.de\">www.in-situ-art-society.de<\/a><\/p>\n","protected":false},"excerpt":{"rendered":"<p>Nach der beeindruckenden Premiere im Skulpturenpark Waldfrieden in Wuppertal ist das von der Wuppertaler Improvisationsmusikerin Gunda Gottschalk entwickelte &#8222;Post Babel&#8220;-Projekt im Januar letztmalig in Wuppertal, Bochum und Bonn zu erleben.\u00a0<\/p>\n","protected":false},"author":7,"featured_media":0,"comment_status":"open","ping_status":"closed","sticky":false,"template":"","format":"standard","meta":{"footnotes":""},"categories":[29],"tags":[],"class_list":["post-44026","post","type-post","status-publish","format-standard","hentry","category-kultur"],"publishpress_future_action":{"enabled":false,"date":"2026-05-06 04:23:43","action":"change-status","newStatus":"draft","terms":[],"taxonomy":"category","extraData":[]},"publishpress_future_workflow_manual_trigger":{"enabledWorkflows":[]},"_links":{"self":[{"href":"https:\/\/www.die-stadtzeitung.de\/index.php\/wp-json\/wp\/v2\/posts\/44026","targetHints":{"allow":["GET"]}}],"collection":[{"href":"https:\/\/www.die-stadtzeitung.de\/index.php\/wp-json\/wp\/v2\/posts"}],"about":[{"href":"https:\/\/www.die-stadtzeitung.de\/index.php\/wp-json\/wp\/v2\/types\/post"}],"author":[{"embeddable":true,"href":"https:\/\/www.die-stadtzeitung.de\/index.php\/wp-json\/wp\/v2\/users\/7"}],"replies":[{"embeddable":true,"href":"https:\/\/www.die-stadtzeitung.de\/index.php\/wp-json\/wp\/v2\/comments?post=44026"}],"version-history":[{"count":1,"href":"https:\/\/www.die-stadtzeitung.de\/index.php\/wp-json\/wp\/v2\/posts\/44026\/revisions"}],"predecessor-version":[{"id":44028,"href":"https:\/\/www.die-stadtzeitung.de\/index.php\/wp-json\/wp\/v2\/posts\/44026\/revisions\/44028"}],"wp:attachment":[{"href":"https:\/\/www.die-stadtzeitung.de\/index.php\/wp-json\/wp\/v2\/media?parent=44026"}],"wp:term":[{"taxonomy":"category","embeddable":true,"href":"https:\/\/www.die-stadtzeitung.de\/index.php\/wp-json\/wp\/v2\/categories?post=44026"},{"taxonomy":"post_tag","embeddable":true,"href":"https:\/\/www.die-stadtzeitung.de\/index.php\/wp-json\/wp\/v2\/tags?post=44026"}],"curies":[{"name":"wp","href":"https:\/\/api.w.org\/{rel}","templated":true}]}}