{"id":43898,"date":"2021-12-04T10:02:31","date_gmt":"2021-12-04T09:02:31","guid":{"rendered":"https:\/\/www.die-stadtzeitung.de\/?p=43898"},"modified":"2021-12-21T09:10:21","modified_gmt":"2021-12-21T08:10:21","slug":"wegen-corona-geschenktuete-statt-heiligabendfeier","status":"publish","type":"post","link":"https:\/\/www.die-stadtzeitung.de\/index.php\/2021\/12\/04\/wegen-corona-geschenktuete-statt-heiligabendfeier\/","title":{"rendered":"Wegen Corona: Geschenkt\u00fcte statt Heiligabendfeier"},"content":{"rendered":"<div id=\"attachment_44358\" class=\"wp-caption alignnone\" style=\"max-width: 1034px;\"><img loading=\"lazy\" decoding=\"async\" class=\"size-large wp-image-44358\" src=\"\/wp-content\/uploads\/2021\/12\/20211124_184058-2-1024x718.jpg\" alt=\"\" width=\"1024\" height=\"718\" \/><span class=\"wp-caption-text\">Obdachlose m\u00fcssen auch in diesem Jahr auf ihre Heiligabendfeier in der Historischen Stadthalle verzichten &#8211; \u00a9 Achim Otto<\/span><\/div>\n<p>Dabei steht die komplette Planung des Caritasverbandes, der Diakonie und des CVJM f\u00fcr eine weihnachtliche Veranstaltung mit 600 Menschen. &#8222;Die Durchf\u00fchrung einer solch gro\u00dfen Veranstaltung ist derzeit nicht verantwortbar. Wir sehen uns hier in der F\u00fcrsorgepflicht sowohl f\u00fcr die G\u00e4ste als auch f\u00fcr die ehrenamtlichen Helferinnen und Helfer, f\u00fcr die Autofahrerinnen und Autofahrer. F\u00fcr diese Entscheidung bitten wir die Wuppertalerinnen und Wuppertaler um Verst\u00e4ndnis&#8220;, erkl\u00e4ren die Initiatoren schweren Herzens.<span class=\"Apple-converted-space\">\u00a0<\/span><\/p>\n<p>Als Trostflaster lassen die Veranstalter die \u201eT\u00fcten-Engel-Aktion\u201c aufleben. Bereits im vergangenen Jahr hatten viele hundert Wuppertalerinnen und Wuppertaler mit einer Gabent\u00fcte einsame und alleinstehende Menschen beschenkt.<span class=\"Apple-converted-space\">\u00a0<\/span><\/p>\n<p>Eine T\u00fcte im Wert von circa 15,00 Euro sollte beinhalten:<\/p>\n<p>1 Tafel Schokolade &#8211;\u00a01 Pfund Kaffee<span class=\"Apple-converted-space\">\u00a0&#8211;\u00a0<\/span>1 Packung alkoholfreie Pralinen &#8211;\u00a01 Packung Spekulatius &#8211;\u00a01 Packung Lebkuchen &#8211;<br \/>\n1 Packung Studentenfutter<\/p>\n<p>Zudem freuen sich die Beschenkten \u00fcber einen kleinen, pers\u00f6nlichen Weihnachtsgru\u00df.<span class=\"Apple-converted-space\">\u00a0<\/span><\/p>\n<p>Die Geschenkt\u00fcten k\u00f6nnen noch bis zum 10.12. von 9:00 bis 15 Uhr in der Diakonie Wuppertal, Hofkamp 63 (am Kreisel Kipdorf) abgegeben werden.<\/p>\n<p>Die Verteilung\/Abholung der Geschenkt\u00fcten ist f\u00fcr den Zeitraum vom 13. bis 17.12. geplant.<\/p>\n","protected":false},"excerpt":{"rendered":"<p>Zum zweiten Mal hintereinander muss in diesem Jahr wegen der Corona-Situation die Heiligabendfeier f\u00fcr einsame und obdachlose Menschen in der Historischen Stadthalle ausfallen.<\/p>\n","protected":false},"author":7,"featured_media":0,"comment_status":"open","ping_status":"closed","sticky":false,"template":"","format":"standard","meta":{"footnotes":""},"categories":[24],"tags":[],"class_list":["post-43898","post","type-post","status-publish","format-standard","hentry","category-wuppertal"],"publishpress_future_action":{"enabled":false,"date":"2026-05-06 11:40:20","action":"change-status","newStatus":"draft","terms":[],"taxonomy":"category","extraData":[]},"publishpress_future_workflow_manual_trigger":{"enabledWorkflows":[]},"_links":{"self":[{"href":"https:\/\/www.die-stadtzeitung.de\/index.php\/wp-json\/wp\/v2\/posts\/43898","targetHints":{"allow":["GET"]}}],"collection":[{"href":"https:\/\/www.die-stadtzeitung.de\/index.php\/wp-json\/wp\/v2\/posts"}],"about":[{"href":"https:\/\/www.die-stadtzeitung.de\/index.php\/wp-json\/wp\/v2\/types\/post"}],"author":[{"embeddable":true,"href":"https:\/\/www.die-stadtzeitung.de\/index.php\/wp-json\/wp\/v2\/users\/7"}],"replies":[{"embeddable":true,"href":"https:\/\/www.die-stadtzeitung.de\/index.php\/wp-json\/wp\/v2\/comments?post=43898"}],"version-history":[{"count":3,"href":"https:\/\/www.die-stadtzeitung.de\/index.php\/wp-json\/wp\/v2\/posts\/43898\/revisions"}],"predecessor-version":[{"id":44359,"href":"https:\/\/www.die-stadtzeitung.de\/index.php\/wp-json\/wp\/v2\/posts\/43898\/revisions\/44359"}],"wp:attachment":[{"href":"https:\/\/www.die-stadtzeitung.de\/index.php\/wp-json\/wp\/v2\/media?parent=43898"}],"wp:term":[{"taxonomy":"category","embeddable":true,"href":"https:\/\/www.die-stadtzeitung.de\/index.php\/wp-json\/wp\/v2\/categories?post=43898"},{"taxonomy":"post_tag","embeddable":true,"href":"https:\/\/www.die-stadtzeitung.de\/index.php\/wp-json\/wp\/v2\/tags?post=43898"}],"curies":[{"name":"wp","href":"https:\/\/api.w.org\/{rel}","templated":true}]}}