{"id":43752,"date":"2021-11-25T10:51:50","date_gmt":"2021-11-25T09:51:50","guid":{"rendered":"https:\/\/www.die-stadtzeitung.de\/?p=43752"},"modified":"2021-12-01T10:13:11","modified_gmt":"2021-12-01T09:13:11","slug":"solida-gmbh-bleibt-junior-uni-als-unterstuetzerin-treu","status":"publish","type":"post","link":"https:\/\/www.die-stadtzeitung.de\/index.php\/2021\/11\/25\/solida-gmbh-bleibt-junior-uni-als-unterstuetzerin-treu\/","title":{"rendered":"Solida GmbH bleibt Junior Uni als Unterst\u00fctzerin treu"},"content":{"rendered":"<div class=\"page\" title=\"Page 1\">\n<div class=\"layoutArea\">\n<div class=\"column\">\n<div id=\"attachment_43753\" class=\"wp-caption alignnone\" style=\"max-width: 1034px;\"><img loading=\"lazy\" decoding=\"async\" class=\"size-large wp-image-43753\" src=\"\/wp-content\/uploads\/2021\/11\/Spendenuebergabe_Solida-1024x683.jpg\" alt=\"\" width=\"1024\" height=\"683\" \/><span class=\"wp-caption-text\">Junior Uni-Gesch\u00e4ftsf\u00fchrerin Dr. Annika Spathmann (l.) und Solida- Gesch\u00e4ftsf\u00fchrerin Julia Broy (rechts) bei der Spenden\u00fcbergabe vor der Junior Uni &#8211; \u00a9\u00a0Foto: Junior Uni<\/span><\/div>\n<p>Ende vergangener Woche u\u0308berreichte Solida-Gescha\u0308ftsfu\u0308hrerin Julia Broy den Spendenscheck fu\u0308r das kommende Jahr. \u201eDie vergangenen Monate haben einmal mehr gezeigt, wie wichtig Bildung und Teilhabe fu\u0308r Kinder ist\u201c, begru\u0308ndet Julia Broy die Entscheidung die Junior Uni erneut zu fo\u0308rdern. \u201eKinder sind unsere Zukunft \u2013 ihre Interessen mu\u0308ssen stets vorrangig behandelt werden. Die Junior Uni leistet dazu einen herausragenden Beitrag.\u201c<\/p>\n<p>\u201eDie Fo\u0308rderung durch Solida bedeutet uns sehr viel,\u201c sagt Junior Uni Gescha\u0308ftsfu\u0308hrerin Dr. Annika Spathmann. \u201eOhne die Unterstu\u0308tzung der vielen bergischen Unternehmen wu\u0308rde das Konzept der Junior Uni als gemeinnu\u0308tzige und spendenfinanzierte Einrichtung nicht funktionieren. Deshalb sind wir unseren Unterstu\u0308tzern und Kooperationspartnern sehr dankbar fu\u0308r ihren Einsatz.\u201c<\/p>\n<p>&nbsp;<\/p>\n<\/div>\n<\/div>\n<\/div>\n","protected":false},"excerpt":{"rendered":"<p>Die Remscheider Solida-Werk Werkzeugtechnik GmbH &#038; Co. KG unterst\u00fctzt die Wuppertaler Junior Uni f\u00fcr das bergische Land auch im kommenden Jahr mit einer Spende in H\u00f6he von 10.000 Euro.\u00a0Bereits seit 2019 unterst\u00fctzt die Remscheider Solida-Werk Werkzeugtechnik GmbH &#038; Co. KG die Junior Uni mit einer j\u00e4hrlichen Spende in H\u00f6he von 10.000 Euro.<\/p>\n","protected":false},"author":7,"featured_media":0,"comment_status":"open","ping_status":"closed","sticky":false,"template":"","format":"standard","meta":{"footnotes":""},"categories":[27],"tags":[],"class_list":["post-43752","post","type-post","status-publish","format-standard","hentry","category-wissen"],"publishpress_future_action":{"enabled":false,"date":"2026-05-06 11:39:56","action":"change-status","newStatus":"draft","terms":[],"taxonomy":"category","extraData":[]},"publishpress_future_workflow_manual_trigger":{"enabledWorkflows":[]},"_links":{"self":[{"href":"https:\/\/www.die-stadtzeitung.de\/index.php\/wp-json\/wp\/v2\/posts\/43752","targetHints":{"allow":["GET"]}}],"collection":[{"href":"https:\/\/www.die-stadtzeitung.de\/index.php\/wp-json\/wp\/v2\/posts"}],"about":[{"href":"https:\/\/www.die-stadtzeitung.de\/index.php\/wp-json\/wp\/v2\/types\/post"}],"author":[{"embeddable":true,"href":"https:\/\/www.die-stadtzeitung.de\/index.php\/wp-json\/wp\/v2\/users\/7"}],"replies":[{"embeddable":true,"href":"https:\/\/www.die-stadtzeitung.de\/index.php\/wp-json\/wp\/v2\/comments?post=43752"}],"version-history":[{"count":1,"href":"https:\/\/www.die-stadtzeitung.de\/index.php\/wp-json\/wp\/v2\/posts\/43752\/revisions"}],"predecessor-version":[{"id":43754,"href":"https:\/\/www.die-stadtzeitung.de\/index.php\/wp-json\/wp\/v2\/posts\/43752\/revisions\/43754"}],"wp:attachment":[{"href":"https:\/\/www.die-stadtzeitung.de\/index.php\/wp-json\/wp\/v2\/media?parent=43752"}],"wp:term":[{"taxonomy":"category","embeddable":true,"href":"https:\/\/www.die-stadtzeitung.de\/index.php\/wp-json\/wp\/v2\/categories?post=43752"},{"taxonomy":"post_tag","embeddable":true,"href":"https:\/\/www.die-stadtzeitung.de\/index.php\/wp-json\/wp\/v2\/tags?post=43752"}],"curies":[{"name":"wp","href":"https:\/\/api.w.org\/{rel}","templated":true}]}}