{"id":43719,"date":"2021-11-26T17:27:57","date_gmt":"2021-11-26T16:27:57","guid":{"rendered":"https:\/\/www.die-stadtzeitung.de\/?p=43719"},"modified":"2021-11-27T08:48:16","modified_gmt":"2021-11-27T07:48:16","slug":"friedrich-engels-leuchtet-als-gruenes-ampelmaennchen","status":"publish","type":"post","link":"https:\/\/www.die-stadtzeitung.de\/index.php\/2021\/11\/26\/friedrich-engels-leuchtet-als-gruenes-ampelmaennchen\/","title":{"rendered":"Friedrich Engels leuchtet als gr\u00fcnes Ampelm\u00e4nnchen"},"content":{"rendered":"<div id=\"attachment_43727\" class=\"wp-caption alignnone\" style=\"max-width: 1034px;\"><img loading=\"lazy\" decoding=\"async\" class=\"size-large wp-image-43727\" src=\"\/wp-content\/uploads\/2021\/11\/Wuppertals-Oberbuergermeister-Uwe-Schneidewind-und-das-En-gels-Ampelmannch...-2-1-1024x614.jpg\" alt=\"\" width=\"1024\" height=\"614\" \/><span class=\"wp-caption-text\">Wuppertals Oberb\u00fcrgermeister pr\u00e4sentiert das neue Engels-Ampelm\u00e4nnschen &#8211; \u00a9 Gerd Neumann \/ Stadt Wuppertal<\/span><\/div>\n<p>\u201eIch freue mich, dass anl\u00e4sslich des kurz bevorstehenden Endes des verl\u00e4ngerten Engels-Jahres am 201. Geburtstag von Friedrich Engels am kommenden Sonntag nun das Engels-Ampelm\u00e4nnchen montiert wird. Somit bleibt der ber\u00fchmteste Sohn der Stadt Wuppertal auch \u00fcber das Veranstaltungsjahr hinaus und dauerhaft im Stadtbild sichtbar. Au\u00dferdem f\u00fchrt der Fu\u00dfg\u00e4nger\u00fcberweg direkt zum Engels-Haus. Somit werden Besucherinnen und Besucher des Museums, die mit der Schwebebahn anreisen oder an der Adlerbr\u00fccke parken, in Zukunft vom Engels-Ampelm\u00e4nnchen empfangen\u201c, sagt Wuppertals Oberb\u00fcrgermeister Uwe Schneidewind.<\/p>\n<p>Es werden lediglich die Gr\u00fcnscheiben am Fu\u00dfg\u00e4nger\u00fcberweg zum Engelsgarten mit dem Engels-Konterfei ausgestattet. Hintergrund ist, dass laut den Regeln der Stra\u00dfenverkehrsordnung ein Ampelm\u00e4nnchen eindeutig erkennbar stehen oder schreiten muss.<\/p>\n<div id=\"attachment_43722\" class=\"wp-caption alignnone\" style=\"max-width: 1034px;\"><img loading=\"lazy\" decoding=\"async\" class=\"size-large wp-image-43722\" src=\"\/wp-content\/uploads\/2021\/11\/Engels-Ampelmaennchen_Fotonachweis-Gerd-Neumann-Stadt-W-uppertal-Medienzen...-2-1024x730.jpg\" alt=\"\" width=\"1024\" height=\"730\" \/><span class=\"wp-caption-text\">Das Engels-Ampelm\u00e4nnchen &#8211; \u00a9 Gerd Neumann \/ Stadt Wuppertal<\/span><\/div>\n<p>\u201eDies ist bei dem Engels-Motiv grafisch nicht stra\u00dfenverkehrsordnungskonform umsetzbar gewesen. Daher haben wir uns f\u00fcr diese Variante mit dem Portr\u00e4t des jungen Engels\u2018 \u2013 korrespondierend zum Logo des Veranstaltungsjahres Engels2020 \u2013 entschieden\u201c, erl\u00e4utert Wuppertals Verkehrsdezernent Frank Meyer.<\/p>\n<p>Initialz\u00fcndung f\u00fcr die Umsetzung des Engels-Ampelm\u00e4nnchens war ein B\u00fcrgerantrag aus dem Fr\u00fchjahr 2020. Der Entwurf mit dem Portr\u00e4t des jungen Engels\u2018 stammt von Kommunikationsdesignerin Anne-Katrin Reinl aus dem Medienzentrum der Stadt Wuppertal.<\/p>\n<p>\u201eDie Kosten f\u00fcr die Erstellung der sogenannten Streuscheiben mit Engels-Motiv liegen bei unter 100 Euro\u201c, fasst Rolf-Peter Kalmbach, Abteilungsleiter Stra\u00dfenverkehrstechnik im Ressort Stra\u00dfen und Verkehr bei der Stadt Wuppertal, zusammen.<\/p>\n<div id=\"attachment_43729\" class=\"wp-caption alignnone\" style=\"max-width: 1034px;\"><img loading=\"lazy\" decoding=\"async\" class=\"size-large wp-image-43729\" src=\"\/wp-content\/uploads\/2021\/11\/Wuppertals-Oberbuergermeister-Uwe-Schneidewind-und-das-En-gels-Ampelmannch...-1-1024x681.jpg\" alt=\"\" width=\"1024\" height=\"681\" \/><span class=\"wp-caption-text\">OB Dr. Uwe Schneidewind mit der Engels-Folie, die in die Ampel eingebaut wird &#8211; \u00a9 Gerd Neumann \/ Stadt Wuppertal<\/span><\/div>\n<p>&nbsp;<\/p>\n<p>&nbsp;<\/p>\n","protected":false},"excerpt":{"rendered":"<p>\u201eBei Rot\u00a0bleib stehen, bei Gr\u00fcn kannst du gehen. Bei Gelb gib acht, so wird`s gemacht\u201c: Bei dieser Verkehrsregel hilft ab sofort das Engels-Ampelm\u00e4nnchen. Zu sehen gibt es das au\u00dfergew\u00f6hnliche Motiv am Fu\u00dfg\u00e4nger\u00fcberweg zum Engelsgarten (Friedrich-Engels-Allee in H\u00f6he der Engelsstra\u00dfe) \u2013 in unmittelbarer Sichtweite zum Engels-Haus.<\/p>\n","protected":false},"author":7,"featured_media":0,"comment_status":"open","ping_status":"closed","sticky":false,"template":"","format":"standard","meta":{"footnotes":""},"categories":[24],"tags":[],"class_list":["post-43719","post","type-post","status-publish","format-standard","hentry","category-wuppertal"],"publishpress_future_action":{"enabled":false,"date":"2026-05-10 13:12:39","action":"change-status","newStatus":"draft","terms":[],"taxonomy":"category","extraData":[]},"publishpress_future_workflow_manual_trigger":{"enabledWorkflows":[]},"_links":{"self":[{"href":"https:\/\/www.die-stadtzeitung.de\/index.php\/wp-json\/wp\/v2\/posts\/43719","targetHints":{"allow":["GET"]}}],"collection":[{"href":"https:\/\/www.die-stadtzeitung.de\/index.php\/wp-json\/wp\/v2\/posts"}],"about":[{"href":"https:\/\/www.die-stadtzeitung.de\/index.php\/wp-json\/wp\/v2\/types\/post"}],"author":[{"embeddable":true,"href":"https:\/\/www.die-stadtzeitung.de\/index.php\/wp-json\/wp\/v2\/users\/7"}],"replies":[{"embeddable":true,"href":"https:\/\/www.die-stadtzeitung.de\/index.php\/wp-json\/wp\/v2\/comments?post=43719"}],"version-history":[{"count":7,"href":"https:\/\/www.die-stadtzeitung.de\/index.php\/wp-json\/wp\/v2\/posts\/43719\/revisions"}],"predecessor-version":[{"id":43731,"href":"https:\/\/www.die-stadtzeitung.de\/index.php\/wp-json\/wp\/v2\/posts\/43719\/revisions\/43731"}],"wp:attachment":[{"href":"https:\/\/www.die-stadtzeitung.de\/index.php\/wp-json\/wp\/v2\/media?parent=43719"}],"wp:term":[{"taxonomy":"category","embeddable":true,"href":"https:\/\/www.die-stadtzeitung.de\/index.php\/wp-json\/wp\/v2\/categories?post=43719"},{"taxonomy":"post_tag","embeddable":true,"href":"https:\/\/www.die-stadtzeitung.de\/index.php\/wp-json\/wp\/v2\/tags?post=43719"}],"curies":[{"name":"wp","href":"https:\/\/api.w.org\/{rel}","templated":true}]}}