{"id":43456,"date":"2021-11-14T08:52:47","date_gmt":"2021-11-14T07:52:47","guid":{"rendered":"https:\/\/www.die-stadtzeitung.de\/?p=43456"},"modified":"2022-01-21T06:43:15","modified_gmt":"2022-01-21T05:43:15","slug":"jean-puetz-lassen-sie-sich-unbedingt-impfen","status":"publish","type":"post","link":"https:\/\/www.die-stadtzeitung.de\/index.php\/2021\/11\/14\/jean-puetz-lassen-sie-sich-unbedingt-impfen\/","title":{"rendered":"Jean P\u00fctz: &#8222;Lassen Sie sich unbedingt impfen!&#8220;"},"content":{"rendered":"<div id=\"attachment_45205\" class=\"wp-caption alignnone\" style=\"max-width: 1034px;\"><img loading=\"lazy\" decoding=\"async\" class=\"size-large wp-image-45205\" src=\"\/wp-content\/uploads\/2021\/08\/DSC03935-1024x720.jpg\" alt=\"\" width=\"1024\" height=\"720\" \/><span class=\"wp-caption-text\">Quicklebendig und klug: Jean P\u00fctz &#8211; \u00a9 Susanne Bellenbaum<\/span><\/div>\n<p>&#8222;Warum impfen lassen, wenn die Inzidenz \u00fcber 500 steigt, das hei\u00dft, wenn sich von 100.000 B\u00fcrgern t\u00e4glich \u00fcber 500 infizieren?<\/p>\n<p>Das Problem ist, dass dann die Krankenh\u00e4user, insbesondere die Intensiv-Stationen Gefahr laufen, \u00fcberlastet zu werden und lebensnotwendige Operationen behindern.<span class=\"Apple-converted-space\">\u00a0<\/span><\/p>\n<p>Die Erfahrung in den Kliniken zeigt, dass sich auf den Intensiv-Station bis zu 80 Prozent Patienten befinden, die nicht geimpft waren. Einerseits beweist diese statistische Quote, dass schwere Verl\u00e4ufe der Corona-Erkrankung mit extrem langer Behandlungszeit bis hin zum Tod durch die Impfung mit dem mRNA-Serum von BionTech weitgehend h\u00e4tten verhindert werden k\u00f6nnen, und dass selbst bei Gesundung eine Nachwirkung durch Long-Covid-Syndrom wesentlich schw\u00e4cher ausf\u00e4llt.<\/p>\n<p>Dagegen sind Ungeimpfte gegen\u00fcber den schweren Corona-Verl\u00e4ufen v\u00f6llig ausgeliefert. Deswegen\u00a0 lohnt es sich nicht, auf Impfstoffe mit abget\u00f6teten Viren, die wesentlich mehr Nebenwirkungen erzeugen, oder auf s\u00fcndhaft teure Medikamente, die sich noch n der Entwicklung befinden, zu warten.<\/p>\n<p>Leider werden von Impfgegnern die Impfdurchbr\u00fcche und Nebenwirkungen des mRNA-Serums aufgebauscht. Von vornherein war bekannt, dass selbst der beste Impfstoff nur bei etwas mehr als 90 Prozent der Menschen eine ausreichende Immunisierung bewirkt.<span class=\"Apple-converted-space\">\u00a0<\/span><\/p>\n<p>\u00dcbrig bleiben also ca.1 Prozent, das sind in Deutschland, wenn alle geimpft w\u00e4ren, fast 8.000.000 Menschen. Wenn man annimmt, dass nur 1 Prozent der Bev\u00f6lkerung infiziert wird, dann sind das immer noch 80.000, die selbst mit regelm\u00e4\u00dfiger Impfung erkranken k\u00f6nnen.<\/p>\n<p>Hinzu kommt, dass das heimt\u00fcckische Virus durch die schw\u00e4cher werdende Impfwirkung bereits nach 6 Monaten wieder viel Angriffsfl\u00e4che findet. Umso wichtiger ist die Nachimpfung, bezeichnet mit der neuen Wortsch\u00f6pfung &#8218;Booster-Impfung&#8216;.<span class=\"Apple-converted-space\">\u00a0<\/span><\/p>\n<p>Wenn man das alles in Betracht zieht, ist die verh\u00e4ltnism\u00e4\u00dfig geringe Anzahl der Durchbr\u00fcche verbl\u00fcffend und macht, auf die gro\u00dfe Zahl bezogen, das Impfen noch wertvoller.<\/p>\n<p>Trotzdem\u00a0 nutzen die Verschw\u00f6rungs-Theoretiker diese nach physikalisch-biologischen Gesetzen verst\u00e4ndlichen Nebenwirkungen, um \u00e4ngstliche B\u00fcrger zu verunsichern und den Wert der Impfung generell infrage zu stellen. Da bleibt die Frage, welche Absicht steckt hinter diesen oft auch als Querdenker bezeichneten Aktivisten.<\/p>\n<h4>Shitstorm von 650 Facebook-Followern<\/h4>\n<p>Dazu kann ich eigene Erfahrungen beitragen: Nachdem ich objektiv bei Facebook die technische Methode der Impfstoff-Gewinnung mit selbst hergestellten Grafiken dargestellt habe, bekam ich \u00fcber 750 schriftliche Kommentare meiner Abonnenten.<span class=\"Apple-converted-space\">\u00a0<\/span><\/p>\n<p>Etwa 100 von ihnen lobten mich \u00fcber den gr\u00fcnen Klee und verlangten, ich solle in die Politik eintreten. Doch 650 ergossen einen Shitstorm \u00fcber mich. Was juckt diese Verschw\u00f6rungs-Theoretiker, sich \u00fcberhaupt so zu engagieren.<span class=\"Apple-converted-space\">\u00a0<\/span><\/p>\n<p>Die Auswertung dieser negativen Zuschriften zeigte mir, dass darunter im Schwerpunkt Menschen standen, die die deutsche Demokratie und den Staat generell verabscheuen. Sie sch\u00fcren ganz bewusst \u00c4ngste, um ihre politischen Ziele, die oft in Richtung Faschismus oder Extremismus deuten, gegen jegliche Vernunft erreichen zu k\u00f6nnen. Das &#8218;Rattenf\u00e4nger-von-Hameln-Syndrom&#8216; l\u00e4sst gr\u00fc\u00dfen.<\/p>\n<p>Wenn Sie das selbst pr\u00fcfen wollen,\u00a0f\u00fcge ich hier den Link meines Facebook-Beitrags vom 26.10.2021 bei. Der Beitrag beschreibt, wie es zu dieser Methode gekommen ist:<\/p>\n<p><a href=\"https:\/\/m.facebook.com\/story.php?story_fbid=418193309673443&amp;id=100044483317412\">https:\/\/m.facebook.com\/story.php?story_fbid=418193309673443&amp;id=100044483317412<\/a><\/p>\n<p>Forschende Soziologen finden dort viele Beweise, warum so viele Menschen veranlasst wurden, die Impfung abzulehnen, und warum eine Minderheit besonders in Deutschland verhindert, dass eine Chance besteht, dem Virus mit Mitteln der Vernunft Herr zu werden.<span class=\"Apple-converted-space\">\u00a0<\/span><\/p>\n<p>W\u00e4ren jetzt schon 95 Prozent der B\u00fcrger geimpft, h\u00e4tte die 4. Welle im Herbst 2021 verhindert werden k\u00f6nnen. In L\u00e4ndern wie Portugal und Spanien, in denen der Staat noch eine h\u00f6here Glaubw\u00fcrdigkeit auf die B\u00fcrger ausstrahlt, spricht alles f\u00fcr meine These. Dort hatte die Bewegung der Querdenker kaum eine Chance.<\/p>\n<p>Alle diese meine Beitr\u00e4ge finden Sie auch auf meiner t\u00e4glich aktualisierten Homepage unter dem Button &#8218;Gedanken zur Zeit&#8216;. Dabei weise ich auch auf die spannende Rubrik &#8218;Wissenschaft soeben eingetroffen&#8216; hin, die versucht, neueste Entwicklungen verst\u00e4ndlich darzustellen:<\/p>\n<p><a href=\"http:\/\/www.jean-puetz.net\/gedanken\">www.jean-puetz.net\/gedanken<\/a><\/p>\n<p>Wenn Sie noch mehr wissen m\u00f6chten, das ZDF hat sich mit einem interessanten Beitrag diesem Thema gewidmet &#8211; empfehlenswert!<\/p>\n<p><a href=\"https:\/\/www.zdf.de\/dokumentation\/zdfzeit\/alles-auf-eine-karte---der-wettlauf-um-den-impfstoff-100.html\">https:\/\/www.zdf.de\/dokumentation\/zdfzeit\/alles-auf-eine-karte&#8212;der-wettlauf-um-den-impfstoff-100.html<\/a><\/p>\n<p><strong>Bleiben Sie gesund<\/strong><\/p>\n<p><strong>Ihr Jean P\u00fctz<\/strong><\/p>\n<p>&nbsp;<\/p>\n","protected":false},"excerpt":{"rendered":"<p>Der renommierte Wissenschafts-Journalist und Ex-TV-Moderator (&#8222;WDR-Hobbythek&#8220;) macht sich Sorgen wegen der stagnierenden Zahl von Corona-Impfungen.\u00a0Jean P\u00fctz: &#8222;Es ist wirklich beunruhigend, wie ein Teil der Bev\u00f6lkerung in Deutschland mit den hohen Inzidenzen und der &#8218;4. Corona-Welle&#8216; umgeht.&#8220; Lesen Sie hier seine Analyse.<\/p>\n","protected":false},"author":7,"featured_media":0,"comment_status":"open","ping_status":"closed","sticky":false,"template":"","format":"standard","meta":{"footnotes":""},"categories":[27],"tags":[],"class_list":["post-43456","post","type-post","status-publish","format-standard","hentry","category-wissen"],"publishpress_future_action":{"enabled":false,"date":"2026-05-07 06:55:57","action":"change-status","newStatus":"draft","terms":[],"taxonomy":"category","extraData":[]},"publishpress_future_workflow_manual_trigger":{"enabledWorkflows":[]},"_links":{"self":[{"href":"https:\/\/www.die-stadtzeitung.de\/index.php\/wp-json\/wp\/v2\/posts\/43456","targetHints":{"allow":["GET"]}}],"collection":[{"href":"https:\/\/www.die-stadtzeitung.de\/index.php\/wp-json\/wp\/v2\/posts"}],"about":[{"href":"https:\/\/www.die-stadtzeitung.de\/index.php\/wp-json\/wp\/v2\/types\/post"}],"author":[{"embeddable":true,"href":"https:\/\/www.die-stadtzeitung.de\/index.php\/wp-json\/wp\/v2\/users\/7"}],"replies":[{"embeddable":true,"href":"https:\/\/www.die-stadtzeitung.de\/index.php\/wp-json\/wp\/v2\/comments?post=43456"}],"version-history":[{"count":7,"href":"https:\/\/www.die-stadtzeitung.de\/index.php\/wp-json\/wp\/v2\/posts\/43456\/revisions"}],"predecessor-version":[{"id":45253,"href":"https:\/\/www.die-stadtzeitung.de\/index.php\/wp-json\/wp\/v2\/posts\/43456\/revisions\/45253"}],"wp:attachment":[{"href":"https:\/\/www.die-stadtzeitung.de\/index.php\/wp-json\/wp\/v2\/media?parent=43456"}],"wp:term":[{"taxonomy":"category","embeddable":true,"href":"https:\/\/www.die-stadtzeitung.de\/index.php\/wp-json\/wp\/v2\/categories?post=43456"},{"taxonomy":"post_tag","embeddable":true,"href":"https:\/\/www.die-stadtzeitung.de\/index.php\/wp-json\/wp\/v2\/tags?post=43456"}],"curies":[{"name":"wp","href":"https:\/\/api.w.org\/{rel}","templated":true}]}}