{"id":43383,"date":"2021-11-10T10:13:54","date_gmt":"2021-11-10T09:13:54","guid":{"rendered":"https:\/\/www.die-stadtzeitung.de\/?p=43383"},"modified":"2022-01-23T13:51:27","modified_gmt":"2022-01-23T12:51:27","slug":"bhc-niederlage-in-balingen-nationalspieler-gewonnen","status":"publish","type":"post","link":"https:\/\/www.die-stadtzeitung.de\/index.php\/2021\/11\/10\/bhc-niederlage-in-balingen-nationalspieler-gewonnen\/","title":{"rendered":"BHC: Niederlage in Balingen &#8211; Nationalspieler gewonnen"},"content":{"rendered":"<div id=\"attachment_45177\" class=\"wp-caption alignnone\" style=\"max-width: 1013px;\"><img loading=\"lazy\" decoding=\"async\" class=\"size-full wp-image-45177\" src=\"\/wp-content\/uploads\/2022\/01\/210902_eh_Autogrammkarte_Schmidt-2.jpeg\" alt=\"\" width=\"1003\" height=\"895\" \/><span class=\"wp-caption-text\">BHC-R\u00fcckraumspieler Martin Schmidt &#8211; \u00a9 BHC<\/span><\/div>\n<p>Der Bergische HC lief bei HBW Balingen-Weilstetten lange einem R\u00fcckstand hinterher. Die L\u00f6wen bekamen das Konterspiel der Gastgeber oft nicht gestoppt und waren defensiv nicht so stabil wie sonst.<span class=\"Apple-converted-space\">\u00a0<\/span><\/p>\n<p>Trotzdem hatten sie in den letzten Minuten noch die Chance, das Bundesligaspiel auf den Kopf zu stellen. In der entscheidenden Phase lie\u00dfen die G\u00e4ste aber ihre Gelegenheiten ungenutzt und mussten mit einer 28:30 (15:17)-Niederlage die Heimreise antreten.<span class=\"Apple-converted-space\">\u00a0<\/span><\/p>\n<p>Nach einem guten Start und einer durch Arnor Gunnarsson und Fabian Gutbrod herausgeworfenen 3:1-F\u00fchrung erwischte des den BHC in Form einer Roten Karte. Tom Kare Nikolaisen flog vom Feld, weil er seinen Gegenspieler mit dem Ellenbogen im Gesicht erwischt haben soll &#8211; eine umstrittene Szene, die auch nach Studium der Wiederholungen eher wie ein normaler Zweikampf aussah.<span class=\"Apple-converted-space\">\u00a0<\/span><\/p>\n<p>Da aufgrund der Verletzung von Max Darj offensiv wie defensiv viel Verantwortung auf Nikolaisen lastete, war sein pl\u00f6tzliches Fehlen ein deftiger Schlag ins Kontor. Tom Bergner war damit einziger gelernter Kreisl\u00e4ufer in Reihen des BHC.<span class=\"Apple-converted-space\">\u00a0<\/span><\/p>\n<p>Ein sp\u00fcrbarer Bruch kam danach ins Abwehrspiel der Bergischen. Immer wieder hatten die Balinger im erweiterten Gegensto\u00df Erfolg, und auch im Positionsangriff fehlte den L\u00f6wen oft der Zugriff.<span class=\"Apple-converted-space\">\u00a0<\/span><\/p>\n<p>Die Gastgeber gingen mit 15:10 in F\u00fchrung, gaben den klaren Vorsprung aber noch vor der Pause aus der Hand. Csaba Sz\u00fccs und zwei Mal Gutbrod sorgten f\u00fcr einen 3:0-Lauf, in die Kabinen ging es mit einem 15:17-R\u00fcckstand.<span class=\"Apple-converted-space\">\u00a0<\/span><\/p>\n<h4>Die Wende lag in der Luft<\/h4>\n<p>Die Wende lag in der zweiten H\u00e4lfte mehrere Male in der Luft. Sebastian Damm verk\u00fcrzte per Heber auf ein Tor zum 16:17, Lukas Stutzke gelang das Gleiche nach einem Durchbruch zum 19:20. Die Balinger schafften es aber jeweils, effektiv zu antworten, obwohl auch Christopher Rudeck zwischen den BHC-Pfosten nun den einen oder anderen Ball wegnahm.<span class=\"Apple-converted-space\">\u00a0<\/span><\/p>\n<p>Mario Ruminsky jedoch entsch\u00e4rfte auf HBW-Seite mehr und hatte seinen Anteil daran, dass die G\u00e4ste zun\u00e4chst nicht ausglichen.<span class=\"Apple-converted-space\">\u00a0<\/span><\/p>\n<div id=\"attachment_32696\" class=\"wp-caption alignnone\" style=\"max-width: 1022px;\"><img loading=\"lazy\" decoding=\"async\" class=\"size-full wp-image-32696\" src=\"\/wp-content\/uploads\/2020\/12\/200817_NA_Autogrammkarte_Nikolaisen.jpeg\" alt=\"\" width=\"1012\" height=\"754\" \/><span class=\"wp-caption-text\">Tom Kare Nikolaisen sah die Rote Karte &#8211; eine sehr umstrittene Entscheidung &#8211; \u00a9 BHC 06<\/span><\/div>\n<p>Das \u00e4nderte sich, nachdem Jona Schoch f\u00fcr eine grobe Abwehraktion gegen Simen Sch\u00f6nningsen Rot sah. Die folgende \u00dcberzahl nutzten die L\u00f6wen durch Damm und einen Gunnarsson-Gegensto\u00df zum 26:27. David Schmidt glich mit einer sch\u00f6nen Einzelaktion wenig sp\u00e4ter aus.<span class=\"Apple-converted-space\">\u00a0<\/span><\/p>\n<p>Die Bergischen waren nun endg\u00fcltig am Dr\u00fccker, hatten auch die M\u00f6glichkeit zur F\u00fchrung, kassierten aber ein St\u00fcrmerfoul. Alexander Weck schaffte den letzten Ausgleich beim 28:28, doch in der Folge lie\u00df die Mannschaft auch klarste Gelegenheiten liegen.<span class=\"Apple-converted-space\">\u00a0<\/span><\/p>\n<p>So waren es die Balinger, die sich wenige Sekunden sp\u00e4ter in den Armen lagen und ihren dritten Saisonsieg bejubelten.<span class=\"Apple-converted-space\">\u00a0<\/span><\/p>\n<h4>Stimmen zum Spiel<\/h4>\n<p><b>Sebastian Hinze: <\/b>\u201eWir waren heute nicht gut genug im R\u00fcckzug. Wir geraten zwar auch offensiv in Stress, m\u00fcssen aber insgesamt nicht so viel \u00fcber das Angriffsspiel reden. Wir haben gute Chancen \u00fcber das ganze Spiel. Balingen hat nat\u00fcrlich eine gute Torh\u00fcter-Leistung, aber offensiv war das schon in Ordnung von uns. In der ersten Halbzeit haben wir eine Phase, in der wir den R\u00fcckzug gar nicht hinkriegen &#8211; das tat extrem weh. Wir m\u00fcssen dann lange k\u00e4mpfen, um uns das zur\u00fcckzuholen. Zweite Halbzeit machen wir es besser, aber haben leider weiterhin ein hohes Stresslevel, das man in Balingen nicht haben sollte. Zwei, drei vermeidbare Konter kassieren wir, und unseren eigenen Gegensto\u00df spielen wir nicht klar genug. Um am Schluss die Wende zu schaffen, m\u00fcssen wir die Momente, die Balingen uns gibt, nutzen. Das haben wir leider nicht geschafft. Wir werfen auch in anderen Spielen manchmal freie B\u00e4lle nicht rein, aber die Wirkung war heute durch die defensiven Probleme gr\u00f6\u00dfer.\u201c<span class=\"Apple-converted-space\">\u00a0<\/span><\/p>\n<p><b>Jens B\u00fcrkle: <\/b>\u201eIch kann meiner Mannschaft heute nur ein Riesenkompliment machen. Der Start war zwar etwas schwierig f\u00fcr uns. Wir sind aber dann \u00fcber den Gegensto\u00df ins Laufen gekommen. Beim 27:27 oder 28:28 kann das Spiel kippen und da hat die Mannschaft wirklich, wirklich St\u00e4rke bewiesen.\u201c<\/p>\n<p><b>J\u00f6rg F\u00f6ste: <\/b>\u201eDas ist eine schmerzhafte Niederlage f\u00fcr uns, wir gratulieren aber selbstverst\u00e4ndlich Balingen zum doppelten Punktgewinn. Ungeachtet der zahlreichen Baustellen, die sich vor dem Spiel oder im Laufe der Partie ergeben haben, hatten wir heute die Chance zum Ausw\u00e4rtssieg. Das Momentum beim Stand von 27:27 haben wir aber ungenutzt gelassen.\u201c<span class=\"Apple-converted-space\">\u00a0<\/span><\/p>\n<h4>HBW Balingen-Weilstetten &#8211; Bergischer HC 30:28 (17:15)<\/h4>\n<p><b>HBW Balingen-Weilstetten: <\/b>Ruminsky, Sejr \u2013 Lipovina (8\/1), Huber, Thomann, Ingason (2), Wiederstein, Beciri (4), Munzinger, Schoch (2), Zintel (4), Scott (4), Volz (2), Heinzelmann, Strosack (4). Trainer: Jens B\u00fcrkle<\/p>\n<p><b>Bergischer HC: <\/b>Mrkva, Rudeck \u2013 Boomhouwer, Damm (2), Stutzke (1), Gutbrod (5), Weck (1), Arnesson (4\/2), Sz\u00fccs (2), Nikolaisen, Bergner (3), Schmidt (6), Sch\u00f6nningsen, Gunnarson (4), Hansson. Trainer: Sebastian Hinze<\/p>\n<p><b>Schiedsrichter: <\/b>Nils Bl\u00fcmel und J\u00f6rg Loppaschewski<br \/>\n<b>Siebenmeter: <\/b>1\/1 \u2013 2\/2<br \/>\n<b>Zeitstrafen: <\/b>2 \u2013 1 (Ingason, Schoch \u2013 Arnesson)<br \/>\n<b>Rote Karte: <\/b>Schoch &#8211; Nikolaisen<span class=\"Apple-converted-space\">\u00a0<\/span><\/p>\n<div id=\"attachment_33863\" class=\"wp-caption alignnone\" style=\"max-width: 517px;\"><img loading=\"lazy\" decoding=\"async\" class=\" wp-image-33863\" src=\"\/wp-content\/uploads\/2021\/03\/9f20eac3d624ba3eca48c353ad6da56a-2.jpg\" alt=\"\" width=\"507\" height=\"348\" \/><span class=\"wp-caption-text\">Torh\u00fcter Christopher Rudeck zeichnete sich mehrfach aus &#8211; \u00a9 BHC 06<\/span><\/div>\n<h2>Bergischer HC verpflichtet deutschen Nationalspieler<span class=\"Apple-converted-space\">\u00a0<\/span><\/h2>\n<p>Handball-Erstligist Bergischer HC hat sich die Dienste von Djibril M\u2019Bengue gesichert. Der R\u00fcckraumrechte feierte in der ersten Novemberwoche sein Deb\u00fct f\u00fcr die deutsche Nationalmannschaft und erzielte in den beiden Begegnungen gegen Portugal f\u00fcnf Treffer.<span class=\"Apple-converted-space\">\u00a0<\/span><\/p>\n<p>\u201eMit Djibril gewinnen wir einen wurfstarken Angreifer, der zudem \u00fcber eine hohe Pass-Sicherheit und ein gutes Auge verf\u00fcgt. Seine Deckungsqualit\u00e4t macht ihn zu einem kompletten Spieler\u201c, kommentiert BHC-Gesch\u00e4ftsf\u00fchrer J\u00f6rg F\u00f6ste den Zugang des 29-J\u00e4hrigen geb\u00fcrtigen Schorndorfers.<span class=\"Apple-converted-space\">\u00a0<\/span><\/p>\n<p>Djibril M\u2019Bengue ist in der aktuellen Saison noch f\u00fcr den FC Porto aktiv, mit dem er 2019 und 2021 portugiesischer Meister wurde. 2019 erreichte er mit seinem Team zudem das EHF-Pokal- Halbfinale.<\/p>\n<p>Im laufenden Wettbewerb der EHF-Champions League belegt der FC Porto nach Siegen \u00fcber die SG Flensburg Handewitt und bei Dinamo Bukarest sowie einem Remis gegen den FC Barcelona den f\u00fcnften Platz in der Gruppe B.<span class=\"Apple-converted-space\">\u00a0<\/span><\/p>\n<p>Der ab Sommer 2022 beginnende Kontrakt beim Bergischen HC l\u00e4uft bis zum 30. Juni 2025.<span class=\"Apple-converted-space\">\u00a0<\/span><\/p>\n","protected":false},"excerpt":{"rendered":"<p>Zwei Ausw\u00e4rtsspiele, zweimal knapp verloren. Dabei w\u00e4re nach dem 23:24 (12:15) in Kiel die die 28:30 (15:17)-Niederlage des Bergischen HC bei HBW Balingen-Weilstetten durchaus vermeidbar gewesen. Dennoch kann der BHC einen Erfolg vermelden: Der\u00a0 deutsche Nationalspieler Djibril M\u2019Bengue wurde bis 2025 verpflichtet.<\/p>\n","protected":false},"author":7,"featured_media":0,"comment_status":"open","ping_status":"closed","sticky":false,"template":"","format":"standard","meta":{"footnotes":""},"categories":[20],"tags":[],"class_list":["post-43383","post","type-post","status-publish","format-standard","hentry","category-sport"],"publishpress_future_action":{"enabled":false,"date":"2026-05-06 11:39:57","action":"change-status","newStatus":"draft","terms":[],"taxonomy":"category","extraData":[]},"publishpress_future_workflow_manual_trigger":{"enabledWorkflows":[]},"_links":{"self":[{"href":"https:\/\/www.die-stadtzeitung.de\/index.php\/wp-json\/wp\/v2\/posts\/43383","targetHints":{"allow":["GET"]}}],"collection":[{"href":"https:\/\/www.die-stadtzeitung.de\/index.php\/wp-json\/wp\/v2\/posts"}],"about":[{"href":"https:\/\/www.die-stadtzeitung.de\/index.php\/wp-json\/wp\/v2\/types\/post"}],"author":[{"embeddable":true,"href":"https:\/\/www.die-stadtzeitung.de\/index.php\/wp-json\/wp\/v2\/users\/7"}],"replies":[{"embeddable":true,"href":"https:\/\/www.die-stadtzeitung.de\/index.php\/wp-json\/wp\/v2\/comments?post=43383"}],"version-history":[{"count":5,"href":"https:\/\/www.die-stadtzeitung.de\/index.php\/wp-json\/wp\/v2\/posts\/43383\/revisions"}],"predecessor-version":[{"id":45522,"href":"https:\/\/www.die-stadtzeitung.de\/index.php\/wp-json\/wp\/v2\/posts\/43383\/revisions\/45522"}],"wp:attachment":[{"href":"https:\/\/www.die-stadtzeitung.de\/index.php\/wp-json\/wp\/v2\/media?parent=43383"}],"wp:term":[{"taxonomy":"category","embeddable":true,"href":"https:\/\/www.die-stadtzeitung.de\/index.php\/wp-json\/wp\/v2\/categories?post=43383"},{"taxonomy":"post_tag","embeddable":true,"href":"https:\/\/www.die-stadtzeitung.de\/index.php\/wp-json\/wp\/v2\/tags?post=43383"}],"curies":[{"name":"wp","href":"https:\/\/api.w.org\/{rel}","templated":true}]}}