{"id":43345,"date":"2021-11-10T08:48:43","date_gmt":"2021-11-10T07:48:43","guid":{"rendered":"https:\/\/www.die-stadtzeitung.de\/?p=43345"},"modified":"2021-11-16T17:09:47","modified_gmt":"2021-11-16T16:09:47","slug":"wupperverband-und-junior-uni-verlaengern-kooperation","status":"publish","type":"post","link":"https:\/\/www.die-stadtzeitung.de\/index.php\/2021\/11\/10\/wupperverband-und-junior-uni-verlaengern-kooperation\/","title":{"rendered":"Wupperverband und Junior Uni verl\u00e4ngern Kooperation"},"content":{"rendered":"<div id=\"attachment_43361\" class=\"wp-caption alignnone\" style=\"max-width: 1034px;\"><img loading=\"lazy\" decoding=\"async\" class=\"size-large wp-image-43361\" src=\"\/wp-content\/uploads\/2021\/11\/Kooperation-Junior-Uni-und-Wupperverband-2-1-1024x669.jpg\" alt=\"\" width=\"1024\" height=\"669\" \/><span class=\"wp-caption-text\">Am Wupperufer besiegelten Ilona Weyer, Dr. Ariane Staab (hintere Reihe v.l.), Prof. Dr. h.c. Ernst Andreas Ziegler, Georg Wulf und Dr. Annika Spathmann (vordere Reihe v.l.) die Fortsetzung der Zusammenarbeit &#8211; \u00a9\u00a0Junior Uni\/Wilfried Kuhn<\/span><\/div>\n<p>Die Zusammenarbeit des Wupperverbandes mit der Junior Uni besteht bereits seit der Geburtsstunde der Junior Uni im Jahr 2008. Um das gemeinsame Wirken in feste Bahnen zu lenken, wurde 2012 ein Kooperationsvertrag geschlossen. Jetzt wurde der Kooperationsvertrag erneut verl\u00e4ngert. Ziel der Zusammenarbeit ist es, das Bewusstsein der jungen Generation f\u00fcr die Anforderungen und Herausforderungen der Wasserwirtschaft zu sch\u00e4rfen.<\/p>\n<p>\u201eDie Kooperation ist uns eine Herzensangelegenheit\u201c, schildert Junior Uni-Gesch\u00e4ftsf\u00fchrer Prof. Dr. h.c. Ernst Andreas Ziegler. \u201eDie Wupper hat als Lebensader einen enormen Einfluss auf die Geschichte und das Schicksal der Region.\u201c<\/p>\n<p>In den Kooperationskursen, wie beispielsweise dem Kurs \u201eRund ums Wupperwasser\u201c, erfahren die Studierenden, warum eine \u00f6kologisch intakte Umwelt einen enormen Einfluss auf die Lebensqualit\u00e4t der Menschen hat. Die Dozenten sind Mitarbeiter des Wupperverbandes, die den Studentinnen und Studenten praxisnah aus ihrem Arbeitsalltag berichten. Exkursionen z. B. zu Talsperren der Region runden das gemeinsame Kursangebot ab.<\/p>\n<p>\u201eDie Junior Uni steht f\u00fcr Zukunft, sie ist eine wichtige Institution in unserer Bildungslandschaft. Deshalb freuen wir uns, sie als Kooperationspartner weiter unterst\u00fctzen zu k\u00f6nnen\u201c, sagt Georg Wulf, Vorstand des Wupperverbandes. \u201eUnser gemeinsames Ziel ist es, den Blick der jungen Generation auf die Herausforderungen unserer Zukunft zu lenken und zu vermitteln, wie wichtig es ist, gemeinsam nachhaltige Perspektiven zu entwickeln.\u201c<\/p>\n<p>&nbsp;<\/p>\n<p>&nbsp;<\/p>\n","protected":false},"excerpt":{"rendered":"<p>Die Wuppertaler Junior Uni f\u00fcr das Bergische Land und der Wupperverband haben ihre langj\u00e4hrig erfolgreich bestehende Kooperation verl\u00e4ngert. Gemeinsam wollen sie weiterhin das Bewusstsein f\u00fcr einen nachhaltigen Umgang mit Wasserressourcen schaffen.<\/p>\n","protected":false},"author":7,"featured_media":0,"comment_status":"open","ping_status":"closed","sticky":false,"template":"","format":"standard","meta":{"footnotes":""},"categories":[27],"tags":[],"class_list":["post-43345","post","type-post","status-publish","format-standard","hentry","category-wissen"],"publishpress_future_action":{"enabled":false,"date":"2026-05-06 11:39:18","action":"change-status","newStatus":"draft","terms":[],"taxonomy":"category","extraData":[]},"publishpress_future_workflow_manual_trigger":{"enabledWorkflows":[]},"_links":{"self":[{"href":"https:\/\/www.die-stadtzeitung.de\/index.php\/wp-json\/wp\/v2\/posts\/43345","targetHints":{"allow":["GET"]}}],"collection":[{"href":"https:\/\/www.die-stadtzeitung.de\/index.php\/wp-json\/wp\/v2\/posts"}],"about":[{"href":"https:\/\/www.die-stadtzeitung.de\/index.php\/wp-json\/wp\/v2\/types\/post"}],"author":[{"embeddable":true,"href":"https:\/\/www.die-stadtzeitung.de\/index.php\/wp-json\/wp\/v2\/users\/7"}],"replies":[{"embeddable":true,"href":"https:\/\/www.die-stadtzeitung.de\/index.php\/wp-json\/wp\/v2\/comments?post=43345"}],"version-history":[{"count":5,"href":"https:\/\/www.die-stadtzeitung.de\/index.php\/wp-json\/wp\/v2\/posts\/43345\/revisions"}],"predecessor-version":[{"id":43362,"href":"https:\/\/www.die-stadtzeitung.de\/index.php\/wp-json\/wp\/v2\/posts\/43345\/revisions\/43362"}],"wp:attachment":[{"href":"https:\/\/www.die-stadtzeitung.de\/index.php\/wp-json\/wp\/v2\/media?parent=43345"}],"wp:term":[{"taxonomy":"category","embeddable":true,"href":"https:\/\/www.die-stadtzeitung.de\/index.php\/wp-json\/wp\/v2\/categories?post=43345"},{"taxonomy":"post_tag","embeddable":true,"href":"https:\/\/www.die-stadtzeitung.de\/index.php\/wp-json\/wp\/v2\/tags?post=43345"}],"curies":[{"name":"wp","href":"https:\/\/api.w.org\/{rel}","templated":true}]}}