{"id":43254,"date":"2021-11-14T13:42:35","date_gmt":"2021-11-14T12:42:35","guid":{"rendered":"https:\/\/www.die-stadtzeitung.de\/?p=43254"},"modified":"2021-11-17T12:23:31","modified_gmt":"2021-11-17T11:23:31","slug":"kreative-lampenschirme-leuchten-fuer-die-gute-sache","status":"publish","type":"post","link":"https:\/\/www.die-stadtzeitung.de\/index.php\/2021\/11\/14\/kreative-lampenschirme-leuchten-fuer-die-gute-sache\/","title":{"rendered":"Kreative Lampenschirme leuchten f\u00fcr die gute Sache"},"content":{"rendered":"<div id=\"attachment_43278\" class=\"wp-caption alignnone\" style=\"max-width: 1034px;\"><img loading=\"lazy\" decoding=\"async\" class=\"size-large wp-image-43278\" src=\"\/wp-content\/uploads\/2021\/11\/20211111_131333-2-1024x805.jpg\" alt=\"\" width=\"1024\" height=\"805\" \/><span class=\"wp-caption-text\">Die Autorin Tanja Heinze beim letzten &#8222;Pinselstrich&#8220; &#8211; \u00a9 Angelika Heinze<\/span><\/div>\n<p>.Was kann man mit altmodischen Telefonh\u00f6rern noch anfangen? Oder mit einer alten Lampe? Da sind der Phantasie keine Grenzen gesetzt. Und auch der Kreativit\u00e4t von Martina Grote und Freya Ontl nicht.\u00a0Fast immer setzen sich die zwei K\u00fcnstlerinnen mit ihren Werken f\u00fcr wohlt\u00e4tige Zwecke ein.<\/p>\n<p>Die beiden Frauen haben es sich nicht nur zum Ziel gemacht, aus alten und \u00fcberfl\u00fcssigen Dingen neue Kunstwerke zu schaffen, vielmehr m\u00f6chten sie die Erl\u00f6se, die diese bei Kunst-Fans erzielen, Hilfsbed\u00fcrftigen zugute kommen lassen.<\/p>\n<p>Marita Grote und Freya Ontl haben sich im Jahr zwei der Coron-Pandemie ein ganz besonderes Projekt zur Brust genommen: K\u00fcnstlerinnen und K\u00fcnstler aus der ganzen Stadt wurden eingeladen, Lampenschirme zu gestalten.<span class=\"Apple-converted-space\">\u00a0<\/span><\/p>\n<p>Diese sollen unter anderem auf dem Weihnachtsmarkt am Schloss L\u00fcntenbeck und dem Weihnachtszauber in Sudberg \u00a0f\u00fcr den guten Zweck verkauft werden. Was f\u00fcr eine tolle Idee mit Leuchtkraft!<\/p>\n<p>Was mit einem kleinen \u201ekleinen Geistesblitz\u201c anfing, entwickelte sich inzwischen zu einer gro\u00dfen Kunst-Gemeinschafts-Aktio. Entstanden ist eine ganz individuelle Sammlung an kreativen Lampenschirmen.<span class=\"Apple-converted-space\">\u00a0<\/span><\/p>\n<div id=\"attachment_43258\" class=\"wp-caption alignnone\" style=\"max-width: 495px;\"><img loading=\"lazy\" decoding=\"async\" class=\"wp-image-43258\" src=\"\/wp-content\/uploads\/2021\/11\/Lampe-1-768x1024.jpg\" alt=\"\" width=\"485\" height=\"647\" \/><span class=\"wp-caption-text\">Die von Autorin Tanja Heinze und anderen K\u00fcnstlerinnen gestalteten Lampenschirme &#8211; \u00a9 privat<\/span><\/div>\n<p>Bevor sie den guten caritativen Zweck erf\u00fcllen, sind sie bereits bereits an ausgew\u00e4hlten Orten in Cronenberg (Redaktion des Cronenberger Anzeigers, &#8222;Big Herrenmode&#8220;, &#8222;Place For Women&#8220; und Backstube Polick) zu bestaunen.<span class=\"Apple-converted-space\">\u00a0<\/span><\/p>\n<p>Die kreativ gestylten Lampenschirme wurden von den K\u00fcnstlerinnen und K\u00fcnstlern Ellen Neugebauer, Angelika Geppert, Eva Pajak, Gudrun Hellwig, Jesicca Aff\u00fcpper, Jane Hameroch, Jutta Ottersbach, Hanna Gietenbruch, J\u00fcrgen Kollar, Dagmar Pletsch, Irene Andersen, Bektas Cabolat und Tina Lux gestaltet. Au\u00dferdem steuerte Sigune Schnabel, eine bekannte Lyrikerin, ein Schirm-Unikat bei.<span class=\"Apple-converted-space\">\u00a0<\/span><\/p>\n<p>Und die bekannte Autorin Tanja Heinze (u.a. Cronenberg-Krimi \u201eB\u00e4renmord&#8220;) schm\u00fcckte drei Lampenschirme sogar mit Gedichten. Doch damit nicht genug. Au\u00dferdem spendet die erfolgreiche Schriftstellerin Exemplare ihrer B\u00fccher f\u00fcr den guten Zweck. Unter anderem \u201eSpuren der Seelen\u201c, einen Roman in sechs Episoden. Allein drei davon spielen in Cronenberg.<span class=\"Apple-converted-space\">\u00a0<\/span><\/p>\n<p>Tanja Heinze l\u00e4sst es sich nicht nehmen, ihre B\u00fccher an den Sonntagen 05.12. und 12.12. auf dem malerischen, nostalgischen Weihnachtsmarkt am Schlo\u00df L\u00fcntenbeck zu signieren.<\/p>\n<p>Der kleine Stein, den Martina Grote und Freya Ontl losgetreten haben, hat mittlerweile einen Felsen der Hilfsbereitschaft ins Rollen gebracht. Mathias Will spendet zwei seiner Masken, Gudrun Hellwig zus\u00e4tzlich zum Lampenschirm noch ein Gem\u00e4lde \u00a0und Karl-Heinz Kamiz, ein bekannter Wuppertaler Fotograf, legt noch ein paar Postkarten obendrauf. All das sind aber nur kleine Mosaiksteine einer immer gr\u00f6\u00dfter werdenden Charity-Aktion.<\/p>\n<div id=\"attachment_43262\" class=\"wp-caption alignnone\" style=\"max-width: 342px;\"><img loading=\"lazy\" decoding=\"async\" class=\"wp-image-43262\" src=\"\/wp-content\/uploads\/2021\/11\/Lampe-6-874x1024.jpg\" alt=\"\" width=\"332\" height=\"389\" \/><span class=\"wp-caption-text\">Ein Beispiel von &#8222;Upcycling&#8220;-Kunst &#8211; \u00a9 privat<\/span><\/div>\n<p>.\u201eEs ist so unbeschreiblich sch\u00f6n, zu sehen, dass derart viele Menschen spontan diese Aktion unterst\u00fctzen, sich f\u00fcr den guten Zweck bewegen und engagieren. Kunst kann mehr, als sich nur zu zeigen. Sie kann helfen!&#8220; Dar\u00fcber freuen sich die beiden Hobbyk\u00fcnstlerinnen Martina Grote und Freya Ontl ganz besonderns &#8211; und das macht sie auch ein wenig stolz.<\/p>\n<p>Doch die beiden haben sich noch viel mehr einfallen lassen, um eine gro\u00dfe, bunte Palette f\u00fcr die gute Sache anbieten zu k\u00f6nnen. So gestalteten sie auch einen Kalender mit dem Titel \u201eWir gehen auf Reise\u201c.<\/p>\n<p>Was es f\u00fcr die Besucher am Stand von Martina Grote und Frey Ontl noch zu entdecken gibt: Wundert\u00fcten f\u00fcr Mensch und Tier, Briefpapier, Hundekekse und vieles mehr. Sogar echte Pusteblumen, haltbar gemacht f\u00fcr die Ewigkeit. Also einfach vorbeikommen \u2013 denn Gutes tun, macht richtig Freude.<span class=\"Apple-converted-space\">\u00a0<\/span><\/p>\n<div id=\"attachment_43260\" class=\"wp-caption alignnone\" style=\"max-width: 363px;\"><img loading=\"lazy\" decoding=\"async\" class=\"wp-image-43260\" src=\"\/wp-content\/uploads\/2021\/11\/Vorderseite-Spuren-der-Seelen-664x1024.jpg\" alt=\"\" width=\"353\" height=\"544\" \/><span class=\"wp-caption-text\">Das Buch &#8222;Spuren der Seele&#8220; von Tanja Heinze<\/span><\/div>\n<p><strong>Link zur Facebook-Seite von Tanja Heinze:<\/strong><\/p>\n<p><a href=\"https:\/\/www.facebook.com\/Tanja-Heinze-Schriftstellerin-1752341224792644\/\">https:\/\/www.facebook.com\/Tanja-Heinze-Schriftstellerin-1752341224792644\/<\/a><\/p>\n<p>&nbsp;<\/p>\n","protected":false},"excerpt":{"rendered":"<p>Martina Grote und Freya Ontl, zwei Upcycling-K\u00fcnstlerinnen aus Wuppertal-Cronenberg, \u201esammeln\u201c Unikate f\u00fcr das Kinder- und Jugendhospiz Burgholz und zwei Tierschutz-Projekte. Was ist eigentlich \u201eUpcycling\u201c-Kunst? Ganz einfach: Da sind Kunstwerke aus allt\u00e4glichen Gegenst\u00e4nden, die auf dem M\u00fcll gelandet sind und neu zusammengebaut und arrangiert wurden. <\/p>\n","protected":false},"author":7,"featured_media":0,"comment_status":"open","ping_status":"closed","sticky":false,"template":"","format":"standard","meta":{"footnotes":""},"categories":[29],"tags":[],"class_list":["post-43254","post","type-post","status-publish","format-standard","hentry","category-kultur"],"publishpress_future_action":{"enabled":false,"date":"2026-05-08 02:35:25","action":"change-status","newStatus":"draft","terms":[],"taxonomy":"category","extraData":[]},"publishpress_future_workflow_manual_trigger":{"enabledWorkflows":[]},"_links":{"self":[{"href":"https:\/\/www.die-stadtzeitung.de\/index.php\/wp-json\/wp\/v2\/posts\/43254","targetHints":{"allow":["GET"]}}],"collection":[{"href":"https:\/\/www.die-stadtzeitung.de\/index.php\/wp-json\/wp\/v2\/posts"}],"about":[{"href":"https:\/\/www.die-stadtzeitung.de\/index.php\/wp-json\/wp\/v2\/types\/post"}],"author":[{"embeddable":true,"href":"https:\/\/www.die-stadtzeitung.de\/index.php\/wp-json\/wp\/v2\/users\/7"}],"replies":[{"embeddable":true,"href":"https:\/\/www.die-stadtzeitung.de\/index.php\/wp-json\/wp\/v2\/comments?post=43254"}],"version-history":[{"count":10,"href":"https:\/\/www.die-stadtzeitung.de\/index.php\/wp-json\/wp\/v2\/posts\/43254\/revisions"}],"predecessor-version":[{"id":43285,"href":"https:\/\/www.die-stadtzeitung.de\/index.php\/wp-json\/wp\/v2\/posts\/43254\/revisions\/43285"}],"wp:attachment":[{"href":"https:\/\/www.die-stadtzeitung.de\/index.php\/wp-json\/wp\/v2\/media?parent=43254"}],"wp:term":[{"taxonomy":"category","embeddable":true,"href":"https:\/\/www.die-stadtzeitung.de\/index.php\/wp-json\/wp\/v2\/categories?post=43254"},{"taxonomy":"post_tag","embeddable":true,"href":"https:\/\/www.die-stadtzeitung.de\/index.php\/wp-json\/wp\/v2\/tags?post=43254"}],"curies":[{"name":"wp","href":"https:\/\/api.w.org\/{rel}","templated":true}]}}