{"id":43237,"date":"2021-11-10T16:44:35","date_gmt":"2021-11-10T15:44:35","guid":{"rendered":"https:\/\/www.die-stadtzeitung.de\/?p=43237"},"modified":"2021-11-10T16:55:13","modified_gmt":"2021-11-10T15:55:13","slug":"found-it-mit-behinderung-erfolgreich-selbstaendig","status":"publish","type":"post","link":"https:\/\/www.die-stadtzeitung.de\/index.php\/2021\/11\/10\/found-it-mit-behinderung-erfolgreich-selbstaendig\/","title":{"rendered":"&#8222;found it =&#8220;: Mit Behinderung erfolgreich selbst\u00e4ndig"},"content":{"rendered":"<div id=\"attachment_43242\" class=\"wp-caption alignnone\" style=\"max-width: 1034px;\"><img loading=\"lazy\" decoding=\"async\" class=\"size-large wp-image-43242\" src=\"\/wp-content\/uploads\/2021\/11\/Copyright-Anna-Schwartz-2-1024x759.jpg\" alt=\"\" width=\"1024\" height=\"759\" \/><span class=\"wp-caption-text\">Amrei Feuerstack ist selbst als Unternehmerin erfolgreich. Jetzt will sie Menschen mit Behinderung auf dem Weg in die Selbst\u00e4ndigkeit begleiten &#8211; \u00a9 Anna Schwartz<\/span><\/div>\n<p>\u201eenterability\u201c hat in Berlin (<a href=\"http:\/\/www.enterability.de\">www.enterability.de<\/a>) bereits gezeigt, dass es ein Schritt in die richtige Richtung ist, Menschen mit Behinderung auf dem Weg in die Selbstst\u00e4ndigkeit zu begleiten. Selbst dann, wenn die Anstrengungen in einigen F\u00e4llen am Ende doch nicht zu einer Selbstst\u00e4ndigkeit der Gef\u00f6rderten f\u00fchren. <span class=\"Apple-converted-space\">\u00a0<\/span><\/p>\n<p>Denn auch die Behinderten, die es letztlich nicht schafften, sich beruflich auf eigene F\u00fc\u00dfe zu stellen, tanken durch die Unterst\u00fctzung und F\u00f6rderung von<span class=\"Apple-converted-space\">\u00a0<\/span>\u201eenterability\u201c soviel Selbstbewusstsein, dass sie viele n\u00e4her an eine sinnvolle Besch\u00e4ftigung heran gef\u00fchrt werden k\u00f6nnen.<\/p>\n<p>Genau dort setzt &#8222;found it =&#8220; aus Wuppertal an und bietet im Bergischen Land ein neues Angebot und eine Erg\u00e4nzung des Konzepts durch Peer Counseling an. Das Ziel: Zuk\u00fcnftige Gr\u00fcnderinnen und G\u00fcnder mit Behinderung werden von Gr\u00fcndern mit Behinderung beraten und unterst\u00fctzt, die bereits erfolgreiche Unternehmer sind.<span class=\"Apple-converted-space\">\u00a0<\/span><\/p>\n<p>&#8222;found it =&#8220; bringt auf beiden Seiten Menschen mit Behinderung zusammen, die den Weg in die Selbst\u00e4ndigkeit gewagt haben (Peer Counselor) und noch wagen wollen (Kundinnen und Kunden). Einen echte Win:Win-Situation.<span class=\"Apple-converted-space\">\u00a0<\/span><\/p>\n<p>Alle Protagonisten werden unterst\u00fctzt von einem etablierten Netzwerk aus Politik, Gr\u00fcndungsberatung und erfolgreicher Gr\u00fcndern im Bergischen Land, das Amrei Feuerstack bereits f\u00fcr ihr Projekt begeistern konnte.<\/p>\n<p>&#8222;found it =&#8220; st\u00f6\u00dft mit einer 360 Grad rundum Betreunung genau in die Leerstelle, die zwischen den vorhandenen Gr\u00fcndungsberatungen und den Bed\u00fcrfnissen behinderter Menschen besteht. Selbst Betroffene geben ihr Know how und ihre Erfahrungen weiter.<\/p>\n<p>Das Projekt richtet sich vorwiegend an Menschen mit einem Grad der Behinderung (GdB) von 30 aufw\u00e4rts.<\/p>\n<p>Finanziert wird das Projekt aktuell vor allem durch Spendengelder. Auf der Spendenplattform \u201eWirWunder\u201c werden z.B. aktuell Spenden gesammelt:<\/p>\n<p><a href=\"https:\/\/www.wirwunder.de\/projects\/95464?wirwunder=86\">https:\/\/www.wirwunder.de\/projects\/95464?wirwunder=86<\/a><\/p>\n<h4>Der Tr\u00e4gerverein<\/h4>\n<p>Der Verein Publik e.V.\u2013 supporting Science and Society \u2013, wurde 2014 gegr\u00fcndet und 2018 als gemeinn\u00fctziger Verein mit Sitz und Wirkungskreis in Wuppertal eingetragen. Er unterst\u00fctzt Wissenschaft und Gesellschaft uneigenn\u00fctzig. Seine zentralen Felder sind dabei 1. internationale Exkursionen, Tagungen und Vortr\u00e4ge 2. Entwicklung von Orten gesellschaftlicher, wissenschaftlicher und sozialer Entwicklung. 3. Social Business Babysitting.<span class=\"Apple-converted-space\">\u00a0<\/span><\/p>\n<p>&#8222;found it =&#8220; ist ein aktuelles Projekt des dritten Bereichs. In diesem Bereich f\u00f6rdert Publik e.V. die Social Business Projekte von Studierenden und jungen Menschen. Hier bieten Mitglieder von Publik e.V. mit entsprechender Erfahrung Gr\u00fcndungsberatung, aber als Verein vor allem eine Plattform um Projekte unter dem bestehenden Mantel des gemeinn\u00fctzigen Vereins zu beginnen und ggf. sp\u00e4ter in eigene (gemeinn\u00fctzige) Unternehmen zu \u00fcberf\u00fchren.<span class=\"Apple-converted-space\">\u00a0<\/span><\/p>\n<p>Dies erm\u00f6glicht einen gut beratenen und aufwandslosen Start in eine eigene soziale Selbstst\u00e4ndigkeit ohne die H\u00fcrden der Gr\u00fcndung einer gemeinn\u00fctzigen Organisation direkt zu Beginn schultern zu m\u00fcssen.<span class=\"Apple-converted-space\">\u00a0<\/span><\/p>\n<h4>Das Team<\/h4>\n<p>Amrei Feuerstack, mit einem GdB von 50, ist die Gr\u00fcnderin und Projektleiterin von &#8222;found it =&#8220;. Sie studierte Kommunikationsdesign und Wirtschaftswissenschaften und schloss ihr Studium mit einem Bachelor in Kommunikationsdesign ab, bevor Sie unter anderem bei der QlikTech GmbH arbeitete und sich erfolgreich mit einer Event- und Marketingagentur selbstst\u00e4ndig machte. <span class=\"Apple-converted-space\">\u00a0<\/span><\/p>\n<div id=\"attachment_43243\" class=\"wp-caption alignnone\" style=\"max-width: 1034px;\"><img loading=\"lazy\" decoding=\"async\" class=\"size-large wp-image-43243\" src=\"\/wp-content\/uploads\/2021\/11\/DSC00146-2-1024x704.jpg\" alt=\"\" width=\"1024\" height=\"704\" \/><span class=\"wp-caption-text\">Amrei Feuerstack (r.) und Katharina Michel sind ein starkes Teams &#8211; \u00a9 found it =<\/span><\/div>\n<p>Katharina Michel ist die zweite Projektleiterin von &#8222;found it =&#8220;. Sie ist selbst behindert (GdB von 50) und hat mit Ihrer Behinderung einen Master of Arts efolgreich abgeschlossen. Katharina Michel studierte an der Cologne Business School Wirtschaftspsychologie, davor Personalmanagement und Unternehmensf\u00fchrung.<span class=\"Apple-converted-space\">\u00a0<\/span><\/p>\n<p>Nach Ihrem Studium arbeitete Sie in einer Unternehmensberatung als Vertriebsmanagerin und Pers\u00f6nlichkeits-Coach. Au\u00dferdem hat Sie eine erfolgreiche Coaching Ausbildung absolviert und ist somit eine gro\u00dfe Bereicherung f\u00fcr &#8222;found it =&#8220;.<span class=\"Apple-converted-space\">\u00a0<\/span><\/p>\n<h4>Der Hintergrund<span class=\"Apple-converted-space\">\u00a0<\/span><\/h4>\n<p>Im April 2018 gr\u00fcndete Amrei Feuerstack ihre erste Eventagentur. Als Neugr\u00fcnderin fand sie schnell ein Netzwerk, das ihr bei der Entwicklung des Unternehmens geholfen hat. Doch mit ihrer seelischen Behinderung traf sie nicht immer auf das Verst\u00e4ndnis und die Hilfe, die sie sich gew\u00fcnscht h\u00e4tte.<span class=\"Apple-converted-space\">\u00a0<\/span><\/p>\n<p>Tats\u00e4chlich wurde sie durch ihre Au\u00dfenwelt zus\u00e4tzlich behindert. Viele trauten ihr diesen Schritt nicht zu. Mit \u201eFeuerstack Events\u201c verwirklichte sie \u00fcber drei Jahre gro\u00dfe Veranstaltungen f\u00fcr eine Reihe von Kunden. Nun durch Corona kam eine Zwangspause. In dieser Zeit reifte in ihr der Gedanke f\u00fcr \u201efound it =\u201c und wurde Wirklichkeit.<\/p>\n<p>Amrei Feuerstack: \u201eTrotz des grunds\u00e4tzlichen Ziels der Selbstst\u00e4ndigkeit ist der Prozess ergebnisoffen und setzt vor allem auf Empowerment, Inklusion und Selbstwirksamkeit.<b>\u201c<\/b><\/p>\n<p><a href=\"https:\/\/found-it.org\"><b>https:\/\/found-it.org<\/b><\/a><\/p>\n","protected":false},"excerpt":{"rendered":"<p>Behindert und erfolgreich selbst\u00e4ndig! Diese Kombination ist gar nicht so selten. Anstatt sich auf die Sicherheit einer festen Arbeitstelle zu verlassen, entscheiden sich immer mehr Menschen mit Behinderung daf\u00fcr, sich ihre eigene berufliche Existenz aufzubauen. Auch Frauen und M\u00e4nner\u00a0mit Behinderung haben den Wunsch, unabh\u00e4ngig zu sein und wollen ihre eigenen Ideen und Tr\u00e4ume verwirklichen. Und dabei k\u00f6nnen sie auf die Wuppertalerin Amrei Feuerstack und ihr Projekt &#8222;found it =&#8220; bauen.<\/p>\n","protected":false},"author":7,"featured_media":0,"comment_status":"open","ping_status":"closed","sticky":false,"template":"","format":"standard","meta":{"footnotes":""},"categories":[22],"tags":[],"class_list":["post-43237","post","type-post","status-publish","format-standard","hentry","category-wirtschaft"],"publishpress_future_action":{"enabled":false,"date":"2026-05-08 02:33:57","action":"change-status","newStatus":"draft","terms":[],"taxonomy":"category","extraData":[]},"publishpress_future_workflow_manual_trigger":{"enabledWorkflows":[]},"_links":{"self":[{"href":"https:\/\/www.die-stadtzeitung.de\/index.php\/wp-json\/wp\/v2\/posts\/43237","targetHints":{"allow":["GET"]}}],"collection":[{"href":"https:\/\/www.die-stadtzeitung.de\/index.php\/wp-json\/wp\/v2\/posts"}],"about":[{"href":"https:\/\/www.die-stadtzeitung.de\/index.php\/wp-json\/wp\/v2\/types\/post"}],"author":[{"embeddable":true,"href":"https:\/\/www.die-stadtzeitung.de\/index.php\/wp-json\/wp\/v2\/users\/7"}],"replies":[{"embeddable":true,"href":"https:\/\/www.die-stadtzeitung.de\/index.php\/wp-json\/wp\/v2\/comments?post=43237"}],"version-history":[{"count":8,"href":"https:\/\/www.die-stadtzeitung.de\/index.php\/wp-json\/wp\/v2\/posts\/43237\/revisions"}],"predecessor-version":[{"id":43248,"href":"https:\/\/www.die-stadtzeitung.de\/index.php\/wp-json\/wp\/v2\/posts\/43237\/revisions\/43248"}],"wp:attachment":[{"href":"https:\/\/www.die-stadtzeitung.de\/index.php\/wp-json\/wp\/v2\/media?parent=43237"}],"wp:term":[{"taxonomy":"category","embeddable":true,"href":"https:\/\/www.die-stadtzeitung.de\/index.php\/wp-json\/wp\/v2\/categories?post=43237"},{"taxonomy":"post_tag","embeddable":true,"href":"https:\/\/www.die-stadtzeitung.de\/index.php\/wp-json\/wp\/v2\/tags?post=43237"}],"curies":[{"name":"wp","href":"https:\/\/api.w.org\/{rel}","templated":true}]}}