{"id":43225,"date":"2021-11-05T20:16:30","date_gmt":"2021-11-05T19:16:30","guid":{"rendered":"https:\/\/www.die-stadtzeitung.de\/?p=43225"},"modified":"2021-11-12T17:01:02","modified_gmt":"2021-11-12T16:01:02","slug":"junior-uni-studierende-parlament-sucht-mitgestalter","status":"publish","type":"post","link":"https:\/\/www.die-stadtzeitung.de\/index.php\/2021\/11\/05\/junior-uni-studierende-parlament-sucht-mitgestalter\/","title":{"rendered":"Junior Uni: Studierende-Parlament sucht Mitgestalter"},"content":{"rendered":"<div id=\"attachment_43227\" class=\"wp-caption alignnone\" style=\"max-width: 1034px;\"><img loading=\"lazy\" decoding=\"async\" class=\"size-large wp-image-43227\" src=\"\/wp-content\/uploads\/2021\/11\/Das-Studierendenparlament-der-Wuppertaler-Junior-Uni-2-1024x784.jpg\" alt=\"\" width=\"1024\" height=\"784\" \/><span class=\"wp-caption-text\">Hochmotiviert: Die Mitglieder des Studierenden-Parlaments der Junior Uni &#8211; \u00a9 Junior Uni<\/span><\/div>\n<p>Seit etwas mehr als einem Jahr gibt es das Studierendenparlament der Wuppertaler Junior Uni. In dieser Zeit haben die jungen Studenten schon viele Ideen eingebracht und umgesetzt. Jetzt suchen die Mitglieder nach weiteren jungen Parlamentarier im Alter von 6 bis 20 Jahren. In einem kurzen Imagefilm, der auf dem YouTube-Kanal der Junior Uni zu sehen ist, stellen sie sich vor und geben Einblicke in ihre Arbeit.<\/p>\n<p>\u201eBei unseren Treffen reden wir \u00fcber Themen, die wir angesammelt haben und \u00fcberlegen, was man in der Junior Uni, aber auch in Wuppertal verbessern kann. Mir hat das sofort super viel Spa\u00df gemacht&#8220;, erl\u00e4utert Parlamentarierin Zoe (10).<\/p>\n<p>Das erste Treffen zum Auftakt des Wintersemesters fand \u00fcbrigens nicht in der Junior Uni, sondern gleich an einem ganz besonderen Ort statt: Nachdem die Studentinnen und Studenten Wuppertals Oberb\u00fcrgermeister Uwe Schneidewind einen Brief mit ihren Fragen und Vorschl\u00e4gen insbesondere zur Nachhaltigkeit in Wuppertal geschickt hatten, lud er sie in seinem Antwortschreiben in den Ratssaal des Barmer Rathauses ein.<\/p>\n<p>Dort sprachen sie mit Wuppertals erstem B\u00fcrgermeister Heiner Fragemann und schnupperten echte Ratsatmosph\u00e4re. &#8222;Der Besuch war sehr aufregend und hat allen gut gefallen\u201c, erinnert sich Dozentin Alina Maa\u00df.<\/p>\n<p>Den Film zum Studierendenparlament gibt es auf dem YouTube-Kanal der Junior Uni: <a href=\"https:\/\/youtu.be\/cWynCvqgk30\">https:\/\/youtu.be\/cWynCvqgk30<\/a>.<\/p>\n<p>Studenten, die sich f\u00fcr das Studierendenparlament interessieren, k\u00f6nnen sich bei der Junior Uni unter T. 0202 4304390 oder per Mail an <a href=\"mailto:info@junioruni-wuppertal.de\">info@junioruni-wuppertal.de<\/a> melden.<\/p>\n<p>&nbsp;<\/p>\n","protected":false},"excerpt":{"rendered":"<p>Die Studentinnen und Studentinnen des Studierendenparlaments der Wuppertaler Junior Uni f\u00fcr das Bergische Land werben jetzt mit einem neuen Imagefilm f\u00fcr ihre Arbeit. Alle Studenten zwischen 6 und 20 Jahren der Junior Uni sind eingeladen, sich und ihre Ideen im Parlament einzubringen und die Junior Uni so mitzugestalten.<\/p>\n","protected":false},"author":7,"featured_media":0,"comment_status":"open","ping_status":"closed","sticky":false,"template":"","format":"standard","meta":{"footnotes":""},"categories":[27],"tags":[],"class_list":["post-43225","post","type-post","status-publish","format-standard","hentry","category-wissen"],"publishpress_future_action":{"enabled":false,"date":"2026-05-07 11:08:26","action":"change-status","newStatus":"draft","terms":[],"taxonomy":"category","extraData":[]},"publishpress_future_workflow_manual_trigger":{"enabledWorkflows":[]},"_links":{"self":[{"href":"https:\/\/www.die-stadtzeitung.de\/index.php\/wp-json\/wp\/v2\/posts\/43225","targetHints":{"allow":["GET"]}}],"collection":[{"href":"https:\/\/www.die-stadtzeitung.de\/index.php\/wp-json\/wp\/v2\/posts"}],"about":[{"href":"https:\/\/www.die-stadtzeitung.de\/index.php\/wp-json\/wp\/v2\/types\/post"}],"author":[{"embeddable":true,"href":"https:\/\/www.die-stadtzeitung.de\/index.php\/wp-json\/wp\/v2\/users\/7"}],"replies":[{"embeddable":true,"href":"https:\/\/www.die-stadtzeitung.de\/index.php\/wp-json\/wp\/v2\/comments?post=43225"}],"version-history":[{"count":2,"href":"https:\/\/www.die-stadtzeitung.de\/index.php\/wp-json\/wp\/v2\/posts\/43225\/revisions"}],"predecessor-version":[{"id":43228,"href":"https:\/\/www.die-stadtzeitung.de\/index.php\/wp-json\/wp\/v2\/posts\/43225\/revisions\/43228"}],"wp:attachment":[{"href":"https:\/\/www.die-stadtzeitung.de\/index.php\/wp-json\/wp\/v2\/media?parent=43225"}],"wp:term":[{"taxonomy":"category","embeddable":true,"href":"https:\/\/www.die-stadtzeitung.de\/index.php\/wp-json\/wp\/v2\/categories?post=43225"},{"taxonomy":"post_tag","embeddable":true,"href":"https:\/\/www.die-stadtzeitung.de\/index.php\/wp-json\/wp\/v2\/tags?post=43225"}],"curies":[{"name":"wp","href":"https:\/\/api.w.org\/{rel}","templated":true}]}}