{"id":43069,"date":"2021-11-09T16:49:40","date_gmt":"2021-11-09T15:49:40","guid":{"rendered":"https:\/\/www.die-stadtzeitung.de\/?p=43069"},"modified":"2021-11-13T09:44:15","modified_gmt":"2021-11-13T08:44:15","slug":"peter-maffay-titelsong-fuer-seinen-toten-vater","status":"publish","type":"post","link":"https:\/\/www.die-stadtzeitung.de\/index.php\/2021\/11\/09\/peter-maffay-titelsong-fuer-seinen-toten-vater\/","title":{"rendered":"Peter Maffay: Titelsong f\u00fcr seinen toten Vater"},"content":{"rendered":"<div id=\"attachment_43098\" class=\"wp-caption alignnone\" style=\"max-width: 1034px;\"><img loading=\"lazy\" decoding=\"async\" class=\"size-large wp-image-43098\" src=\"\/wp-content\/uploads\/2021\/11\/5Q5A6611-2-1024x711.jpg\" alt=\"\" width=\"1024\" height=\"711\" \/><span class=\"wp-caption-text\">Gastgeber Peter Maffay (l.) mit Thomas Gottschalk, seinem ersten prominenten Gast in seiner neuen Talk-Reihe &#8222;Begegnungen&#8220; &#8211; \u00a9 Wolfgang K\u00f6hler<\/span><\/div>\n<p>Den Titelsong &#8222;Wenn wir uns wiedersehen&#8220; hat er f\u00fcr seinen verstorbenen Vater\u00a0geschrieben. Ganz besonders geniesst er jetzt das Gef\u00fchl, jetzt gemeinsam mit<span class=\"Apple-converted-space\">\u00a0 <\/span>Sohn Yaris (18) auf der B\u00fchne zu stehen.<span class=\"Apple-converted-space\">\u00a0<\/span><\/p>\n<p>Ab Sonntag (07.11.) ist Peter Maffay (71) als Moderator und Talkmaster im &#8222;Opener&#8220; seiner eigenen Show bei Magenta TV (Telekom) zu sehen. In einer zum TV-Studio umgebauten Scheune auf seinem Gut Dietlhofen (Bayern) empf\u00e4ngt der S\u00e4nger Top-Prominente aus Entertainment, Politik, Wirtschaft und Sport!<\/p>\n<p>Show-Gr\u00f6\u00dfen wie Thomas Gottschalk, Frank Elstner und Reinhold Beckmann sind dabei. Sigmar Gabriel und Sahra Wagenknecht begr\u00fcsst er als G\u00e4ste. Hartmut Engler (S\u00e4nger von &#8222;Pur&#8220;) und Joey Kelly (The Kelly-Family) stehen der Rock-Legende Rede und Antwort, erz\u00e4hlen aus ihrem bewegten Leben.<span class=\"Apple-converted-space\">\u00a0<\/span><\/p>\n<p>Auch Investor und TV-Liebling Ralf D\u00fcmmel (\u201eDie H\u00f6hle der L\u00f6wen\u201c), Fu\u00dfball-Nationalspieler Christian G\u00fcnter (FC Freiburg), Autorin Laura Karasek und \u201eNo Angels\u201c-S\u00e4ngerin Jessica Wahls plaudern mit Peter Maffay \u00fcber Gott und die Welt.<\/p>\n<p>Die erste Folge von &#8222;Begegnungen&#8220; l\u00e4uft am 14.11. bei Magenta TV. Gast ist dann keine geringerer als Show-Titan Thomas Gottschalk.<\/p>\n<div id=\"attachment_43109\" class=\"wp-caption alignnone\" style=\"max-width: 1034px;\"><img loading=\"lazy\" decoding=\"async\" class=\"size-large wp-image-43109\" src=\"\/wp-content\/uploads\/2021\/11\/5Q5A7119-2-1024x604.jpg\" alt=\"\" width=\"1024\" height=\"604\" \/><span class=\"wp-caption-text\">Traum-Duo: Thomas Gottschalk liess sich sogar von Peter Maffay \u00fcberreden, mit ihm ein Duett zu singen &#8211; \u00a9 Wolfgang K\u00f6hler<\/span><\/div>\n<p>Im Interview spricht Peter Maffay \u00fcber seine Talkshow, \u00fcber seinen toten Vater, \u00fcber seinen Sohn und was ihn sonst noch so bewegt.<span class=\"Apple-converted-space\">\u00a0<\/span><\/p>\n<p><b>Eigentlich w\u00e4ren Sie in diesem Jahr mit Ihrer Band auf gro\u00dfer Deutschland-Tournee gewesen. Stattdessen sehen wir Sie jetzt als Moderator und Talkmaster in ihrer Sendung \u201ePeter Maffay \u2013 Begegnungen\u201c bei Magenta TV. Wie kam es dazu?<\/b><\/p>\n<p>Peter Maffay: \u201eWir mussten uns wegen Corona und dem Ausfall der Tournee \u00fcberlegen, wie wir die Zeit \u00fcberbr\u00fccken w\u00fcrden, in der Konzerte nicht machbar waren. Wir hatten vor einiger Zeit ein Experiment zusammen mit Freunden gestartet. Eine Radioshow mit Gespr\u00e4chen und Interviews, das hat so viel Spa\u00df gemacht, und war so viel Neuland und Abenteuer f\u00fcr mich, dass wir das ganze ausgeweitet haben auf eine sichtbare Form. Wir haben uns Kameras besorgt, ein Studio eingerichtet. Ich muss sagen, es war wahnsinnig spannend, tolle G\u00e4ste zu haben und mit diesen G\u00e4sten sich auszutauschen.\u201c<\/p>\n<p><b>Sie stehen seit 50 Jahren als Musiker auf der B\u00fchne. Was ist der wesentliche Unterschied jetzt in der Rolle des Gastgebers und Moderators?<\/b><\/p>\n<p>Peter Maffay: \u201eDer Unterschied in einer Sendung G\u00e4ste zu begr\u00fc\u00dfen zu unserer sonstigen, seit vielen Jahren praktizierten Arbeit auf der B\u00fchne besteht darin, dass in einem Gespr\u00e4ch vieles improvisiert wird und nicht vorhersehbar ist. Nat\u00fcrlich gibt es solche Momente auch auf der B\u00fchne. Nicht alles, was man sich dort vornimmt klappt, manches muss dann aus dem Stand heraus den Umst\u00e4nden angepasst werden. Aber in einem Gespr\u00e4ch ist das alles noch viel extremer. Diese Herausforderung fand ich von Anfang an sehr attraktiv. Wir hatten es ja zutun mit sehr unterschiedlichen G\u00e4sten aus sehr unterschiedlichen gesellschaftlichen Bereichen. Mit Hintergr\u00fcnden, die ich zum Teil in dieser Ausf\u00fchrlichkeit, wie sie sich dann in unserem Gespr\u00e4ch offenbarten, nicht kannte. Ich hoffe, dass wir im Gegenzug unseren G\u00e4sten mit unseren Fragen ein paar Aufgaben gestellt haben, auf die sie nicht eingestellt waren. Den gro\u00dfen Gewinn an der ganzen Sendung sollte das Publikum haben. Das sollte sich informieren und am\u00fcsieren. Und ich glaube, das hat es getan.\u201c<\/p>\n<div id=\"attachment_43101\" class=\"wp-caption alignnone\" style=\"max-width: 1034px;\"><img loading=\"lazy\" decoding=\"async\" class=\"size-large wp-image-43101\" src=\"\/wp-content\/uploads\/2021\/11\/HX7A9388-2-1024x684.jpg\" alt=\"\" width=\"1024\" height=\"684\" \/><span class=\"wp-caption-text\">Frank Elstner (r.), die graue Eminenz der Unterhaltung, im Gespr\u00e4ch mit Peter Maffay. Ganz links Bundesliga-Profi Christian G\u00fcnter &#8211; \u00a9 Wolfgang K\u00f6hler<\/span><\/div>\n<p><b style=\"font-size: 16px;\">Zwei G\u00e4ste, ein Thema \u2013 wie genau sieht das Konzept aus?<\/b><\/p>\n<p>Peter Maffay: \u201eDas Konzept ist, dass Leute aus sehr unterschiedlichen gesellschaftlichen Bereichen zusammenkommen, sich unterhalten &#8211; und keiner wei\u00df, wie dieses Gespr\u00e4ch ausgehen wird. Es prallen Meinungen und Geschichten aufeinander, die Inhalte waren aufschlussreich und nat\u00fcrlich auch sehr unterhaltsam. Gleichzeitig gab es auch Musik, die wir zusammen gemacht haben. Auch ein kleines Abenteuer f\u00fcr alle.\u00a0 Auf der B\u00fchne bei Konzerten ist das alles v\u00f6llig anders. Auf der B\u00fchne wird alles weitgehend geordnet. Im Gespr\u00e4ch ist das v\u00f6llig anders.\u201c<\/p>\n<p><b>Aus der Politik waren Sahra Wagenknecht und Sigmar Gabriel ihre G\u00e4ste, aus der Musik Hartmut Engler und Joey Kelly, Moderations-Kollegen wie Reinhold Beckmann und Frank Elstner waren da. Unternehmer wie Ralf D\u00fcmmel, Fu\u00dfball-Nationalspieler &#8211; und so viele mehr. Was war jeweils die besondere Herausforderung?<\/b><\/p>\n<p>Peter Maffay: \u201eMan kennt diese Namen, man kennt diese Pers\u00f6nlichkeiten zum Teil aus der Entfernung und aus den Medien. Aber es ist dann etwas ganz v\u00f6llig anderes, wenn man sich gegen\u00fcbersitzt und wenn dann eine Atmosph\u00e4re entsteht, in der die G\u00e4ste bereit sind, sich ein bisschen zu \u00f6ffnen. Es sind keine Schl\u00fcssellochsituationen entstanden. Und trotzdem glaube ich, haben unsere G\u00e4ste uns Einblicke in ihr Leben erlaubt und den Zuschauern zug\u00e4nglich gemacht, die vielleicht in dieser Ausf\u00fchrlichkeit nicht allt\u00e4glich sind.\u201c<\/p>\n<div id=\"attachment_43102\" class=\"wp-caption alignnone\" style=\"max-width: 1034px;\"><img loading=\"lazy\" decoding=\"async\" class=\"size-large wp-image-43102\" src=\"\/wp-content\/uploads\/2021\/11\/R51K2182-2-1024x743.jpg\" alt=\"\" width=\"1024\" height=\"743\" \/><span class=\"wp-caption-text\">Eine kleine Radtour vor dem Talk: (v.l.) Sahra Wagenknecht, Joey Kelly und Peter Maffay &#8211; \u00a9 Wolfgang K\u00f6hler<\/span><\/div>\n<p><b>Sie produzieren Ihre Sendung auf Gut Dietlhofen in einer alten gro\u00dfen Scheune. Warum haben Sie ausgerechnet diese Location gew\u00e4hlt?<\/b><\/p>\n<p>Peter Maffay: \u201eEine alte Scheune ist sehr ungew\u00f6hnlich, auch f\u00fcr unsere G\u00e4ste. Man erwartet in einer Umgebung wie dieser nicht unbedingt eine Fernsehsituation. Unsere G\u00e4ste k\u00f6nnen hier ein wenig Landleben sp\u00fcren. Hier einer Diskussion zu folgen und gleichzeitig Musik zu machen und zu h\u00f6ren, ist eine ganz spannende Mischung. Dabei ist unsere Scheune sehr ger\u00e4umig, man kann sich sehr gut darin bewegen. Und sie verstr\u00f6mt eine sch\u00f6ne Atmosph\u00e4re.\u201c<\/p>\n<p><b>Sie sind in den vergangenen 30 Jahren 19 Mal bei \u201eWetten dass..?\u201c aufgetreten. Nun war Thomas Gottschalk Gast in der ersten Folge (14.11. &#8211; Magenta TV). Was d\u00fcrfen wir in dem Gespr\u00e4ch erwarten?<\/b><\/p>\n<p>Peter Maffay: \u201eThomas ist ein unfassbarer Mensch, ein sehr sympathischer, mit viel Erfahrung, der vermutlich alles gesehen, hat was man in diesem Gesch\u00e4ft sehen kann. Der sich seine Bodenst\u00e4ndigkeit bewahrt hat und sehr volksnah ist. Der immer f\u00fcr eine \u00dcberraschung gut ist. Man muss sich vor ihm in Acht nehmen.\u00a0 Ich fand es immer sehr angenehm, mich mit ihm zu unterhalten. Aber das ist in all den Jahren selten so ausf\u00fchrlich m\u00f6glich gewesen, wie in dieser Sendung. Und er geh\u00f6rt absolut zu denjenigen \u2013 die, wie Udo Lindenberg immer sagt &#8211; kein Verfallsdatum haben. Hier sind zwei Leute wieder einmal zusammengekommen, die sich oft begegnet sind und sich immer eine Menge zu erz\u00e4hlen hatten. Es war tats\u00e4chlich eine meiner sch\u00f6nsten Gespr\u00e4chsrunden.\u201c<\/p>\n<p><b>Fast alle G\u00e4ste wollten mit Ihnen und Ihrer Band auf die B\u00fchne. Mit Thomas Gottschalk singen Sie \u201eEiszeit\u201c, auch Reinhold Beckmann, Laura Karasek und andere G\u00e4ste schnappten sich das Mikrofon. Hatten Sie damit gerechnet?<\/b><\/p>\n<p>Peter Maffay: \u201eUnsere G\u00e4ste haben mir ja auch viel Freude bereitet, z.B. mit der Art wie sie das Gespr\u00e4ch mit mir gef\u00fchrt haben. Die Revanche erfolgte dann in musikalischer Form. Ein kleines Abenteuer wie gesagt. Das haben wir in vollen Z\u00fcgen genossen. Zumal einige dieser G\u00e4ste sonst nicht viel mit Musik zu tun haben. Dennoch haben sie alle auf der B\u00fchne eine gute Figur abgegeben.\u201c<\/p>\n<div id=\"attachment_43103\" class=\"wp-caption alignnone\" style=\"max-width: 1034px;\"><img loading=\"lazy\" decoding=\"async\" class=\"size-large wp-image-43103\" src=\"\/wp-content\/uploads\/2021\/11\/7P7A0930-2-1024x671.jpg\" alt=\"\" width=\"1024\" height=\"671\" \/><span class=\"wp-caption-text\">Peter Maffay (l.) im Gespr\u00e4ch mit Autorin Laura Karasek und Talkmaster und Musiker Reinhold Beckmann &#8211; \u00a9 Wolfgang K\u00f6hler<\/span><\/div>\n<p><b>Ihr Sohn Yaris \u2013 inzwischen 18 Jahre alt \u2013 geh\u00f6rte zum Produktionsteam und stand mit Ihnen auch auf der B\u00fchne. Wie kam es dazu?<\/b><\/p>\n<p>Peter Maffay: \u201eYaris geh\u00f6rt zu der nachwachsenden Generation auf der B\u00fchne. Seit langer Zeit sind auch S\u00f6hne einiger meiner Musiker aus der Band dabei. Yaris r\u00fcckt jetzt nach, er hat \u00e4hnliche Interessen. Musik ist etwas, was ihn sehr besch\u00e4ftigt. Er steht nicht nur gern auf der B\u00fchne, sondern arbeitet auch hinter der B\u00fchne, weil ihn die Technik interessiert. Ich habe ihn ganz einfach gefragt, ober er mitmachen will. Es sind kleine T\u00fcren, die man den jungen Leuten ein bisschen \u00f6ffnet, um ihre Neugierde zu wecken. Um vielleicht &#8211; wenn diese Neugierde stark genug ist &#8211; ihnen daraus eine Perspektive zu entwickeln. Das ist eine Chance.\u201c<\/p>\n<p><b>Vater und Sohn gemeinsam vor Publikum auf der B\u00fchne. Was ist das f\u00fcr ein Gef\u00fchl?<\/b><\/p>\n<p>Peter Maffay: \u201eEs erf\u00fcllt mich mit gro\u00dfer Genugtuung. Zu sehen, dass dieses Interesse bei Yaris da ist und dahinter eine gewisse Ernsthaftigkeit steht &#8211; das macht mir gro\u00dfe Freude. Schon deshalb, weil ich glaube, dass Menschen, die Musik m\u00f6gen und die mit Musik zu tun haben, in ihrem Leben eine Qualit\u00e4t besitzen, die man jedem nur w\u00fcnschen kann. Musik ist eine wunderbare Sprache, die von Herz zu Herz geht. Man muss die Worte eines Gegen\u00fcbers gar nicht verstehen. Mit Musik kann man sich \u00f6ffnen und man kann miteinander kommunizieren.\u00a0Und es ist sch\u00f6n, dass Yaris diese Chance f\u00fcr sich wahrnimmt.\u201c<\/p>\n<p><b>Der Titelsong Ihrer von \u201ePeter Maffay \u2013 Begegnungen\u201c ist \u201eWenn wir uns wiedersehen\u201c aus Ihrem neuen Nr.-1-Album \u201eSo weit\u201c. Sie haben den Titel ihrem in diesem Jahr verstorbenen Vater gewidmet. Worum geht es in dem Lied?<\/b><\/p>\n<p>Peter Maffay: \u201eDas Ende zeichnete sich eigentlich schon lange ab. Und als voriges Jahr die Konturen zu diesem Album entstanden, habe ich meinem Vater \u2013 er lebte damals noch &#8211; dieses Lied gewidmet. Weil es ein Abschiedsversprechen ist. Mein Vater und ich haben viel Zeit miteinander verbracht. Wir sind die in unserer Familie, die am l\u00e4ngsten zusammen waren. Am Ende hatte ich aber doch den Eindruck, dass wir noch viel mehr Zeit miteinander h\u00e4tten verbringen sollen. Dieses Lied ist ein klein wenig ein Ausdruck dieser Hoffnung, dass es irgendwo eine Dimension gibt, innerhalb der man sich wieder trifft und das, was man im Augenblick vermisst, dann nachholt.\u201c<\/p>\n<div id=\"attachment_43108\" class=\"wp-caption alignnone\" style=\"max-width: 1034px;\"><img loading=\"lazy\" decoding=\"async\" class=\"size-large wp-image-43108\" src=\"\/wp-content\/uploads\/2021\/11\/5Q5A4572-2-1024x576.jpg\" alt=\"\" width=\"1024\" height=\"576\" \/><span class=\"wp-caption-text\">Talkmaster Peter Maffay (l.) mit Polit-Star Sigmar Gabriel &#8211; \u00a9 Wolfgang K\u00f6hler<\/span><\/div>\n<p><b>Was f\u00fchlen Sie, wenn sie diesen Titel auf der B\u00fchne singen?<\/b><\/p>\n<p>Peter Maffay: \u201eIch habe manchmal einen Kn\u00f6del im Hals und es f\u00e4llt mir schwer, den Titel so zu singen, wie ich es mit anderen Liedern tue. Einfach deswegen, weil mit diesem Song sehr viel Sentimentalit\u00e4t zusammenh\u00e4ngt und vor allem damit, dass mein Vater und ich ein unheimlich sch\u00f6nes Verh\u00e4ltnis hatten und ich ihm sehr viel verdanke. Im Grunde genommen bedanke ich mich bei ihm, in diesem Lied f\u00fcr all das, was er f\u00fcr mich getan hat. Er hat die Weichen gestellt, die mein Leben ausgerichtet haben. Oder wenn man es auf einen anderen Punkt bringen will: Mein Vater hat mich zu dem gemacht, was ich heute bin.\u201c<\/p>\n<p><b>Vor dem Wiedersehen liegt der Abschied. Wie haben Sie diesen in Erinnerung?<\/b><\/p>\n<p>Peter Maffay: \u201eDer Abschied war schwerer, als ich dachte. Aber er kam nicht unvorbereitet. Mein Vater ging mit dem Umstand Leben und Sterben sehr sachlich um. Er hat immer gesagt: Das ist nun mal so. Die Natur hat es so eingerichtet. Und sich dem entgegenzustemmen, macht keinen Sinn. Und man m\u00fcsse r\u00fcckblickend dankbar daf\u00fcr sein, dass man ein Leben dieser Art f\u00fchren konnte &#8211; und d\u00fcrfe nicht mehr erwarten als das. Mein Vater ist &#8211; im \u00fcbertragenen Sinne &#8211; mit einem sehr erhobenen Haupt abgetreten. Ein Beispiel f\u00fcr mich. Weil das auch ich gerne so handhaben wollte.\u201c<\/p>\n<p><b>Und werden Sie Ihren Vater wiedersehen?<\/b><\/p>\n<p>Peter Maffay: \u201eIch bin kein Hellseher. Ich wei\u00df nicht, was nach dem Tod passiert. Niemand von uns wei\u00df das. Und ich reduziere diese Gedanken eher auf ein Wort. Und das hei\u00dft Hoffnung. Ich hoffe, dass es so etwas wie ein Wiedersehen gibt. Wenn es das aber nicht gibt, dann haben wir trotzdem viel miteinander erlebt und gehabt, was andere vielleicht nicht hatten. Und daf\u00fcr bin ich sehr dankbar.\u201c<\/p>\n<p><strong>Vielen Dank f\u00fcr das offene, ehrliche Gespr\u00e4ch<\/strong><\/p>\n<div id=\"attachment_43113\" class=\"wp-caption alignnone\" style=\"max-width: 1034px;\"><img loading=\"lazy\" decoding=\"async\" class=\"size-large wp-image-43113\" src=\"\/wp-content\/uploads\/2021\/11\/7P7A9027-2-1024x616.jpg\" alt=\"\" width=\"1024\" height=\"616\" \/><span class=\"wp-caption-text\">Menschlich und musikalisch auf einer Wellenl\u00e4nge: Peter Maffay und Pur-S\u00e4nger Hartmut Engler (r.). Im Hintergrund Maffay-Gitarrist Jan Bart &#8222;JB&#8220; Meijers &#8211; \u00a9 Wolfgang K\u00f6hler<\/span><\/div>\n<p><strong>Link zum Interview in bewegten Bildern<\/strong><\/p>\n<p><a href=\"https:\/\/we.tl\/t-HsKtePfY3A\">https:\/\/we.tl\/t-HsKtePfY3A<\/a><\/p>\n","protected":false},"excerpt":{"rendered":"<p>Was macht ein gro\u00dfer Rock-Star wie Peter Maffay, wenn wegen der Corona-Pandemie seine komplette Deutschland-Tournee ins Wasser f\u00e4llt. Ganz einfach: Er erfindet sich mal wieder neu. Das Ergebnis: Er startet seine au\u00dfergw\u00f6hnliche Talkshow \u201ePeter Maffay \u2013 Begegnungen\u201c bei Magenta TV.<\/p>\n","protected":false},"author":7,"featured_media":0,"comment_status":"open","ping_status":"closed","sticky":false,"template":"","format":"standard","meta":{"footnotes":""},"categories":[19],"tags":[],"class_list":["post-43069","post","type-post","status-publish","format-standard","hentry","category-weitblick"],"publishpress_future_action":{"enabled":false,"date":"2026-05-07 15:28:52","action":"change-status","newStatus":"draft","terms":[],"taxonomy":"category","extraData":[]},"publishpress_future_workflow_manual_trigger":{"enabledWorkflows":[]},"_links":{"self":[{"href":"https:\/\/www.die-stadtzeitung.de\/index.php\/wp-json\/wp\/v2\/posts\/43069","targetHints":{"allow":["GET"]}}],"collection":[{"href":"https:\/\/www.die-stadtzeitung.de\/index.php\/wp-json\/wp\/v2\/posts"}],"about":[{"href":"https:\/\/www.die-stadtzeitung.de\/index.php\/wp-json\/wp\/v2\/types\/post"}],"author":[{"embeddable":true,"href":"https:\/\/www.die-stadtzeitung.de\/index.php\/wp-json\/wp\/v2\/users\/7"}],"replies":[{"embeddable":true,"href":"https:\/\/www.die-stadtzeitung.de\/index.php\/wp-json\/wp\/v2\/comments?post=43069"}],"version-history":[{"count":17,"href":"https:\/\/www.die-stadtzeitung.de\/index.php\/wp-json\/wp\/v2\/posts\/43069\/revisions"}],"predecessor-version":[{"id":43151,"href":"https:\/\/www.die-stadtzeitung.de\/index.php\/wp-json\/wp\/v2\/posts\/43069\/revisions\/43151"}],"wp:attachment":[{"href":"https:\/\/www.die-stadtzeitung.de\/index.php\/wp-json\/wp\/v2\/media?parent=43069"}],"wp:term":[{"taxonomy":"category","embeddable":true,"href":"https:\/\/www.die-stadtzeitung.de\/index.php\/wp-json\/wp\/v2\/categories?post=43069"},{"taxonomy":"post_tag","embeddable":true,"href":"https:\/\/www.die-stadtzeitung.de\/index.php\/wp-json\/wp\/v2\/tags?post=43069"}],"curies":[{"name":"wp","href":"https:\/\/api.w.org\/{rel}","templated":true}]}}