{"id":42985,"date":"2021-11-02T14:54:45","date_gmt":"2021-11-02T13:54:45","guid":{"rendered":"https:\/\/www.die-stadtzeitung.de\/?p=42985"},"modified":"2021-11-02T14:54:45","modified_gmt":"2021-11-02T13:54:45","slug":"tanzfilm-malou-and-dominique-schwebt-durchs-tal","status":"publish","type":"post","link":"https:\/\/www.die-stadtzeitung.de\/index.php\/2021\/11\/02\/tanzfilm-malou-and-dominique-schwebt-durchs-tal\/","title":{"rendered":"Tanzfilm &#8222;Malou and Dominique&#8220; schwebt durchs Tal"},"content":{"rendered":"<div id=\"attachment_42988\" class=\"wp-caption alignnone\" style=\"max-width: 1034px;\"><img loading=\"lazy\" decoding=\"async\" class=\"size-large wp-image-42988\" src=\"\/wp-content\/uploads\/2021\/11\/Malou-and-Dominique_Still1_Film-2-1024x722.jpg\" alt=\"\" width=\"1024\" height=\"722\" \/><span class=\"wp-caption-text\">Malou Airaudo und Dominique Mercy in dem Tanzfilm &#8211; \u00a9 Kai Fobbe<\/p>\n<p><\/span><\/div>\n<p>Als &#8222;Abspann&#8220; gibt es ein spannendes Gespr\u00e4ch auf Augenh\u00f6he zwischen dem Macher des Films Mark Sieczkarek und Darsteller Dominique Mercy, T\u00e4nzer und zeitweise auch K\u00fcnstlerischer Leiter des Tanztheater Pina Bausch, moderiert von Dr. Uta Atzpodien.<span class=\"Apple-converted-space\">\u00a0<\/span><\/p>\n<p>Und darum geht es in &#8222;Malou and Dominique&#8220;:<\/p>\n<p>Zwei T\u00e4nzer loten den Raum zwischen sich und der Welt aus. Wunderlich, abgr\u00fcndig, spielerisch und humorvoll \u00f6ffnen sie einen Reigen menschlicher Begegnungen. Der Kosmos der T\u00e4nzer ist eine Industriehalle. Ihr Leben scheint dem Alltag entr\u00fcckt.<span class=\"Apple-converted-space\">\u00a0<\/span><\/p>\n<p>Und doch erz\u00e4hlen sie, in kuriose Kost\u00fcme gekleidet, vom Leben selbst: Von den Wirren und dem Zauber der Beziehung zwischen zwei Menschen. Die franz\u00f6sische T\u00e4nzerin Malou Airaudo und der T\u00e4nzer Dominique Mercy sind seit den Anf\u00e4ngen \u00fcber ihre langj\u00e4hrige Arbeit mit Pina Bausch und dem Tanztheater Wuppertal verbunden und weltweit bekannt.<span class=\"Apple-converted-space\">\u00a0<\/span><\/p>\n<p>Der Film r\u00fcckt beide in ein ganz neues Licht. Den Tanzfilm &#8222;Malou and Dominique&#8220; hat Mark Sieczkarek aus den Tanzfilm-Episoden &#8222;Malou and Dominique&#8220; erschaffen, die der Choreograph gemeinsam mit dem Wuppertaler Videok\u00fcnstler Kai Fobbe realisiert hat.<span class=\"Apple-converted-space\">\u00a0<\/span><\/p>\n<p>Als virtuelle R\u00e4ume konnten sie an bestimmten konkreten Orten, einem Dutzend Bahnh\u00f6fen in NRW erfahren werden. In den Episoden und der l\u00e4ngeren Filmfassung entwickelt sich ein assoziationsreiches Spiel von N\u00e4he und Distanz, in dem Malou Airaudo und Dominique Mercy in immer wieder neuen Begegnungen aufeinandertreffen.<span class=\"Apple-converted-space\">\u00a0<\/span><\/p>\n<div id=\"attachment_42990\" class=\"wp-caption alignnone\" style=\"max-width: 1034px;\"><img loading=\"lazy\" decoding=\"async\" class=\"size-large wp-image-42990\" src=\"\/wp-content\/uploads\/2021\/11\/Malou-and-Dominique_Still5_Film-2-1024x664.jpg\" alt=\"\" width=\"1024\" height=\"664\" \/><span class=\"wp-caption-text\">Eine Szene aus dem Tanzfilm &#8222;Malou and Dominique&#8220; mit Malou Airaudo und Domimique Mercy &#8211; \u00a9 Kai Fobbe<\/span><\/div>\n<p>In \u201eMalou and Dominique\u201c entsteht ein Geschmack davon, was kulturelles Erbe sein kann und welche Potenziale an k\u00fcnstlerischem Freiraum und Menschlichkeit daraus entstehen k\u00f6nnen.<\/p>\n<p>Der aus Schottland stammende Choreograph Mark Sieczkarek lebt seit \u00fcber 35 Jahren in Wuppertal. Er hat auch die Kost\u00fcme entworfen und den Film geschnitten. 1998 gr\u00fcndete er die Mark Sieczkarek Company und kreierte in den letzten Jahren unter anderem auch Choreographien f\u00fcr die Reihe \u201eUnderground\u201c des Tanztheaters Wuppertal.<span class=\"Apple-converted-space\">\u00a0<\/span><\/p>\n<p>Mit einer Vielzahl von Choreographien sowie etlichen t\u00e4nzerischen Projekten in Afrika, S\u00fcdamerika und Europa z\u00e4hlt Sieczkarek zu den produktivsten und bemerkenswertesten Tanz-K\u00fcnstlern seiner Generation. Sein Stil \u00fcberrascht immer wieder neu durch Originalit\u00e4t, poetische Bilder und szenische Pr\u00e4senz.<\/p>\n<h4>&#8222;Malou and Dominique&#8220;<\/h4>\n<p>Choreographie, Kost\u00fcme, Filmschnitt: <strong>Mark Sieczkarek <\/strong><\/p>\n<p>Tanz-Darstellung: <strong>Malou Airaudo<\/strong> und <strong>Dominique Mercy<\/strong><\/p>\n<p>Assistenz: <strong>Wigabriel Soto Eschebach<\/strong><\/p>\n<p>Filmproduktion &#8211; Kamera &#8211; Aufnahmeleitung: <strong>Kai Fobbe<\/strong><\/p>\n<p>Musik \/ Komposition: <strong>Carlo Carcano<\/strong> &#8211; <strong>Roberto Graiff<\/strong><\/p>\n<p>Pr\u00e4sentation: <strong>motionartfilm<\/strong><\/p>\n<div id=\"attachment_42991\" class=\"wp-caption alignnone\" style=\"max-width: 1034px;\"><img loading=\"lazy\" decoding=\"async\" class=\"size-large wp-image-42991\" src=\"\/wp-content\/uploads\/2021\/11\/Malou-and-Dominique_Still4_Film-2-1024x592.jpg\" alt=\"\" width=\"1024\" height=\"592\" \/><span class=\"wp-caption-text\">&#8222;Malou and Dominique&#8220; als Schatten &#8211; \u00a9 Kai Fobbe<\/span><\/div>\n<p><strong>Termin:<span class=\"Apple-converted-space\">\u00a0<\/span><\/strong><\/p>\n<h4>&#8222;Malou and Dominique&#8220;<span class=\"Apple-converted-space\">\u00a0<\/span><\/h4>\n<p>von Mark Sieczkarek<span class=\"Apple-converted-space\">\u00a0<\/span><\/p>\n<p>Sonntag &#8211; 07.11.2021 &#8211; 18:00 Uhr<\/p>\n<p>mit anschlie\u00dfendem Gespr\u00e4ch zwischen Mark Sieczkarek, Dominique Mercy und Dr. Uta Atzpodien (Moderation)<span class=\"Apple-converted-space\">\u00a0<\/span><\/p>\n<p>INSEL e.V.<span class=\"Apple-converted-space\">\u00a0 <\/span>-1. Etage im Caf\u00e9 ADA<\/p>\n<p>Wiesenstr. 6 &#8211; 42105 Wuppertal<\/p>\n","protected":false},"excerpt":{"rendered":"<p>\u201eMalou and Dominique&#8220;, der vielbeachtete Film des renommierten Choreographen, T\u00e4nzers, Bildenden K\u00fcnstlers und Filmemachers Mark Sieczkarek wird am Sonntag (07.11.) erstmals in Wuppertal gezeigt &#8211; und zwar im INSEL e.V . (1. Stock Caf\u00e9 ADA).<\/p>\n","protected":false},"author":7,"featured_media":0,"comment_status":"open","ping_status":"closed","sticky":false,"template":"","format":"standard","meta":{"footnotes":""},"categories":[29],"tags":[],"class_list":["post-42985","post","type-post","status-publish","format-standard","hentry","category-kultur"],"publishpress_future_action":{"enabled":false,"date":"2026-05-06 03:37:30","action":"change-status","newStatus":"draft","terms":[],"taxonomy":"category","extraData":[]},"publishpress_future_workflow_manual_trigger":{"enabledWorkflows":[]},"_links":{"self":[{"href":"https:\/\/www.die-stadtzeitung.de\/index.php\/wp-json\/wp\/v2\/posts\/42985","targetHints":{"allow":["GET"]}}],"collection":[{"href":"https:\/\/www.die-stadtzeitung.de\/index.php\/wp-json\/wp\/v2\/posts"}],"about":[{"href":"https:\/\/www.die-stadtzeitung.de\/index.php\/wp-json\/wp\/v2\/types\/post"}],"author":[{"embeddable":true,"href":"https:\/\/www.die-stadtzeitung.de\/index.php\/wp-json\/wp\/v2\/users\/7"}],"replies":[{"embeddable":true,"href":"https:\/\/www.die-stadtzeitung.de\/index.php\/wp-json\/wp\/v2\/comments?post=42985"}],"version-history":[{"count":6,"href":"https:\/\/www.die-stadtzeitung.de\/index.php\/wp-json\/wp\/v2\/posts\/42985\/revisions"}],"predecessor-version":[{"id":42994,"href":"https:\/\/www.die-stadtzeitung.de\/index.php\/wp-json\/wp\/v2\/posts\/42985\/revisions\/42994"}],"wp:attachment":[{"href":"https:\/\/www.die-stadtzeitung.de\/index.php\/wp-json\/wp\/v2\/media?parent=42985"}],"wp:term":[{"taxonomy":"category","embeddable":true,"href":"https:\/\/www.die-stadtzeitung.de\/index.php\/wp-json\/wp\/v2\/categories?post=42985"},{"taxonomy":"post_tag","embeddable":true,"href":"https:\/\/www.die-stadtzeitung.de\/index.php\/wp-json\/wp\/v2\/tags?post=42985"}],"curies":[{"name":"wp","href":"https:\/\/api.w.org\/{rel}","templated":true}]}}