{"id":42801,"date":"2021-10-28T11:40:45","date_gmt":"2021-10-28T09:40:45","guid":{"rendered":"https:\/\/www.die-stadtzeitung.de\/?p=42801"},"modified":"2021-10-28T11:40:45","modified_gmt":"2021-10-28T09:40:45","slug":"post-babel-verstaendigung-mit-musikalischen-mitteln","status":"publish","type":"post","link":"https:\/\/www.die-stadtzeitung.de\/index.php\/2021\/10\/28\/post-babel-verstaendigung-mit-musikalischen-mitteln\/","title":{"rendered":"Post Babel: Verst\u00e4ndigung mit musikalischen Mitteln"},"content":{"rendered":"<div id=\"attachment_42803\" class=\"wp-caption alignnone\" style=\"max-width: 1034px;\"><img loading=\"lazy\" decoding=\"async\" class=\"size-large wp-image-42803\" src=\"\/wp-content\/uploads\/2021\/10\/Gunda_Presse\u00a9Marc-Strunz-Michels-2-1024x1024.jpg\" alt=\"\" width=\"1024\" height=\"1024\" \/><span class=\"wp-caption-text\">Gunda Gottschalk &#8211; \u00a9 Marc Strunz-Michels<\/span><\/div>\n<p>Anf\u00e4ngliche Klang- und Sprachverwirrung sollen durch ein aufeinander H\u00f6ren und voneinander Lernen zu einem strukturierten, vielstimmigen und reichen Klangerlebnis f\u00fchren.<\/p>\n<p>Eine Videok\u00fcnstlerin verschafft der Suche nach Laut\u00e4u\u00dferung eine zus\u00e4tzliche visuelle Ebene.<span class=\"Apple-converted-space\">\u00a0<\/span><\/p>\n<p>Die Referenz auf den biblischen Babel-Mythos verweist auf die Aktualit\u00e4t des Themas in wirren und schwierigen Zeiten: Friedliches Zusammenleben und das gemeinsame \u201eBauen\u201c an einer lebenswerten Zukunft lassen sich nur \u00fcber gelungene Kommunikation verwirklichen.<span class=\"Apple-converted-space\">\u00a0<\/span><\/p>\n<p>Das Projekt wurde gef\u00f6rdert durch die Kunststiftung NRW, das Kulturb\u00fcro Wuppertal sowie die Stipendienprogramme des Musikfonds und der Bezirksregierung NRW.<\/p>\n<p>Karten im Vorverkauf \u00fcber Wuppertal Live <a href=\"https:\/\/www.wuppertal-live.de\/?387954\">https:\/\/www.wuppertal-live.de\/?387954<\/a> und an der Abendkasse.<span class=\"Apple-converted-space\">\u00a0<\/span><\/p>\n<div id=\"attachment_42804\" class=\"wp-caption alignnone\" style=\"max-width: 1034px;\"><img loading=\"lazy\" decoding=\"async\" class=\"size-large wp-image-42804\" src=\"\/wp-content\/uploads\/2021\/10\/Babel-Ensemble\u00a9Heiko-Specht-1024x437.jpg\" alt=\"\" width=\"1024\" height=\"437\" \/><span class=\"wp-caption-text\">Das Babel-Ensemble &#8211; \u00a9 Heiko Specht<\/span><\/div>\n<p><strong>Termin<\/strong><\/p>\n<p>Donnerstag &#8211; 04. November 2021 &#8211; 20 Uhr<\/p>\n<p>Konzert<\/p>\n<p><strong>Post Babel \u2013 ein Konzert \u00fcber die Suche nach Verst\u00e4ndigung<\/strong><\/p>\n<p><strong>Mitwirkende:\u00a0<\/strong><\/p>\n<p>Gunda Gottschalk (Violine, Idee &amp; musikalische Konzeption), Sebastian Gokus (Marimbaphon), Sebastian Gramss (Kontrabass &amp; musikalische Konzeption), Maximilian Hilbrand (Schauspiel), Luise Kinner (Schauspiel), Dod\u00f3 Kis (Blockfl\u00f6te), Christian Lorenzen (Live Elektronik), Wasiliki Noulesa (Videokunst), Ute V\u00f6lker (Akkordeon).<\/p>\n<p>&nbsp;<\/p>\n","protected":false},"excerpt":{"rendered":"<p>In dem von der Wuppertaler Improvisations-Musikerin Gunda Gottschalk entwickelten &#8222;Post Babel-Projekt&#8220; erproben sechs Musikerinnen und Musiker sowie zwei Schauspieler im Skulpturenpark Waldfrieden mit musikalischen Mitteln, was n\u00f6tig ist, damit Verst\u00e4ndigung gelingt.<\/p>\n","protected":false},"author":7,"featured_media":0,"comment_status":"open","ping_status":"closed","sticky":false,"template":"","format":"standard","meta":{"footnotes":""},"categories":[29],"tags":[],"class_list":["post-42801","post","type-post","status-publish","format-standard","hentry","category-kultur"],"publishpress_future_action":{"enabled":false,"date":"2026-05-06 03:34:05","action":"change-status","newStatus":"draft","terms":[],"taxonomy":"category","extraData":[]},"publishpress_future_workflow_manual_trigger":{"enabledWorkflows":[]},"_links":{"self":[{"href":"https:\/\/www.die-stadtzeitung.de\/index.php\/wp-json\/wp\/v2\/posts\/42801","targetHints":{"allow":["GET"]}}],"collection":[{"href":"https:\/\/www.die-stadtzeitung.de\/index.php\/wp-json\/wp\/v2\/posts"}],"about":[{"href":"https:\/\/www.die-stadtzeitung.de\/index.php\/wp-json\/wp\/v2\/types\/post"}],"author":[{"embeddable":true,"href":"https:\/\/www.die-stadtzeitung.de\/index.php\/wp-json\/wp\/v2\/users\/7"}],"replies":[{"embeddable":true,"href":"https:\/\/www.die-stadtzeitung.de\/index.php\/wp-json\/wp\/v2\/comments?post=42801"}],"version-history":[{"count":2,"href":"https:\/\/www.die-stadtzeitung.de\/index.php\/wp-json\/wp\/v2\/posts\/42801\/revisions"}],"predecessor-version":[{"id":42805,"href":"https:\/\/www.die-stadtzeitung.de\/index.php\/wp-json\/wp\/v2\/posts\/42801\/revisions\/42805"}],"wp:attachment":[{"href":"https:\/\/www.die-stadtzeitung.de\/index.php\/wp-json\/wp\/v2\/media?parent=42801"}],"wp:term":[{"taxonomy":"category","embeddable":true,"href":"https:\/\/www.die-stadtzeitung.de\/index.php\/wp-json\/wp\/v2\/categories?post=42801"},{"taxonomy":"post_tag","embeddable":true,"href":"https:\/\/www.die-stadtzeitung.de\/index.php\/wp-json\/wp\/v2\/tags?post=42801"}],"curies":[{"name":"wp","href":"https:\/\/api.w.org\/{rel}","templated":true}]}}