{"id":42598,"date":"2021-10-21T10:27:48","date_gmt":"2021-10-21T08:27:48","guid":{"rendered":"https:\/\/www.die-stadtzeitung.de\/?p=42598"},"modified":"2021-10-22T10:29:33","modified_gmt":"2021-10-22T08:29:33","slug":"der-tisch-fuer-die-literarische-teezeit-ist-gedeckt","status":"publish","type":"post","link":"https:\/\/www.die-stadtzeitung.de\/index.php\/2021\/10\/21\/der-tisch-fuer-die-literarische-teezeit-ist-gedeckt\/","title":{"rendered":"Der Tisch f\u00fcr die &#8222;Literarische Teezeit&#8220; ist gedeckt"},"content":{"rendered":"<div id=\"attachment_42602\" class=\"wp-caption alignnone\" style=\"max-width: 1034px;\"><img loading=\"lazy\" decoding=\"async\" class=\"size-large wp-image-42602\" src=\"\/wp-content\/uploads\/2021\/10\/Literarische-Teezeit-im-Cafe-Podest_c-Cragg-Foundation_Foto-Sueleyman-Kayaalp-2-1024x705.jpg\" alt=\"\" width=\"1024\" height=\"705\" \/><span class=\"wp-caption-text\">Der Tisch ist f\u00fcr die &#8222;Literarische Teezeit&#8220; gedeckt &#8211; \u00a9 Cragg Foundation \/ Sueleyman Kayaalp<\/span><\/div>\n<p>Vier Erz\u00e4hlungen aus Polen, Russland, den USA und aus Deutschland: Gro\u00dfe Literatur und kulinarischen Genuss verbindet die Lesereihe \u201eLiterarische Teezeit\u201c, die der Skulpturenpark Waldfrieden in Kooperation mit dem Literaturhaus Wuppertal e. V. i. veranstaltet.<\/p>\n<p>Bedeutende Erz\u00e4hler des 20. Jahrhunderts kommen bei s\u00fc\u00dfem, k\u00f6stlichem Geb\u00e4ck im Caf\u00e9 Podest zu Wort. Alle Lese-Events werden von Anne Linsel moderiert.<\/p>\n<p><strong>Freitag &#8211; 05. November &#8211; 16:30 Uhr<\/strong><\/p>\n<h4>Olga Tokarczuk &#8211; &#8222;Amos&#8220;<\/h4>\n<p>(Aus dem Roman \u201eTaghaus, Nachthaus\u201c)<\/p>\n<p>Die Bank\u00adangestellte Krystyna, drei\u00dfig Jahre jung, ledig, f\u00fchrt ein wenig auf\u00adregendes Leben in der polnischen Provinz. Da fl\u00fcstert ihr eines Nachts im Schlaf eine m\u00e4nnliche Stimme zu: \u201cIch hei\u00dfe Amos. Ich liebe dich.\u201d<span class=\"Apple-converted-space\">\u00a0<\/span><\/p>\n<p>Am n\u00e4chsten Tag macht die Tr\u00e4umerin sich tats\u00e4chlich auf die Suche nach Amos, und &#8211; unglaublich! \u2013 sie findet ihn.<span class=\"Apple-converted-space\">\u00a0<\/span><\/p>\n<p>Wie es die polnische Erz\u00e4hlerin Olga Tokarczuk, Nobel\u00adpreistr\u00e4gerin 2018, schafft, aus dieser Un\u00adwahr\u00adschein\u00adlichkeit spannende erz\u00e4hl\u00aderische Wirklich\u00adkeit entstehen zu lassen, ist beein\u00addruckend.<span class=\"Apple-converted-space\">\u00a0<\/span><\/p>\n<p>Es liest Julia Wolff<\/p>\n<div id=\"attachment_42603\" class=\"wp-caption alignnone\" style=\"max-width: 324px;\"><img loading=\"lazy\" decoding=\"async\" class=\" wp-image-42603\" src=\"\/wp-content\/uploads\/2021\/10\/Julia-Wolf-c-Claudia-Kempf-1024x819.jpg\" alt=\"\" width=\"314\" height=\"251\" \/><span class=\"wp-caption-text\">Julia Wolff &#8211; \u00a9 Claudia Kempf<\/span><\/div>\n<p>&nbsp;<\/p>\n<p><strong>Freitag &#8211; 12. November &#8211; 16:30 Uhr<span class=\"Apple-converted-space\">\u00a0<\/span><\/strong><\/p>\n<h4>Vladimir Nabokov &#8211; &#8222;Ein vergessener Dichter&#8220;<\/h4>\n<p>In Sankt Petersburg findet um das Jahr 1900 eine Gedenk\u00adstunde f\u00fcr den russischen Lyriker Konstantin Perow statt. Ein genialer Dichter, der bereits als J\u00fcngling aus dem Leben gerissen worden ist.<span class=\"Apple-converted-space\">\u00a0<\/span><\/p>\n<p>Da betritt ein alter Mann das Podium, liest Perows Gedichte vor und behauptet, der Verstorbene zu sein. Ist Perow damals gar nicht gestorben? Wer ist dieser Mann? Wirklich Perow selbst, sein Doppel\u00adg\u00e4nger, ein Hoch\u00adstapler?<span class=\"Apple-converted-space\">\u00a0<\/span><\/p>\n<p>Ein tief\u00adgr\u00fcndiger Spa\u00df, den Vladimir Nabokov mit dem Leser treibt \u2013 und mit der Geschichte seines eigenen Landes.<span class=\"Apple-converted-space\">\u00a0<\/span><\/p>\n<p>Es liest Bernt Hahn<\/p>\n<div id=\"attachment_42605\" class=\"wp-caption alignnone\" style=\"max-width: 326px;\"><img loading=\"lazy\" decoding=\"async\" class=\" wp-image-42605\" src=\"\/wp-content\/uploads\/2021\/10\/bernthahn_pressefoto-718x1024.jpg\" alt=\"\" width=\"316\" height=\"450\" \/><span class=\"wp-caption-text\">Bernt Hahn &#8211; \u00a9 Katja Illner<\/span><\/div>\n<p>&nbsp;<\/p>\n<p><strong>Freitag &#8211; 19. November &#8211; 16:30 Uhr<\/strong><\/p>\n<h4>Anna Seghers &#8211; &#8222;Die sch\u00f6nsten Sagen der R\u00e4uber Woynok&#8220;<\/h4>\n<p>So harmlos volks\u00adt\u00fcmlich, wie man das von einer Sage erwarten darf, f\u00e4ngt diese R\u00e4uber\u00adgeschichte an, die Anna Seghers 1938 auf\u00adge\u00adschrieben hat. Als einsamer Wolf streift der R\u00e4uber Woynok durchs Gebirge, \u00fcberf\u00e4llt H\u00f6fe, fackelt Kl\u00f6ster ab. Immer allein.<span class=\"Apple-converted-space\">\u00a0<\/span><\/p>\n<p>Der R\u00e4uber\u00adbande um den alten Gruschek gef\u00e4llt das gar nicht. Aus diesem Konflikt entfaltet die Erz\u00e4hlerin ein faszinierendes Ringen zwischen dem Einzelnen und einer Gruppe.<span class=\"Apple-converted-space\">\u00a0<\/span><\/p>\n<p>Und mit einem Mal steckt der Leser nicht mehr in einer alt\u00admodischen R\u00e4uber\u00adpistole, sondern mitten in seiner eigenen Gegen\u00adwart.<span class=\"Apple-converted-space\">\u00a0<\/span><\/p>\n<p>Es liest Caroline Keufen<\/p>\n<div id=\"attachment_42608\" class=\"wp-caption alignnone\" style=\"max-width: 325px;\"><img loading=\"lazy\" decoding=\"async\" class=\" wp-image-42608\" src=\"\/wp-content\/uploads\/2021\/10\/caroline-keufen_Bildausschnitt_c-meike-willner-scaled-1.jpg\" alt=\"\" width=\"315\" height=\"439\" \/><span class=\"wp-caption-text\">Caroline Keufen &#8211; \u00a9 Meike Willner<\/span><\/div>\n<p>&nbsp;<\/p>\n<p><strong>Freitag &#8211; 26. November &#8211; 16:30 Uhr<\/strong><\/p>\n<h4>William Faulkner &#8211; &#8222;Yo Ho und zwei Buddeln voll Rum&#8220;<\/h4>\n<p>Eine Seemanns\u00adgeschichte, im Indischen Ozean. Auf dem runter\u00adgekommenen Frachter DIANA haben es die englischen Offizieren mit einer chinesischen Besatzung zu tun. Eine sprachliche Verst\u00e4ndigung ist so gut wie unm\u00f6glich.<span class=\"Apple-converted-space\">\u00a0<\/span><\/p>\n<p>Die Mann\u00adschaft rebelliert stumm, als einer der Ihren erschlagen wird. Aber h\u00f6chst wirkungs\u00advoll. William Faulkner inszeniert daraus einen Krieg der Kulturen, mit b\u00f6sem, abgr\u00fcnd\u00adigstem Humor.<span class=\"Apple-converted-space\">\u00a0<\/span><\/p>\n<p>Es ist eine der ganz fr\u00fchen (und eine der frechsten) Geschichten, die der Autor geschrieben hat.<span class=\"Apple-converted-space\">\u00a0<\/span><\/p>\n<p>Es liest Olaf Reitz<\/p>\n<div id=\"attachment_42609\" class=\"wp-caption alignnone\" style=\"max-width: 310px;\"><img loading=\"lazy\" decoding=\"async\" class=\" wp-image-42609\" src=\"\/wp-content\/uploads\/2021\/10\/Olaf-Reitz-c-privat.jpg\" alt=\"\" width=\"300\" height=\"225\" \/><span class=\"wp-caption-text\">Olaf Reitz &#8211; \u00a9 privat<\/span><\/div>\n<p>&nbsp;<\/p>\n<p>Eine Anmeldung ist erforderlich!<\/p>\n<p>Link zu allen Veranstaltungen:<\/p>\n<p><a href=\"https:\/\/skulpturenpark-waldfrieden.de\/vortraege\/vorschau.html\">https:\/\/skulpturenpark-waldfrieden.de\/vortraege\/vorschau.html<\/a><\/p>\n<p>&nbsp;<\/p>\n<div id=\"attachment_42611\" class=\"wp-caption alignnone\" style=\"max-width: 207px;\"><img loading=\"lazy\" decoding=\"async\" class=\"size-full wp-image-42611\" src=\"\/wp-content\/uploads\/2021\/10\/bibliographie.jpeg\" alt=\"\" width=\"197\" height=\"291\" \/><span class=\"wp-caption-text\">Anne Linsel &#8211; eine Kultur-Institution in Wuppertal &#8211; \u00a9 privat<\/span><\/div>\n","protected":false},"excerpt":{"rendered":"<p>Der Tisch wird wieder gedeckt: Im November feiert die \u201eLiterarische Teezeit\u201c im Caf\u00e9 Podest im Skulpturenpark Waldfrieden ein Comebeck. Caroline Keufen, Julia Wolff, Bernt Hahn und Olaf Reitz pr\u00e4sentieren Weltliteratur.<\/p>\n","protected":false},"author":7,"featured_media":0,"comment_status":"open","ping_status":"closed","sticky":false,"template":"","format":"standard","meta":{"footnotes":""},"categories":[29],"tags":[],"class_list":["post-42598","post","type-post","status-publish","format-standard","hentry","category-kultur"],"publishpress_future_action":{"enabled":false,"date":"2026-05-08 02:34:21","action":"change-status","newStatus":"draft","terms":[],"taxonomy":"category","extraData":[]},"publishpress_future_workflow_manual_trigger":{"enabledWorkflows":[]},"_links":{"self":[{"href":"https:\/\/www.die-stadtzeitung.de\/index.php\/wp-json\/wp\/v2\/posts\/42598","targetHints":{"allow":["GET"]}}],"collection":[{"href":"https:\/\/www.die-stadtzeitung.de\/index.php\/wp-json\/wp\/v2\/posts"}],"about":[{"href":"https:\/\/www.die-stadtzeitung.de\/index.php\/wp-json\/wp\/v2\/types\/post"}],"author":[{"embeddable":true,"href":"https:\/\/www.die-stadtzeitung.de\/index.php\/wp-json\/wp\/v2\/users\/7"}],"replies":[{"embeddable":true,"href":"https:\/\/www.die-stadtzeitung.de\/index.php\/wp-json\/wp\/v2\/comments?post=42598"}],"version-history":[{"count":8,"href":"https:\/\/www.die-stadtzeitung.de\/index.php\/wp-json\/wp\/v2\/posts\/42598\/revisions"}],"predecessor-version":[{"id":42612,"href":"https:\/\/www.die-stadtzeitung.de\/index.php\/wp-json\/wp\/v2\/posts\/42598\/revisions\/42612"}],"wp:attachment":[{"href":"https:\/\/www.die-stadtzeitung.de\/index.php\/wp-json\/wp\/v2\/media?parent=42598"}],"wp:term":[{"taxonomy":"category","embeddable":true,"href":"https:\/\/www.die-stadtzeitung.de\/index.php\/wp-json\/wp\/v2\/categories?post=42598"},{"taxonomy":"post_tag","embeddable":true,"href":"https:\/\/www.die-stadtzeitung.de\/index.php\/wp-json\/wp\/v2\/tags?post=42598"}],"curies":[{"name":"wp","href":"https:\/\/api.w.org\/{rel}","templated":true}]}}