{"id":42554,"date":"2021-10-21T10:56:07","date_gmt":"2021-10-21T08:56:07","guid":{"rendered":"https:\/\/www.die-stadtzeitung.de\/?p=42554"},"modified":"2021-10-21T10:56:07","modified_gmt":"2021-10-21T08:56:07","slug":"die-gepa-garantiert-bei-uns-weihnachtet-es-fair","status":"publish","type":"post","link":"https:\/\/www.die-stadtzeitung.de\/index.php\/2021\/10\/21\/die-gepa-garantiert-bei-uns-weihnachtet-es-fair\/","title":{"rendered":"Die GEPA garantiert: Bei uns weihnachtet es fair"},"content":{"rendered":"<div id=\"attachment_42559\" class=\"wp-caption alignnone\" style=\"max-width: 1034px;\"><img loading=\"lazy\" decoding=\"async\" class=\"wp-image-42559 size-large\" src=\"\/wp-content\/uploads\/2021\/10\/03_Francisco_Oleaga_von_COOPROAGRO-2-1024x729.jpg\" alt=\"\" width=\"1024\" height=\"729\" \/><span class=\"wp-caption-text\">Francisco Oleaga von COOPROAGO aus der Dominikanischen Republik. Einen Teil des Kakaos f\u00fcr ihren Adventskalender und die Schoko-Nikol\u00e4use bekommt die GEPA von der Kooperative &#8211; \u00a9 \u00a0Foto: GEPA \u2013 The Fair Trade Company \/ Christian Nusch<\/span><\/div>\n<p>Tischsets in Rot und Gr\u00fcn mit Ranken- und Sternmuster, Geb\u00e4ckdosen sowie handgefertigtes Kaffeegeschirr aus Steinzeug sorgen dar\u00fcber hinaus auch dieses Jahr wieder f\u00fcr die festliche Adventstafel. Baumanh\u00e4nger (Sterne, Engel, B\u00e4ume) aus Wasserhyazinthenpapier sind sicher ein Blickfang am geschm\u00fcckten<span class=\"Apple-converted-space\">\u00a0 <\/span>Weihnachtsbaum.<\/p>\n<p>Bio-faire S\u00fc\u00dfigkeiten und Knabbereien wie Schoko-Nikol\u00e4use, w\u00fcrzige Weihnachtsschokoladen, Spekulatius, Lebkuchenherzen, gebrannte Cashews oder Mandeln aus dem GEPA-Angebot sollen die weihnachtliche Stimmung kulinarisch steigern. Der traditionelle Adventskalender mit Krippenmotiv darf auch dieses Jahr nicht fehlen.<span class=\"Apple-converted-space\">\u00a0<\/span><\/p>\n<p>Teeliebhaber haben die Wahl zwischen Fr\u00fcchtetee mit Tulsi, Bukkobl\u00e4ttern und Baobab, \u201eRosmarin Gr\u00fcntee\u201c, \u201eZimt Cacao Gew\u00fcrztee\u201c sowie den beiden Neuheiten \u201eZitronengras Kr\u00e4utertee\u201c und \u201eFenchel Thymian\u201c.<span class=\"Apple-converted-space\">\u00a0<\/span><\/p>\n<div id=\"attachment_42562\" class=\"wp-caption alignnone\" style=\"max-width: 571px;\"><img loading=\"lazy\" decoding=\"async\" class=\"wp-image-42562 \" src=\"\/wp-content\/uploads\/2021\/10\/04_GEPA-Handwerkspartner_Sang_Arun_Thailand-2-1024x687.jpg\" alt=\"\" width=\"561\" height=\"376\" \/><span class=\"wp-caption-text\">Das handgefertigte Kaffeegeschirr der Serie \u201eFlora\u201c aus Steinzeug bekommt die GEPA von ihrem Handelspartner Sang Arun in Thailand. Das Mindestalter f\u00fcr Besch\u00e4ftigte liegt dort bei 18 Jahren. 88 Prozent von ihnen sind \u00a0Frauen &#8211; \u00a9 Foto: Sang Arun<\/span><\/div>\n<p>F\u00fcr Vieltrinker bietet sich der neue Bio Darjeeling Schwarztee im 1-Kilo-Vorratspack an. Das neue klimaneutrale Honigsortiment der GEPA unter dem Motto #HoneyBeFair eignet sich als Brotaufstrich, S\u00fc\u00dfungsmittel im Tee oder zum Backen der Weihnachtspl\u00e4tzchen. Insbesondere der Bio Canela erh\u00e4lt mit Zimt, einer Prise Kardamom, Muskat und Nelke eine (vor-)weihnachtliche Geschmacksnote.<\/p>\n<h4>Geschenke rundherum plastikfrei<\/h4>\n<p>Damit auch das festliche Drumherum stimmt, k\u00f6nnen Verbraucher fairen \u00dcberraschungen in \u201eFuroshiki\u201c-T\u00fccher aus 100 Prozent recycelter Baumwolle statt in herk\u00f6mmlichen wenig umweltfreundlichen Weihnachstpapier verpacken. Die Idee f\u00fcr diese nachhaltige und wiederverwendbare Textilverpackung stammt urspr\u00fcnglich aus Japan.<\/p>\n<p>Das Motiv des GEPA-Adventskalenders 2021, mit dem man sich 24 Tage lang auf Weihnachten freuen kann, hat der britische K\u00fcnstler Richard Partis gezeichnet. Auch die Weihnachtsschokolade im 40- oder 100-Gramm-Format ziert das Krippenmotiv von Richard Partis. Das diesj\u00e4hrige Bild zeigt eine Gruppe von Kindern, die ein Krippenspiel auff\u00fchren. Im Vordergrund sieht man beispielsweise einen Jungen im Eselskost\u00fcm oder ein M\u00e4dchen, das als rosafarbener Engel verkleidet ist.<span class=\"Apple-converted-space\">\u00a0<\/span><\/p>\n<div id=\"attachment_42564\" class=\"wp-caption alignnone\" style=\"max-width: 556px;\"><img loading=\"lazy\" decoding=\"async\" class=\" wp-image-42564\" src=\"\/wp-content\/uploads\/2021\/10\/05_GEPA-Adventskalender_2021-1024x748.jpg\" alt=\"\" width=\"546\" height=\"399\" \/><span class=\"wp-caption-text\">Der GEPA-Adventskalender 2021 &#8211; gestaltet von Richard Partis &#8211; \u00a9 GEPA<\/span><\/div>\n<p>Hinter den T\u00fcren verbirgt sich bio-faire Vollmilchschokolade: Nicht nur Kakao und Zucker stammen aus Fairem Handel und Bio-Anbau, sondern auch die Alpenmilch aus Deutschland \u2013 rundum fair in S\u00fcd und Nord. In diesem Jahr hat das Pionierprodukt der GEPA, Bio-Vollmilchschokolade mit fairer Milch der Milchwerke Berchtesgadener Land, zehnj\u00e4hriges Jubil\u00e4um gefeiert.<\/p>\n<p>Den beliebten \u201eechten\u201d Bio-Schoko-Nikolaus, originalgetreu mit Mitra und Bischofsstab aus Fairem Handel, gibt es f\u00fcr jeden Anlass und Geschmack: im praktischen Zehnerpack &#8211; ideal zum Verschenken f\u00fcr Freunde, Familie und Kollegen \u2013 als Hohlfigur in 28 und 65 Gramm oder als Confiserie-Variante: in Vollmilch mit wei\u00dfer Schokodekoration oder f\u00fcr Veganer in Zartbitter.<\/p>\n<h4>Mitmachaktion \u201eWeihnachten weltweit&#8220;<\/h4>\n<p>\u201eWeihnachten weltweit\u201c ist eine faire Mitmachaktion f\u00fcr Kinder von drei bis sieben Jahren in Kitas, Grundschulen und im Kindergottesdienst. Dazu laden unter anderem die GEPA-Gesellschafter MISEREOR, Brot f\u00fcr die Welt und das Kindermissionswerk \u201eDie Sternsinger\u201c ein. Dabei dreht sich alles um fair gehandelte Weihnachtsengel, -kugeln und -sterne. N\u00e4heres zur Aktion unter <a href=\"https:\/\/1326735665634febbac970b7ee245c1d.svc.dynamics.com\/t\/t\/TSDkm2qB7PuNxV8PFukxLKq3SR4dX4tKVp4JWwpQ2W8x\/ze5PHNMbhOvOmJEpLoGcArVcDXloOCJNpQOEVg5vzawx\">www.weihnachten-weltweit.de<\/a><\/p>\n<p>Solange Vorrat reicht, sind Fair Trade-Weihnachtsprodukte der GEPA in Weltl\u00e4den, in ausgew\u00e4hlten M\u00e4rkten im Lebensmittel-, Bio- und Naturkosthandel sowie im GEPA-Onlineshop\u00a0<a href=\"https:\/\/1326735665634febbac970b7ee245c1d.svc.dynamics.com\/t\/t\/ntmxq1rVcLUOCk1PskI4M0LrhxeADtu4TDXQgxTTMLkx\/ze5PHNMbhOvOmJEpLoGcArVcDXloOCJNpQOEVg5vzawx\">www.gepa-shop.de<\/a> erh\u00e4ltlich<\/p>\n<h4>\u00dcber die GEPA<\/h4>\n<p>Der Name der GEPA leitet sich von dem Namen ab, den die Firma bei der Firmengr\u00fcndung am 14. Mai 1975 bekam: \u201eGesellschaft zur F\u00f6rderung der Partnerschaft mit der Dritten Welt\u201c. Heute nennt sie sich GEPA &#8211; The Fair Trade Company und ist das gr\u00f6\u00dfte europ\u00e4ische Fair-Handelsunternehmen.<\/p>\n<p>Als Fair Trade-Pionier steht die GEPA seit \u00fcber 45 Jahren f\u00fcr Transparenz und Glaubw\u00fcrdigkeit ihrer Arbeit. Wir handeln als gr\u00f6\u00dfte europ\u00e4ische Fair Handelsorganisation mit Genossenschaften und sozial engagierten Privatbetrieben aus Lateinamerika, Afrika, Asien und Europa.<span class=\"Apple-converted-space\">\u00a0<\/span><\/p>\n<div id=\"attachment_42565\" class=\"wp-caption alignnone\" style=\"max-width: 553px;\"><img loading=\"lazy\" decoding=\"async\" class=\" wp-image-42565\" src=\"\/wp-content\/uploads\/2021\/10\/01_Weihnachtlich_gedeckter_Tisch_von_oben-1024x683.jpg\" alt=\"\" width=\"543\" height=\"362\" \/><span class=\"wp-caption-text\">Ein weihnachtlich gedeckter Tisch mit nachhaltigen GEPA-Produkten &#8211; \u00a9 GEPA<\/span><\/div>\n<p>Durch faire Preise und langfristige Handelsbeziehungen haben die Partner mehr Planungssicherheit. Hinter der GEPA stehen MISEREOR, Brot f\u00fcr die Welt, die Arbeitsgemeinschaft der Evangelischen Jugend in Deutschland (aej), der Bund der Deutschen Katholischen Jugend (BDKJ) und das Kindermissionswerk \u201eDie Sternsinger\u201c.<span class=\"Apple-converted-space\">\u00a0<\/span><\/p>\n<p>F\u00fcr ihre Verdienste um den Fairen Handel und die Nachhaltigkeit ist die GEPA vielfach ausgezeichnet worden, u. a. beim Deutschen Nachhaltigkeitspreis mit TOP3 in der Kategorie \u201eUnternehmenspartnerschaften 2020\u201c f\u00fcr die langj\u00e4hrige Zusammenarbeit mit dem Teepartner Tea Promoters India und mit dem \u201eCSR-Preis der Bundesregierung 2020\u201c in der Kategorie \u201eVerantwortungsvolles Lieferkettenmanagement\u201c.<span class=\"Apple-converted-space\">\u00a0<\/span><\/p>\n<p>Als eines von wenigen Unternehmen in Deutschland hat sich die GEPA nach dem Garantiesystem der WFTO pr\u00fcfen lassen. N\u00e4heres zu Preisen und Auszeichnungen sowie zur GEPA allgemein unter <a href=\"https:\/\/1326735665634febbac970b7ee245c1d.svc.dynamics.com\/t\/t\/Un61NSGcghqU1glhDIsKiioljy6OgQ4fhhm1NWH0weIx\/ze5PHNMbhOvOmJEpLoGcArVcDXloOCJNpQOEVg5vzawx\">www.gepa.de<\/a><\/p>\n","protected":false},"excerpt":{"rendered":"<p>Auch wenn es viele noch nicht wahr haben wollen: Weihnachten steht (fast schon) wieder vor der T\u00fcr. Advent, Advent, ein Lichtlein brennt. Und das geht auch fair, wie die GEPA garantiert. Mit nachhaltigen Kerzen will der Wuppertaler Fair Trade-Company Licht in die dunkle Jahreszeit bringen.<\/p>\n","protected":false},"author":7,"featured_media":0,"comment_status":"open","ping_status":"closed","sticky":false,"template":"","format":"standard","meta":{"footnotes":""},"categories":[22],"tags":[],"class_list":["post-42554","post","type-post","status-publish","format-standard","hentry","category-wirtschaft"],"publishpress_future_action":{"enabled":false,"date":"2026-05-09 04:09:39","action":"change-status","newStatus":"draft","terms":[],"taxonomy":"category","extraData":[]},"publishpress_future_workflow_manual_trigger":{"enabledWorkflows":[]},"_links":{"self":[{"href":"https:\/\/www.die-stadtzeitung.de\/index.php\/wp-json\/wp\/v2\/posts\/42554","targetHints":{"allow":["GET"]}}],"collection":[{"href":"https:\/\/www.die-stadtzeitung.de\/index.php\/wp-json\/wp\/v2\/posts"}],"about":[{"href":"https:\/\/www.die-stadtzeitung.de\/index.php\/wp-json\/wp\/v2\/types\/post"}],"author":[{"embeddable":true,"href":"https:\/\/www.die-stadtzeitung.de\/index.php\/wp-json\/wp\/v2\/users\/7"}],"replies":[{"embeddable":true,"href":"https:\/\/www.die-stadtzeitung.de\/index.php\/wp-json\/wp\/v2\/comments?post=42554"}],"version-history":[{"count":9,"href":"https:\/\/www.die-stadtzeitung.de\/index.php\/wp-json\/wp\/v2\/posts\/42554\/revisions"}],"predecessor-version":[{"id":42567,"href":"https:\/\/www.die-stadtzeitung.de\/index.php\/wp-json\/wp\/v2\/posts\/42554\/revisions\/42567"}],"wp:attachment":[{"href":"https:\/\/www.die-stadtzeitung.de\/index.php\/wp-json\/wp\/v2\/media?parent=42554"}],"wp:term":[{"taxonomy":"category","embeddable":true,"href":"https:\/\/www.die-stadtzeitung.de\/index.php\/wp-json\/wp\/v2\/categories?post=42554"},{"taxonomy":"post_tag","embeddable":true,"href":"https:\/\/www.die-stadtzeitung.de\/index.php\/wp-json\/wp\/v2\/tags?post=42554"}],"curies":[{"name":"wp","href":"https:\/\/api.w.org\/{rel}","templated":true}]}}