{"id":42188,"date":"2021-10-04T09:04:33","date_gmt":"2021-10-04T07:04:33","guid":{"rendered":"https:\/\/www.die-stadtzeitung.de\/?p=42188"},"modified":"2021-10-10T09:46:51","modified_gmt":"2021-10-10T07:46:51","slug":"oh-karl-urbane-entdeckungsreise-mit-film-diskussion","status":"publish","type":"post","link":"https:\/\/www.die-stadtzeitung.de\/index.php\/2021\/10\/04\/oh-karl-urbane-entdeckungsreise-mit-film-diskussion\/","title":{"rendered":"Oh Karl &#8211; Urbane Entdeckungsreise mit Film &#038; Diskussion"},"content":{"rendered":"<div id=\"attachment_38181\" class=\"wp-caption alignnone\" style=\"max-width: 915px;\"><img loading=\"lazy\" decoding=\"async\" class=\" wp-image-38181\" src=\"\/wp-content\/uploads\/2021\/06\/b4ba34cb798f8c19d948a1148175f85f-2.jpg\" alt=\"\" width=\"905\" height=\"569\" \/><span class=\"wp-caption-text\">Der K\u00fcnstler Frank N alias Frank Niermann &#8211; \u00a9 Frank N<\/span><\/div>\n<p>Der Filmemacher weiter: &#8222;Utopien werden vielfach gesucht und diskutiert, konkrete Entwicklungen zur Umsetzung urbaner Umweltziele kommen nur langsam voran und werden kaum wahrgenommen.&#8220;<\/p>\n<p>Am Beispiel \u201cFreibad Mirke \u2013 Mirke 1\u201d soll jetzt gezeigt werden, wie Gesundheits-, Umwelt- und Klimaschutz in der Stadt praktiziert werden kann. Gelingenskriterien und praktische Abl\u00e4ufe sollen diskutiert und herausgearbeitet werden, damit au\u00dfer Utopien zunehmend reale Verbesserungen der Lebensqualit\u00e4t in der Stadt erzielt und Zukunftsperspektiven geschaffen werden.<span class=\"Apple-converted-space\">\u00a0<\/span><\/p>\n<p><img loading=\"lazy\" decoding=\"async\" class=\"alignnone wp-image-42191\" src=\"\/wp-content\/uploads\/2021\/10\/Bildschirmfoto-2020-10-25-um-17.13.01.jpeg\" alt=\"\" width=\"224\" height=\"260\" \/><\/p>\n<p><strong>Termine:<\/strong><\/p>\n<p><strong>Sonntag &#8211; 10.10.2021<\/strong><\/p>\n<p><strong>16.00 Uhr<\/strong><span class=\"Apple-converted-space\"><strong>\u00a0<\/strong> &#8211;<\/span><span class=\"Apple-converted-space\">\u00a0\u00a0<\/span>Treffpunkt: Alte Feuerwache Elberfeld<span class=\"Apple-converted-space\">\u00a0 &#8211;<\/span><span class=\"Apple-converted-space\">\u00a0\u00a0<\/span><strong>Wanderung<\/strong> Nordstadt-Teschemacher Hof &#8211; Freibad Mirke &#8211; Mirker Hain (Dauer 1h)<span class=\"Apple-converted-space\">\u00a0<\/span><\/p>\n<p><b>17.30 Uhr<span class=\"Apple-converted-space\">\u00a0 <\/span>&#8211;<span class=\"Apple-converted-space\">\u00a0 <\/span>Film \u201d Oh Karl\u201d<\/b>, ein Projekt von Frank N und Charles Petersohn<span class=\"Apple-converted-space\">\u00a0 <\/span>&#8211;<span class=\"Apple-converted-space\">\u00a0 <\/span>im Veranstaltungsraum des Freibads Mirke<\/p>\n<p><b>18.30 Uhr<span class=\"Apple-converted-space\">\u00a0 <\/span>&#8211;<span class=\"Apple-converted-space\">\u00a0 <\/span>Diskussion<\/b> mit Dr. Christina Betz (Stadt Wuppertal, Ressort Stra\u00dfen und Verkehr) und Sebastian Rabe (Stadt Wuppertal, Ressort Forsten \/ Waldbewirtschaftung).<\/p>\n<p><strong>Eintritt frei<\/strong><\/p>\n<p>Die Teilnehmerzahl indoor ist begrenzt, Anmeldung per eMail erbeten\u00a0<a href=\"info@pro-mirke.de\">info@pro-mirke.de<\/a><\/p>\n<p><a href=\"http:\/\/www.freibad-mirke.de\/?p=4392\">www.freibad-mirke.de\/?p=4392<\/a><\/p>\n<p><a href=\"http:\/\/www.oh-karl.jimdofree.com\/\">www.oh-karl.jimdofree.com<\/a><\/p>\n<div id=\"attachment_28991\" class=\"wp-caption alignnone\" style=\"max-width: 411px;\"><img loading=\"lazy\" decoding=\"async\" class=\" wp-image-28991\" src=\"\/wp-content\/uploads\/2020\/05\/c2768aef3af4d66d82a1fcd4254d31c9.jpg\" alt=\"\" width=\"401\" height=\"289\" \/><span class=\"wp-caption-text\">Ein \u00e4u\u00dferst kreativer Kopf: Charles Petersohn &#8211; \u00a9 privat<\/span><\/div>\n","protected":false},"excerpt":{"rendered":"<p>Der Film \u201cOh Karl\u201d von Frank N (Kamera &#8211; Regie &#8211; Cut) und Charles Petersohn (Musik) offenbart die St\u00f6rung des Gleichgewichts zwischen Mensch und Natur. Frank N: &#8222;Inzwischen wird klar: St\u00e4dte sind nicht nur Sehnsuchtsorte f\u00fcr Karrieresuchende und Kulturverliebte sondern auch Risikogebiete. Hitze-, Unwetter- und Infektionsereignisse sind insbesondere in der Stadt besonders folgenschwer und erzeugen Zukunfts\u00e4ngste.&#8220;<\/p>\n","protected":false},"author":7,"featured_media":0,"comment_status":"open","ping_status":"closed","sticky":false,"template":"","format":"standard","meta":{"footnotes":""},"categories":[29],"tags":[],"class_list":["post-42188","post","type-post","status-publish","format-standard","hentry","category-kultur"],"publishpress_future_action":{"enabled":false,"date":"2026-05-10 13:20:07","action":"change-status","newStatus":"draft","terms":[],"taxonomy":"category","extraData":[]},"publishpress_future_workflow_manual_trigger":{"enabledWorkflows":[]},"_links":{"self":[{"href":"https:\/\/www.die-stadtzeitung.de\/index.php\/wp-json\/wp\/v2\/posts\/42188","targetHints":{"allow":["GET"]}}],"collection":[{"href":"https:\/\/www.die-stadtzeitung.de\/index.php\/wp-json\/wp\/v2\/posts"}],"about":[{"href":"https:\/\/www.die-stadtzeitung.de\/index.php\/wp-json\/wp\/v2\/types\/post"}],"author":[{"embeddable":true,"href":"https:\/\/www.die-stadtzeitung.de\/index.php\/wp-json\/wp\/v2\/users\/7"}],"replies":[{"embeddable":true,"href":"https:\/\/www.die-stadtzeitung.de\/index.php\/wp-json\/wp\/v2\/comments?post=42188"}],"version-history":[{"count":4,"href":"https:\/\/www.die-stadtzeitung.de\/index.php\/wp-json\/wp\/v2\/posts\/42188\/revisions"}],"predecessor-version":[{"id":42211,"href":"https:\/\/www.die-stadtzeitung.de\/index.php\/wp-json\/wp\/v2\/posts\/42188\/revisions\/42211"}],"wp:attachment":[{"href":"https:\/\/www.die-stadtzeitung.de\/index.php\/wp-json\/wp\/v2\/media?parent=42188"}],"wp:term":[{"taxonomy":"category","embeddable":true,"href":"https:\/\/www.die-stadtzeitung.de\/index.php\/wp-json\/wp\/v2\/categories?post=42188"},{"taxonomy":"post_tag","embeddable":true,"href":"https:\/\/www.die-stadtzeitung.de\/index.php\/wp-json\/wp\/v2\/tags?post=42188"}],"curies":[{"name":"wp","href":"https:\/\/api.w.org\/{rel}","templated":true}]}}