{"id":42134,"date":"2021-10-07T16:55:06","date_gmt":"2021-10-07T14:55:06","guid":{"rendered":"https:\/\/www.die-stadtzeitung.de\/?p=42134"},"modified":"2021-10-07T16:55:45","modified_gmt":"2021-10-07T14:55:45","slug":"begegnungen-mit-petra-fixe-hassan-hashemi","status":"publish","type":"post","link":"https:\/\/www.die-stadtzeitung.de\/index.php\/2021\/10\/07\/begegnungen-mit-petra-fixe-hassan-hashemi\/","title":{"rendered":"&#8222;Begegnungen&#8220; mit Petra Frixe &#038; Hassan Hashemi"},"content":{"rendered":"<div id=\"attachment_42143\" class=\"wp-caption alignnone\" style=\"max-width: 679px;\"><img loading=\"lazy\" decoding=\"async\" class=\"size-full wp-image-42143\" src=\"\/wp-content\/uploads\/2021\/10\/Bild-2.jpg\" alt=\"\" width=\"669\" height=\"465\" \/><span class=\"wp-caption-text\">De K\u00fcnstler Petra Frixe und Hassan Hashemi in ihrer Kunstgalerie &#8222;Raum 14&#8220; in der Rathaus-Galerie &#8211; \u00a9Frixe\/Hashemi<\/span><\/div>\n<p>Bei &#8222;Begegnungen&#8220; treffen die Betrachter auf Fl\u00e4chen, Formen, Linien, Farben, Raum, Lineares, Abstraktes, Monochromes, Gegenst\u00e4ndliches, Farbiges.<\/p>\n<p>Petra Frixe Und Hassan Hashemi: &#8222;Die Besucher begegnen K\u00fcnstlern und ihrer Kunst und letztendlich begegnet die Kunst dem Raum und dem Haus.&#8220;<\/p>\n<h4>\u00dcber die K\u00fcnstler:<\/h4>\n<p><strong>Petra Frixe<\/strong> studierte in Wuppertal Kunst und Design mit dem Schwerpunkt Freie Grafik und Malerei bei Prof. Gerd Aretz und Prof. Wil Sensen. Sie erhielt f\u00fcr ihre Diplomarbeit den &#8222;1. F\u00f6rderpreis der Freunde und F\u00f6rderer der Bergischen Universit\u00e4t Wuppertal&#8220; und war als Dozentin f\u00fcr Druckgrafik t\u00e4tig.<\/p>\n<p>Petra Frixe stellt seit 1990 aus. Sie ist Mitglied im Bundesverband bildender K\u00fcnstler (BBK) und in der Bergischen Kunstgenossenschaft (BKG).<\/p>\n<p><strong>Hassan Hashemi<\/strong> ist studierter Maler und Grafiker. Er hat in Teheran (Iran) sein 1. Kunststudium abgeschlossen. 1986 kam er nach Deutschland. In K\u00f6ln studierte er zun\u00e4chst Freie Kunst und danach in Wuppertal Kunst und Design bei Prof. Wil Sensen und Prof. Dr. Bazon Brock. Bereits w\u00e4hrend seines Studiums war als Dozent f\u00fcr Druckgrafik t\u00e4tig.<\/p>\n<p>Nach Ausstellungen in Museen und auf Messen gr\u00fcndete er 2000 mit der K\u00fcnstlerin Petra Frixe die Galerie &#8222;Raum 14&#8220; in der Rathausgalerie.<\/p>\n<p>Auch Hassan Hashemi ist Mitglied im Bundesverband bildender K\u00fcnstler (BBK) und in der Bergischen Kunstgenossenschaft (BKG).<\/p>\n<p><strong>Weitere Infos \u00fcber Petra Frixe &amp; Hassan Hashemi:<\/strong><\/p>\n<p><a href=\"https:\/\/www.rathaus-galerie-wuppertal.de\/shop\/kunstgalerie-hashemi\/\">https:\/\/www.rathaus-galerie-wuppertal.de\/shop\/kunstgalerie-hashemi\/<\/a><\/p>\n","protected":false},"excerpt":{"rendered":"<p>&#8222;Begegnungen&#8220; heisst die interessante Ausstellung in &#8222;Raum 14&#8220; der Rathaus-Galerie, die parallel zum Projekt &#8222;MultiplakARTiv &#8211; Kunst trifft Einzelhandel&#8220; stattfindet. Die Wuppertaler K\u00fcnstler Petra Frixe und Hassan Hashemi zeigen dort bis zum 13.10. ihre Werke.<\/p>\n","protected":false},"author":7,"featured_media":0,"comment_status":"open","ping_status":"closed","sticky":false,"template":"","format":"standard","meta":{"footnotes":""},"categories":[29],"tags":[],"class_list":["post-42134","post","type-post","status-publish","format-standard","hentry","category-kultur"],"publishpress_future_action":{"enabled":false,"date":"2026-05-06 11:40:46","action":"change-status","newStatus":"draft","terms":[],"taxonomy":"category","extraData":[]},"publishpress_future_workflow_manual_trigger":{"enabledWorkflows":[]},"_links":{"self":[{"href":"https:\/\/www.die-stadtzeitung.de\/index.php\/wp-json\/wp\/v2\/posts\/42134","targetHints":{"allow":["GET"]}}],"collection":[{"href":"https:\/\/www.die-stadtzeitung.de\/index.php\/wp-json\/wp\/v2\/posts"}],"about":[{"href":"https:\/\/www.die-stadtzeitung.de\/index.php\/wp-json\/wp\/v2\/types\/post"}],"author":[{"embeddable":true,"href":"https:\/\/www.die-stadtzeitung.de\/index.php\/wp-json\/wp\/v2\/users\/7"}],"replies":[{"embeddable":true,"href":"https:\/\/www.die-stadtzeitung.de\/index.php\/wp-json\/wp\/v2\/comments?post=42134"}],"version-history":[{"count":12,"href":"https:\/\/www.die-stadtzeitung.de\/index.php\/wp-json\/wp\/v2\/posts\/42134\/revisions"}],"predecessor-version":[{"id":42147,"href":"https:\/\/www.die-stadtzeitung.de\/index.php\/wp-json\/wp\/v2\/posts\/42134\/revisions\/42147"}],"wp:attachment":[{"href":"https:\/\/www.die-stadtzeitung.de\/index.php\/wp-json\/wp\/v2\/media?parent=42134"}],"wp:term":[{"taxonomy":"category","embeddable":true,"href":"https:\/\/www.die-stadtzeitung.de\/index.php\/wp-json\/wp\/v2\/categories?post=42134"},{"taxonomy":"post_tag","embeddable":true,"href":"https:\/\/www.die-stadtzeitung.de\/index.php\/wp-json\/wp\/v2\/tags?post=42134"}],"curies":[{"name":"wp","href":"https:\/\/api.w.org\/{rel}","templated":true}]}}