{"id":42117,"date":"2021-10-07T10:13:07","date_gmt":"2021-10-07T08:13:07","guid":{"rendered":"https:\/\/www.die-stadtzeitung.de\/?p=42117"},"modified":"2021-10-07T10:13:07","modified_gmt":"2021-10-07T08:13:07","slug":"helios-klinikum-grundstein-fuer-zentralen-neubau-gelegt","status":"publish","type":"post","link":"https:\/\/www.die-stadtzeitung.de\/index.php\/2021\/10\/07\/helios-klinikum-grundstein-fuer-zentralen-neubau-gelegt\/","title":{"rendered":"Helios Klinikum: Grundstein f\u00fcr zentralen Neubau gelegt"},"content":{"rendered":"<div id=\"attachment_42119\" class=\"wp-caption alignnone\" style=\"max-width: 1034px;\"><img loading=\"lazy\" decoding=\"async\" class=\"size-large wp-image-42119\" src=\"\/wp-content\/uploads\/2021\/10\/HUKW_Grundsteinlegung3-1024x683.jpg\" alt=\"\" width=\"1024\" height=\"683\" \/><span class=\"wp-caption-text\">Bei der Grundsteinlegung: (v.r.) Dr. Holger Raphael (Gesch\u00e4ftsf\u00fchrer Helios Klinikum Wuppertal), Heiner Fragemann (Stellv. B\u00fcrgermeister Wuppertal) und Prof. Dr. med. Rudolf Leuwer (Medizinischer Helios-Regionalgesch\u00e4ftsf\u00fchrer) &#8211; \u00a9 Michael Mutzberg \/ Helios Klinikum Wuppertal<\/span><\/div>\n<p>Es entsteht ein Geb\u00e4ude, das optimale Voraussetzungen f\u00fcr die universit\u00e4re Medizin am Standort und insbesondere auch Notfallmedizin bieten soll.<\/p>\n<p>Bei s\u00e4mtlichen Planungen ginge es &#8211; so Dr. Holger Raphael &#8211; vor allem um Komfort, Qualit\u00e4t und Sicherheit in der Patientenversorgung, die sinnvolle Zusammenf\u00fchrung medizinischer Fachbereiche \u2013 inklusive m\u00f6glichst kurzer Wege und optimaler Abl\u00e4ufe.<\/p>\n<p>Mit dem dann umgezogenen Herzzentrum und als sogenannte SAV-Klinik, (Schwerstverletzungsartenverfahren), bietet das HUKW im Notfallbereich \u00fcberregionale Spitzenmedizin. Schwere Herzerkrankungen und Unfall-Schwerstverletzte k\u00f6nnen dann schnell und umfassend interdisziplin\u00e4r versorgt werden.<\/p>\n<div id=\"attachment_42122\" class=\"wp-caption alignnone\" style=\"max-width: 1034px;\"><img loading=\"lazy\" decoding=\"async\" class=\"wp-image-42122 size-large\" src=\"\/wp-content\/uploads\/2021\/10\/HUKW_Grundsteinlegung2-2-1024x597.jpg\" alt=\"\" width=\"1024\" height=\"597\" \/><span class=\"wp-caption-text\">Mit der &#8222;Zeitkapsel&#8220;: (v.l.) Heiner Fragemann, Dr. Holger Raphael und Prof. Dr. Rudolf Leuwer \u00a0&#8211; \u00a9 Michael Mutzberg \/ Helios Klinikum Wuppertal<\/span><\/div>\n<p>Durch die Inbetriebnahme des Neubaus will Helios diese internen Prozesse weiter verk\u00fcrzen: Rettungshubschrauber mit dringlich zu versorgenden Patienten k\u00f6nnen k\u00fcnftig zentral auf dem neuen Geb\u00e4ude landen. Hubschrauberlandeplatz, Intensivstation, operatives Zentrum (OPs) und Notaufnahme sind \u00fcber eine Aufzuggruppe unmittelbar miteinander verbunden.<\/p>\n<p>Der 4-geschossige Neubau auf ca. 5.500 m\u00b2 Grundfl\u00e4che wird ganz auf die interdisziplin\u00e4re Zusammenarbeit der einzelnen Abteilungen ausgerichtet sein. Der gro\u00dfe Vorteil: Hier werden baulich die medizinisch verwandten Kliniken, diagnostische Bereiche, ein Zentral-OP mit 16 S\u00e4len, ein Labor und das neue Notfallzentrum unter einem Dach zusammengefasst.<\/p>\n<p>\u201eEin so umfassendes Bauprojekt mitten im Zentrum eines Krankenhausgel\u00e4ndes bei laufendem Betrieb umzusetzen, ohne diesen zu beeintr\u00e4chtigen, ist eine besondere logistische und organisatorische Herausforderung,\u201c so der stellvertretende B\u00fcrgermeister Heiner Fragemann. Er lobte die medizinische Leistung der Mitarbeiterinnen und Mitarbeiter des Helios-Klinikums, insbesondere in der Corona-Pandemie.<\/p>\n<div id=\"attachment_42123\" class=\"wp-caption alignnone\" style=\"max-width: 1034px;\"><img loading=\"lazy\" decoding=\"async\" class=\"size-large wp-image-42123\" src=\"\/wp-content\/uploads\/2021\/10\/HUKW_Grundsteinlegung1-2-1024x601.jpg\" alt=\"\" width=\"1024\" height=\"601\" \/><span class=\"wp-caption-text\">Dr. Holger Raphael bei der Begr\u00fc\u00dfung der G\u00e4ste &#8211; \u00a9 Michael Mutzberg \/ Helios Klinikum Wuppertal<\/span><\/div>\n<p>F\u00fcr Prof. Leuwer ist der nun entstehende Neubau \u201eeine H\u00fclle, die mit medizinischer Kompetenz auf h\u00f6chstem medizinischem Niveau\u201c gef\u00fcllt wird. \u201eDie Klinik ist mehr &#8211; sie ist ein Universit\u00e4tsklinikum und das ist ein Mehrwert f\u00fcr die Stadt Wuppertal,\u201c f\u00fchrt er aus.<\/p>\n<p>H\u00f6hepunkt der traditionellen, feierlichen Zeremonie: Gemeinsam wurde eine Zeitkapsel gef\u00fcllt und symbolisch ein Grundstein gelegt. \u201eIch freue mich schon jetzt auf das Richtfest und hoffe, dass wir Sie dann beizeiten mit einer F\u00fchrung durch die neuen R\u00e4umlichkeiten begeistern und beeindrucken k\u00f6nnen,\u201c so Dr. Holger Raphael am Ende der Feier.<\/p>\n<p><a href=\"http:\/\/www.helios-gesundheit.de\/wuppertal\">http:\/\/www.helios-gesundheit.de\/wuppertal<\/a><\/p>\n","protected":false},"excerpt":{"rendered":"<p>\u201eWir machen uns fit f\u00fcr die Zukunft!\u201c erkl\u00e4rte Dr. Holger Raphael, Klinikgesch\u00e4ftsf\u00fchrer des Helios Universit\u00e4tsklinikums Wuppertal, bei der feierlichen Grundsteinlegung. Auf dem Campus Barmen entsteht ein zentraler Neubau anstelle der H\u00e4user 6 und 7 sowie des Mittelgartens, der im Herbst 2024 in Betrieb gehen wird. Investitionsvolumen: Rund 120 Millionen Euro.<\/p>\n","protected":false},"author":7,"featured_media":0,"comment_status":"open","ping_status":"closed","sticky":false,"template":"","format":"standard","meta":{"footnotes":""},"categories":[24],"tags":[],"class_list":["post-42117","post","type-post","status-publish","format-standard","hentry","category-wuppertal"],"publishpress_future_action":{"enabled":false,"date":"2026-05-07 15:30:14","action":"change-status","newStatus":"draft","terms":[],"taxonomy":"category","extraData":[]},"publishpress_future_workflow_manual_trigger":{"enabledWorkflows":[]},"_links":{"self":[{"href":"https:\/\/www.die-stadtzeitung.de\/index.php\/wp-json\/wp\/v2\/posts\/42117","targetHints":{"allow":["GET"]}}],"collection":[{"href":"https:\/\/www.die-stadtzeitung.de\/index.php\/wp-json\/wp\/v2\/posts"}],"about":[{"href":"https:\/\/www.die-stadtzeitung.de\/index.php\/wp-json\/wp\/v2\/types\/post"}],"author":[{"embeddable":true,"href":"https:\/\/www.die-stadtzeitung.de\/index.php\/wp-json\/wp\/v2\/users\/7"}],"replies":[{"embeddable":true,"href":"https:\/\/www.die-stadtzeitung.de\/index.php\/wp-json\/wp\/v2\/comments?post=42117"}],"version-history":[{"count":5,"href":"https:\/\/www.die-stadtzeitung.de\/index.php\/wp-json\/wp\/v2\/posts\/42117\/revisions"}],"predecessor-version":[{"id":42125,"href":"https:\/\/www.die-stadtzeitung.de\/index.php\/wp-json\/wp\/v2\/posts\/42117\/revisions\/42125"}],"wp:attachment":[{"href":"https:\/\/www.die-stadtzeitung.de\/index.php\/wp-json\/wp\/v2\/media?parent=42117"}],"wp:term":[{"taxonomy":"category","embeddable":true,"href":"https:\/\/www.die-stadtzeitung.de\/index.php\/wp-json\/wp\/v2\/categories?post=42117"},{"taxonomy":"post_tag","embeddable":true,"href":"https:\/\/www.die-stadtzeitung.de\/index.php\/wp-json\/wp\/v2\/tags?post=42117"}],"curies":[{"name":"wp","href":"https:\/\/api.w.org\/{rel}","templated":true}]}}