{"id":42043,"date":"2021-10-02T17:03:12","date_gmt":"2021-10-02T15:03:12","guid":{"rendered":"https:\/\/www.die-stadtzeitung.de\/?p=42043"},"modified":"2021-10-08T09:14:43","modified_gmt":"2021-10-08T07:14:43","slug":"jubilaeumsfeier-mit-verena-louis-und-thomas-laske","status":"publish","type":"post","link":"https:\/\/www.die-stadtzeitung.de\/index.php\/2021\/10\/02\/jubilaeumsfeier-mit-verena-louis-und-thomas-laske\/","title":{"rendered":"Jubil\u00e4umsfeier mit Verena Louis und Thomas Laske"},"content":{"rendered":"<div id=\"attachment_41152\" class=\"wp-caption alignnone\" style=\"max-width: 1034px;\"><img loading=\"lazy\" decoding=\"async\" class=\"size-large wp-image-41152\" src=\"\/wp-content\/uploads\/2021\/09\/Verena-Louis-Thomas-Laske_Credt_Thomas-Laske-2-1024x851.jpg\" alt=\"\" width=\"1024\" height=\"851\" \/><span class=\"wp-caption-text\">Die Pianistin Verena Louis und der Bariton Thomas Laske &#8211; \u00a9 Thomas Laske<\/span><\/div>\n<p>Die Pianistin Verena Louis nimmt in der Welt der Klavierpartner einen festen Platz ein, wobei sie bei den Streichern und im Liedfach gleicherma\u00dfen zuhause ist. Geboren wurde Verena Louis in Paris, aufgewachsen ist sie in Frankreich, Deutschland und Portugal. Ihre pianistische und kammermusikalische Ausbildung erhielt sie an der Musikhochschule K\u00f6ln bei Roswitha Gediga, Michael Endres, dem Amadeus Quartett und dem Alban-Berg-Quartett.<\/p>\n<p>Nachdem sie selbst mehrfach auf Wettbewerben ausgezeichnet wurde, engagieren sie seit vielen Jahren nationale und internationale Wettbewerbe als Begleiterin, so der Deutsche Musikwettbewerb, der Internationale Violinwettbewerb K\u00f6ln, der internationale Wettbewerb \u201eJ\u00falio Cardona\u201c in Portugal sowie der Concours International de Gen\u00e8ve.<\/p>\n<p>Seit zwanzig Jahren ist sie die st\u00e4ndige Begleiterin der Geigenklasse von Adelina Oprean an der Musikhochschule in Basel, seit 2013 zudem Solorepetitorin der Streicher an der Hochschule Mendelssohn Bartholdy in Leipzig.<\/p>\n<p>Auftritte bei den Festspielen Mecklenburg-Vorpommern und dem Rheingau Musik Festival, Kammermusikreisen durch Europa, eine Reihe von Urauff\u00fchrungen sowie ihre T\u00e4tigkeit als Kammermusikdozentin bei der Acad\u00e9mie de musique de chambre de Thury dokumentieren ihre k\u00fcnstlerische Vielseitigkeit. Verena Louis lebt mit ihrer Familie in Leipzig.<\/p>\n<h4>Wahl-Wuppertaler Thomas Laske<\/h4>\n<p>Der in Stuttgart geborene Bariton Thomas Laske sammelte als Mitglied der Hymnus-Chorknaben in seiner Heimatstadt erste musikalische Erfahrungen. In D\u00fcsseldorf schloss er zun\u00e4chst ein Studium der Ton- und Bildtechnik als Diplomingenieur ab, ehe er bei Brigitte D\u00fcrrler seine Stimme ausbilden lie\u00df; auch von Andreas Schmidt und Otto Edelmann wurde er unterrichtet. Nachdem Laske beim Richard-Strauss-Wettbewerb in M\u00fcnchen 1997 den ersten Preis gewonnen hat, begann er seine Gesangskarriere im Opernstudio der Deutschen Oper am Rhein, anschlie\u00dfend wurde er an die Wuppertaler B\u00fchnen engagiert.<\/p>\n<div id=\"attachment_25472\" class=\"wp-caption alignnone\" style=\"max-width: 642px;\"><img loading=\"lazy\" decoding=\"async\" class=\"size-full wp-image-25472\" src=\"\/wp-content\/uploads\/2018\/07\/15ac78f3ba5fa198f47c55873eaaffd7.jpeg\" alt=\"\" width=\"632\" height=\"423\" \/><span class=\"wp-caption-text\">Bariton Thomas Laske als Hauptdarsteller in einer Operette &#8211; \u00a9 privat<\/span><\/div>\n<p>Thomas Laske z\u00e4hlt die gro\u00dfen Baritonpartien Mozart zu seinem Repertoire, den Grafen Almaviva, den Figaro und den Don Giovanni, aber auch Rollen aus italienischen, franz\u00f6sischen und russischen Opern wie Escamillo (Bizets Carmen), Tschaikowskys Eugen Onegin oder Puccinis Marcello (La Boh\u00e8me) und Sharpless (Madama Butterfly).<\/p>\n<p>Gastspiele f\u00fchrten ihn an die Deutsche Oper Berlin, die Bayerische Staatsoper, die St\u00e4dtischen B\u00fchnen K\u00f6ln, die Oper Frankfurt und das Nieders\u00e4chsische Staatstheater Hannover. Vor allem aber ist Thomas Laske auch ein gefragter Lied- und Konzerts\u00e4nger, der mit Dirigenten wie Karl-Friedrich Beringer, Georg Christoph Biller, Riccardo Chailly, Mariss Jansons, Ton Koopman, Helmuth Rilling und Wolfgang Sawallisch zusammengearbeitet hat. Seit 2010 ist Laske auch als Gesangsp\u00e4dagoge an der Robert-Schumann-Hochschule D\u00fcsseldorf t\u00e4tig.<\/p>\n<p><strong>Termin<span class=\"Apple-converted-space\">\u00a0<\/span><\/strong><\/p>\n<p>Freitag &#8211; \u00a008. Oktober &#8211; 19:30 Uhr<\/p>\n<p>75 Jahre Chormusik \u2013 Liederabend zum Jubil\u00e4um der Kantorei Barmen-Gemarke<\/p>\n<h4>Thomas Laske und Verena Louis<\/h4>\n<p>Eintritt 13,00 \u20ac im Vorverkauf &amp; 15,00 \u20ac Abendkasse<\/p>\n<p>Kulturzentrum Immanuel &#8211; Von-Eynern-Str. 73 &#8211; 42275 Wuppertal<\/p>\n<p>Gef\u00f6rdert von der Beauftragten der Bundesregierung f\u00fcr Kultur und Medien.<\/p>\n<p>Tickets \u00fcber <a href=\"http:\/\/wuppertal-live.de\/\">wuppertal-live.de<\/a> und alle VVK-Stellen von wuppertal-live, u.a. Musikhaus Landsiedel-Becker und Ticketzentrale Elberfeld<\/p>\n<p><a href=\"http:\/\/www.thomas-laske.com\">http:\/\/www.thomas-laske.com<\/a><\/p>\n<p>&nbsp;<\/p>\n","protected":false},"excerpt":{"rendered":"<p>Die Kantorei Barmen-Gemarke feiert am Freitag (08.10.) im Kulturzentrum Immanuel ihr 75-j\u00e4hriges Chor-Jubil\u00e4um! Und das mit einem hochwertigen Programm: Bariton Thomas Laske und Pianistin Verena Louis pr\u00e4sentieren Werke von Maurice Ravel, Robert Schumann und Richard Strauss.<\/p>\n","protected":false},"author":7,"featured_media":0,"comment_status":"open","ping_status":"closed","sticky":false,"template":"","format":"standard","meta":{"footnotes":""},"categories":[29],"tags":[],"class_list":["post-42043","post","type-post","status-publish","format-standard","hentry","category-kultur"],"publishpress_future_action":{"enabled":false,"date":"2026-05-09 08:01:11","action":"change-status","newStatus":"draft","terms":[],"taxonomy":"category","extraData":[]},"publishpress_future_workflow_manual_trigger":{"enabledWorkflows":[]},"_links":{"self":[{"href":"https:\/\/www.die-stadtzeitung.de\/index.php\/wp-json\/wp\/v2\/posts\/42043","targetHints":{"allow":["GET"]}}],"collection":[{"href":"https:\/\/www.die-stadtzeitung.de\/index.php\/wp-json\/wp\/v2\/posts"}],"about":[{"href":"https:\/\/www.die-stadtzeitung.de\/index.php\/wp-json\/wp\/v2\/types\/post"}],"author":[{"embeddable":true,"href":"https:\/\/www.die-stadtzeitung.de\/index.php\/wp-json\/wp\/v2\/users\/7"}],"replies":[{"embeddable":true,"href":"https:\/\/www.die-stadtzeitung.de\/index.php\/wp-json\/wp\/v2\/comments?post=42043"}],"version-history":[{"count":6,"href":"https:\/\/www.die-stadtzeitung.de\/index.php\/wp-json\/wp\/v2\/posts\/42043\/revisions"}],"predecessor-version":[{"id":42049,"href":"https:\/\/www.die-stadtzeitung.de\/index.php\/wp-json\/wp\/v2\/posts\/42043\/revisions\/42049"}],"wp:attachment":[{"href":"https:\/\/www.die-stadtzeitung.de\/index.php\/wp-json\/wp\/v2\/media?parent=42043"}],"wp:term":[{"taxonomy":"category","embeddable":true,"href":"https:\/\/www.die-stadtzeitung.de\/index.php\/wp-json\/wp\/v2\/categories?post=42043"},{"taxonomy":"post_tag","embeddable":true,"href":"https:\/\/www.die-stadtzeitung.de\/index.php\/wp-json\/wp\/v2\/tags?post=42043"}],"curies":[{"name":"wp","href":"https:\/\/api.w.org\/{rel}","templated":true}]}}