{"id":42032,"date":"2021-10-05T13:16:54","date_gmt":"2021-10-05T11:16:54","guid":{"rendered":"https:\/\/www.die-stadtzeitung.de\/?p=42032"},"modified":"2021-10-05T13:16:54","modified_gmt":"2021-10-05T11:16:54","slug":"ein-echtes-schmuckstueck-runderneuerung-fuer-uni-webseite","status":"publish","type":"post","link":"https:\/\/www.die-stadtzeitung.de\/index.php\/2021\/10\/05\/ein-echtes-schmuckstueck-runderneuerung-fuer-uni-webseite\/","title":{"rendered":"Ein echtes Schmuckst\u00fcck: Runderneuerung f\u00fcr Uni-Webseite"},"content":{"rendered":"<div id=\"attachment_42035\" class=\"wp-caption alignnone\" style=\"max-width: 961px;\"><img loading=\"lazy\" decoding=\"async\" class=\" wp-image-42035\" src=\"\/wp-content\/uploads\/2021\/10\/csm_Webseiten-Relaunch_de885d04b3-2.jpeg\" alt=\"\" width=\"951\" height=\"724\" \/><span class=\"wp-caption-text\">Uni-Rektor Prof. Dr. Lambert T. Koch gibt den Startschuss f\u00fcr den Relaunch der Uni-Webseite &#8211; \u00a9 Bergische Universit\u00e4t \/ Friederike von Heyden<\/span><\/div>\n<p>\u201eUns war es wichtig eine neue Webseite zu gestalten, die den Anspr\u00fcchen moderner Nutzerinnen und Nutzern entspricht. Viele Menschen nutzen das Internet ausschlie\u00dflich mit ihrem Smartphone. Diesem Umstand haben wir mit einem konsequenten mobilen Design der Webseite Rechnung getragen\u201c, erkl\u00e4rt Relaunch-Projektleiterin Louisa Holz.<span class=\"Apple-converted-space\">\u00a0<\/span><\/p>\n<p>Auch die Nutzerfreundlichkeit sollte verbessert werden. So finden sich auf der neuen Startseite gleich zahlreiche wichtige Informationen auf einen Blick \u2013 l\u00e4stiges Rumklicken durch Men\u00fcstrukturen geh\u00f6rt damit der Vergangenheit an.<\/p>\n<p>Damit die neue Webseite technisch auf dem neuesten Stand ist, wurde auch im Hintergrund flei\u00dfig gearbeitet und optimiert. Der Umzug auf eine neue Version des Content-Management-Systems sorgt langfristig f\u00fcr die optimale technische Basis.<span class=\"Apple-converted-space\">\u00a0<\/span><\/p>\n<p>\u201eHier zeigt sich, dass die Wahl von TYPO3 in 2009 als Web Content-Management-System f\u00fcr die Universit\u00e4t die richtige war. Wir sind in der Lage, Inhalte automatisiert \u00fcbernehmen zu k\u00f6nnen und erleichtern so der Redaktion den Prozess der Umstellung. Vielen Dank an alle, die im Team daran mitgewirkt haben\u201c, res\u00fcmiert Christian N\u00f6lle, Abteilungsleiter im Zentrum f\u00fcr Informations- und Medienverarbeitung (ZIM).<\/p>\n<p>Auch Uni-Rektor Prof. Dr. Lambert T. Koch zeigt sich angetan vom neuen Design und dankt den Mitarbeiterinnen und Mitarbeitern des Relaunch-Teams, die in den vergangenen Jahren an der Umsetzung gearbeitet haben: \u201eEs ist deutlich zu sehen, wie viel Arbeit und Herzblut in diese Neugestaltung gesteckt wurde. Ich freue mich sehr, dass unsere Universit\u00e4t nun auch in Richtung Allgemeinheit digital so kommunizieren kann, wie es ihren vielen hervorragenden Kompetenzen in diesem Bereich entspricht.\u201c<\/p>\n<div id=\"attachment_42041\" class=\"wp-caption alignnone\" style=\"max-width: 1034px;\"><img loading=\"lazy\" decoding=\"async\" class=\"size-large wp-image-42041\" src=\"\/wp-content\/uploads\/2021\/10\/csm_Header_Universitaet_103f5b42ab-1024x564.jpeg\" alt=\"\" width=\"1024\" height=\"564\" \/><span class=\"wp-caption-text\">Das Uni-Geb\u00e4ude auf der Website &#8211; \u00a9 Bergische Universit\u00e4t<\/span><\/div>\n<p>Das so genannte \u201eGo-Live\u201c der Hauptseite war jedoch nur der erste Schritt, alle weiteren Seiten folgen im Laufe der kommenden Monate. Insgesamt rund 900 Redakteure aus allen Bereichen der Universit\u00e4t m\u00fcssen in den n\u00e4chsten Monaten geschult, ca. 450 (Sub)Domains umgezogen werden.<span class=\"Apple-converted-space\">\u00a0<\/span><\/p>\n<p>\u201eWir wissen, dass der Relaunch der Redaktion einiges an Arbeit abverlangt. Die Umstellung auf das neue System ist nicht immer ganz leicht, neue M\u00f6glichkeiten der Gestaltung m\u00fcssen gelernt, der neue Aufbau der Seiten muss verstanden werden. Wir freuen uns daher umso mehr, dass die Kolleginnen und Kollegen aus allen Bereichen der Universit\u00e4t so toll mitziehen und diesen Webseiten-Relaunch mit uns zu einem Erfolg machen. All das ist das Ergebnis einer riesigen interdisziplin\u00e4ren Teamarbeit\u201c, res\u00fcmiert Holz.<\/p>\n<p>Wie geht es nun weiter? \u201eIm n\u00e4chsten Schritt sind die Fakult\u00e4ten nacheinander an der Reihe. Die ersten Fakult\u00e4ten k\u00f6nnen bis zum 8. Dezember umgezogen sein. Diese Planung gilt zun\u00e4chst f\u00fcr 30 Domains \u2013 die Lehrstuhlseiten folgen im n\u00e4chsten Jahr\u201c, so Matthias Greiling, wissenschaftlicher Mitarbeiter im ZIM. Das Relaunch-Team plant, den gesamten Relaunch im M\u00e4rz 2022 abgeschlossen zu haben.<\/p>\n<p>Weitere Informationen dazu sowie den genauen Zeitplan unter\u00a0<a href=\"http:\/\/www.relaunch.uni-wuppertal.de\">http:\/\/www.relaunch.uni-wuppertal.de<\/a><\/p>\n","protected":false},"excerpt":{"rendered":"<p>Das erste Ziel ist erreicht: Seit Anfang Oktober pr\u00e4sentiert sich die Webseite der Bergischen Universit\u00e4t Wuppertal in neuem Design. Doch nicht nur optisch wei\u00df der neue Webauftritt zu \u00fcberzeugen \u2013 Barrierefreiheit, Mobile First und Nutzerfreundlichkeit sind nur einige der Themen, auf die das Relaunch-Team im Zuge der Entwicklung besonderen Wert gelegt hat.<\/p>\n","protected":false},"author":7,"featured_media":0,"comment_status":"open","ping_status":"closed","sticky":false,"template":"","format":"standard","meta":{"footnotes":""},"categories":[27],"tags":[],"class_list":["post-42032","post","type-post","status-publish","format-standard","hentry","category-wissen"],"publishpress_future_action":{"enabled":false,"date":"2026-05-04 15:30:13","action":"change-status","newStatus":"draft","terms":[],"taxonomy":"category","extraData":[]},"publishpress_future_workflow_manual_trigger":{"enabledWorkflows":[]},"_links":{"self":[{"href":"https:\/\/www.die-stadtzeitung.de\/index.php\/wp-json\/wp\/v2\/posts\/42032","targetHints":{"allow":["GET"]}}],"collection":[{"href":"https:\/\/www.die-stadtzeitung.de\/index.php\/wp-json\/wp\/v2\/posts"}],"about":[{"href":"https:\/\/www.die-stadtzeitung.de\/index.php\/wp-json\/wp\/v2\/types\/post"}],"author":[{"embeddable":true,"href":"https:\/\/www.die-stadtzeitung.de\/index.php\/wp-json\/wp\/v2\/users\/7"}],"replies":[{"embeddable":true,"href":"https:\/\/www.die-stadtzeitung.de\/index.php\/wp-json\/wp\/v2\/comments?post=42032"}],"version-history":[{"count":6,"href":"https:\/\/www.die-stadtzeitung.de\/index.php\/wp-json\/wp\/v2\/posts\/42032\/revisions"}],"predecessor-version":[{"id":42042,"href":"https:\/\/www.die-stadtzeitung.de\/index.php\/wp-json\/wp\/v2\/posts\/42032\/revisions\/42042"}],"wp:attachment":[{"href":"https:\/\/www.die-stadtzeitung.de\/index.php\/wp-json\/wp\/v2\/media?parent=42032"}],"wp:term":[{"taxonomy":"category","embeddable":true,"href":"https:\/\/www.die-stadtzeitung.de\/index.php\/wp-json\/wp\/v2\/categories?post=42032"},{"taxonomy":"post_tag","embeddable":true,"href":"https:\/\/www.die-stadtzeitung.de\/index.php\/wp-json\/wp\/v2\/tags?post=42032"}],"curies":[{"name":"wp","href":"https:\/\/api.w.org\/{rel}","templated":true}]}}