{"id":42006,"date":"2021-10-02T10:34:34","date_gmt":"2021-10-02T08:34:34","guid":{"rendered":"https:\/\/www.die-stadtzeitung.de\/?p=42006"},"modified":"2021-10-07T09:33:02","modified_gmt":"2021-10-07T07:33:02","slug":"babylon-berlin-autor-volker-kutscher-liest-in-der-uni","status":"publish","type":"post","link":"https:\/\/www.die-stadtzeitung.de\/index.php\/2021\/10\/02\/babylon-berlin-autor-volker-kutscher-liest-in-der-uni\/","title":{"rendered":"&#8222;Babylon Berlin&#8220;-Autor Volker Kutscher liest in der Uni"},"content":{"rendered":"<div id=\"attachment_41987\" class=\"wp-caption alignnone\" style=\"max-width: 1034px;\"><img loading=\"lazy\" decoding=\"async\" class=\"size-large wp-image-41987\" src=\"\/wp-content\/uploads\/2021\/10\/Volker-Bruch-2-1024x683.jpg\" alt=\"\" width=\"1024\" height=\"683\" \/><span class=\"wp-caption-text\">Volker Bruch alias Gereon Rath in der erfolgreichen TV-Serie &#8222;Babylon Berlin&#8220; &#8211; \u00a9 Babylon Berlin<\/span><\/div>\n<p>Gereon Rath ist der Held mehrerer Romane und muss sich als solcher und in seiner Eigenschaft als Kriminalkommissar im Berlin der sp\u00e4ten zwanziger und fr\u00fchen drei\u00dfiger Jahre mit Verbrechen und Verbrechern aller Art herumschlagen.<\/p>\n<p>Acht Romane sind bislang erschienen: \u201eDer nasse Fisch\u201c (2007), \u201eDer stumme Tod\u201c (2009), \u201eGoldstein\u201c (2010), \u201eDie Akte Vaterland\u201c (2012), \u201eM\u00e4rzgefallene\u201c (2014), \u201eLunapark\u201c (2016), \u201eMarlow\u201c (2018) und \u201eOlympia\u201c (2020). Die Reihe ist Grundlage der Serie \u201eBabylon Berlin\u201c.<\/p>\n<p>Volker Kutscher (59) wurde in Lindlar im Bergischen Land geboren und wuchs in Wipperf\u00fcrth auf. Er studierte Germanistik, Philosophie sowie Geschichte an den Universit\u00e4ten Wuppertal und K\u00f6ln und arbeitete danach zun\u00e4chst als Tageszeitungsredakteur, bevor er sich dem Romanschreiben zuwandte.<\/p>\n<div id=\"attachment_42008\" class=\"wp-caption alignnone\" style=\"max-width: 310px;\"><img loading=\"lazy\" decoding=\"async\" class=\"size-full wp-image-42008\" src=\"\/wp-content\/uploads\/2021\/10\/csm_produkt-10006302_5de8e8ebf7.jpg.webp\" alt=\"\" width=\"300\" height=\"479\" \/><span class=\"wp-caption-text\">Der neue Roman von Volker Kutscher &#8211; ISBN 978-3-492-07050-1 &#8211; \u00a9 Piper Verlag<\/span><\/div>\n<p>Seinen ersten Kriminalroman\u00a0\u201eBullenmord\u201c\u00a0schrieb er 1996 zusammen mit Christian Schnalke. Nach weiteren, im Bergischen Land angesiedelten Regionalkrimis (\u201eVater unser\u201c,\u00a01998;\u00a0\u201eDer schwarze Jakobiner\u201c,\u00a02001),\u00a0begann Kutscher im Jahr 2007 seine Serie um den Kriminalkommissar Gereon Rath. Kutscher lebt in K\u00f6ln und Berlin.<\/p>\n<p>Die Lesung ist Teil der internationalen Tagung \u201eTopografien der &#8218;Abweichung&#8216;. Urbane Subkulturen in Literatur und Film des fr\u00fchen 20. Jahrhunderts\u201c zu Ehren von Gabriele Sander, die vom 7. bis 9. Oktober an der Bergischen Universit\u00e4t stattfindet.<\/p>\n<p><strong>Termin: <\/strong><\/p>\n<p>Wann: 07.10. &#8211; 19 Uhr;<\/p>\n<p>Ort: Bergische Universit\u00e4t &#8211; Musiksaal &#8211; Geb\u00e4ude M &#8211; Ebene 09 &#8211; Raum 01<\/p>\n<p>Gau\u00dfstra\u00dfe 20 &#8211; 42119 Wuppertal<\/p>\n","protected":false},"excerpt":{"rendered":"<p>Volker Kutscher, Autor der Erfolgserie \u201eBabylon Berlin\u201c, liest am Donnerstag (07.10.) im Musiksaal (Geb\u00e4ude M, Ebene 09, Raum 01) der Bergischen Universit\u00e4t Wuppertal aus seinem neuesten Buch \u201eOlympia\u201c, dem achten Teil der Gereon Rath-Reihe. Die Veranstaltung ist \u00f6ffentlich und kostenlos.<\/p>\n","protected":false},"author":7,"featured_media":0,"comment_status":"open","ping_status":"closed","sticky":false,"template":"","format":"standard","meta":{"footnotes":""},"categories":[27],"tags":[],"class_list":["post-42006","post","type-post","status-publish","format-standard","hentry","category-wissen"],"publishpress_future_action":{"enabled":false,"date":"2026-05-08 02:33:58","action":"change-status","newStatus":"draft","terms":[],"taxonomy":"category","extraData":[]},"publishpress_future_workflow_manual_trigger":{"enabledWorkflows":[]},"_links":{"self":[{"href":"https:\/\/www.die-stadtzeitung.de\/index.php\/wp-json\/wp\/v2\/posts\/42006","targetHints":{"allow":["GET"]}}],"collection":[{"href":"https:\/\/www.die-stadtzeitung.de\/index.php\/wp-json\/wp\/v2\/posts"}],"about":[{"href":"https:\/\/www.die-stadtzeitung.de\/index.php\/wp-json\/wp\/v2\/types\/post"}],"author":[{"embeddable":true,"href":"https:\/\/www.die-stadtzeitung.de\/index.php\/wp-json\/wp\/v2\/users\/7"}],"replies":[{"embeddable":true,"href":"https:\/\/www.die-stadtzeitung.de\/index.php\/wp-json\/wp\/v2\/comments?post=42006"}],"version-history":[{"count":4,"href":"https:\/\/www.die-stadtzeitung.de\/index.php\/wp-json\/wp\/v2\/posts\/42006\/revisions"}],"predecessor-version":[{"id":42011,"href":"https:\/\/www.die-stadtzeitung.de\/index.php\/wp-json\/wp\/v2\/posts\/42006\/revisions\/42011"}],"wp:attachment":[{"href":"https:\/\/www.die-stadtzeitung.de\/index.php\/wp-json\/wp\/v2\/media?parent=42006"}],"wp:term":[{"taxonomy":"category","embeddable":true,"href":"https:\/\/www.die-stadtzeitung.de\/index.php\/wp-json\/wp\/v2\/categories?post=42006"},{"taxonomy":"post_tag","embeddable":true,"href":"https:\/\/www.die-stadtzeitung.de\/index.php\/wp-json\/wp\/v2\/tags?post=42006"}],"curies":[{"name":"wp","href":"https:\/\/api.w.org\/{rel}","templated":true}]}}