{"id":41916,"date":"2021-10-05T11:15:57","date_gmt":"2021-10-05T09:15:57","guid":{"rendered":"https:\/\/www.die-stadtzeitung.de\/?p=41916"},"modified":"2021-10-09T09:10:01","modified_gmt":"2021-10-09T07:10:01","slug":"was-wuppertal-von-paris-oder-mons-lernen-kann","status":"publish","type":"post","link":"https:\/\/www.die-stadtzeitung.de\/index.php\/2021\/10\/05\/was-wuppertal-von-paris-oder-mons-lernen-kann\/","title":{"rendered":"Was Wuppertal von Paris oder Mons lernen kann"},"content":{"rendered":"<div id=\"attachment_41922\" class=\"wp-caption alignnone\" style=\"max-width: 1034px;\"><img loading=\"lazy\" decoding=\"async\" class=\"size-large wp-image-41922\" src=\"\/wp-content\/uploads\/2021\/10\/18.September-2-1024x768.jpg\" alt=\"\" width=\"1024\" height=\"768\" \/><span class=\"wp-caption-text\">Der von Christo verh\u00fcllte &#8222;Arc de Triumphe&#8220; in Paris \u00a0beeindruckte und begeisterte den Wuppertaler Fotografen- \u00a9 Wolf Birke<\/span><\/div>\n<p>&#8222;Es wird wie ein lebendes Objekt sein, das im Wind lebendig wird und das Licht reflektiert. Die Falten werden sich bewegen, die Oberfl\u00e4che des Denkmals wird sinnlich. Die Leute werden den Arc de Triomphe anfassen wollen\u201d, hatte Christo voller Vorfreude erkl\u00e4rt.<\/p>\n<p>Das kann Wolf Birke voll unterschreiben. Er kehrte von seiner Reise nach Frankreich und Belgien mit vielen Eindr\u00fccken und Gef\u00fchlen im Gep\u00e4ck zur\u00fcck. In all die Bewunderung f\u00fcr das Gesehene und Erlebte mischt sich aber ein wenig Neid und Wehmut, wenn er an seine Heimatstadt Wuppertal und die Chancen denkt, die hier zum Teil leichtfertig vergeben werden.<\/p>\n<h4>Hier Wolf Birkes Eindr\u00fccke in Wort und Bild:<\/h4>\n<p>&#8222;Wenn man, so wie ich gerade, f\u00fcr eine Woche unsere eigentlich doch sch\u00f6ne Stadt verlassen hat und dann aus Anlass von Christos Arc de Triumphe &#8211; Verh\u00fcllung einige Tage durch Paris streift, danach auf der R\u00fcckfahrt \u00fcber die Normandie f\u00fcr einen Tag in Mons in Belgien Station macht, ist man bei der Heimkehr doch eher desillusioniert.<\/p>\n<div id=\"attachment_41930\" class=\"wp-caption alignnone\" style=\"max-width: 1034px;\"><img loading=\"lazy\" decoding=\"async\" class=\"wp-image-41930 size-large\" src=\"\/wp-content\/uploads\/2021\/10\/Bahnhof-Mons-1-2-1024x422.jpg\" alt=\"\" width=\"1024\" height=\"422\" \/><span class=\"wp-caption-text\">Wolf Birke: &#8222;Die Bahnhofsbaustelle in Mons (Belgien) ist echt grandios. Die relativ kleine Stadt schlie\u00dft sich damit ad\u00e4quat an die Strecke Paris-K\u00f6ln an.&#8220; &#8211; \u00a9 Wolf Birke<\/span><\/div>\n<p>Im Zentrum der Millionenmetropole bis fast an die \u201eP\u00e9riepherique\u201c wie auch im Innenstadtbereich der 95.000 Einwohnerstadt Mons \u00fcberhaupt keine sogenannten \u201eGraffitis\u201c, gro\u00dfe Sauberkeit und offensichtlich Respekt vor jeglicher Architektur &#8211; dazu eine radikale Minimierung und Reglementierung des automobilen Verkehrs in einem Ausma\u00df, das in der Wippertaler Rundschau hier t\u00e4glich zu vier Seiten w\u00fctender Leserbriefe f\u00fchren w\u00fcrde.<\/p>\n<p>Man fragt sich unwillk\u00fcrlich, wann zeigt unser Oberb\u00fcrgermeister soviel Courage wie Frau Hidalgo in Paris, ist doch der Franzose nicht gerade f\u00fcr seine lammfromme Haltung gegen\u00fcber der \u201eObrigkeit\u201c bekannt\u2026<\/p>\n<p>Ich liebe die Kolumne von Roderich Trapp, aber bei uns scheint ja weder Satire noch ernsthafte Kritik der B\u00fcrger an manchmal unertr\u00e4glichen Zust\u00e4nden in der Stadt bei den Entscheidern etwas zu bewegen.<\/p>\n<div id=\"attachment_41925\" class=\"wp-caption alignnone\" style=\"max-width: 1034px;\"><img loading=\"lazy\" decoding=\"async\" class=\"wp-image-41925 size-large\" src=\"\/wp-content\/uploads\/2021\/10\/Grand-Place-in-Arras-1024x726.jpg\" alt=\"\" width=\"1024\" height=\"726\" \/><span class=\"wp-caption-text\">Der \u201eGrand Place\u201c in der der franz\u00f6sischen Stadt Arras. Wolf Birke: &#8222;Diese habe ich\u00a0 auf dem Heimweg auch noch kurz besucht. Wie so viele St\u00e4dte in Frankreich und Belgien, wie in Br\u00fcssel, Antwerpen oder L\u00f6wen, w\u00fcrde sich da wohl jeder Europ\u00e4er die Augen reiben, wenn er die Aufregung um den 50 Meter gesperrten Laurentiusplatz mit ansehen m\u00fcsste.&#8220; \u00a9 Wolf Birke<\/span><\/div>\n<p>Die kleine Stadt Mons, vom Strukturwandel mindestens so getroffen wie Wuppertal, bekommt \u00fcbrigens gerade einen neuen Bahnhof, hinter dem sich der Wuppertaler Hauptbahnhof dreimal verstecken kann &#8211; und sie hat es 2015 zur europ\u00e4ischen Kulturhauptstadt gebracht, woran man noch heute an vielen Stellen erinnert wird.<\/p>\n<p>In der Diskussion um eine Bewerbung zur Austragung der Bundesgartenschau beginnt dagegen hier schon wieder der \u201eChor der Wuppertaler Klageweiber und -m\u00e4nner\u201c, vereint mit dem \u00f6rtlichen \u201eKassenwart\u201c, zu jammern: &#8222;Geht nicht, brauchen wir nicht, k\u00f6nnen wir nicht bezahlen, reparieren wir doch erst mal die Schlagl\u00f6cher in irgendwelchen Nebenstra\u00dfen\u2026\u201c<\/p>\n<div id=\"attachment_41926\" class=\"wp-caption alignnone\" style=\"max-width: 1034px;\"><img loading=\"lazy\" decoding=\"async\" class=\"wp-image-41926 size-large\" src=\"\/wp-content\/uploads\/2021\/10\/blue-car-1024x683.jpg\" alt=\"\" width=\"1024\" height=\"683\" \/><span class=\"wp-caption-text\">Der Wuppertaler Fotograf: &#8222;Das andere Beispiel aus Mons hatte ich nur wegen des leuchtend blauen Autos fotografiert, aber diese stille Nebenstra\u00dfe am Rande der Innenstadt, unserem \u00d6lberg vergleichbar, zeigt sich wie alle anderen auch von ihrer besten Seite.&#8220; &#8211; \u00a9 Wolf Birke<\/span><\/div>\n<p>Wie k\u00f6nnen wir\u2019s nur schaffen, dass sich die positiven, zukunftsorientierten Wuppertaler endlich genauso lautstark wie die Jammerlappen zu Wort melden???<\/p>\n<p>Ich versuch\u2019s weiter, wenn ich meine momentane \u201eWuppertal-Depression\u201c \u00fcberwunden habe.<\/p>\n<p><strong>Wolf Birke<\/strong><\/p>\n<div id=\"attachment_41924\" class=\"wp-caption alignnone\" style=\"max-width: 1034px;\"><img loading=\"lazy\" decoding=\"async\" class=\"wp-image-41924 size-large\" src=\"\/wp-content\/uploads\/2021\/10\/Mont-Martre-1024x683.jpg\" alt=\"\" width=\"1024\" height=\"683\" \/><span class=\"wp-caption-text\">Wolf Birke: &#8222;Was Graffiti-freie Innest\u00e4dte angeht, hier ein Beispiel aus Paris: eine Ecke an der Rue Lepic am Montmartre, ein absoluter Touristen-Hotspot rund um die Uhr, aber trotzdem sch\u00f6n genug f\u00fcr ein kleines Jazzkonzert am fr\u00fchen Sonntagmorgen zur Freude der Anwohner.&#8220; &#8211; \u00a9 Wolf Birke<\/span><\/div>\n<div id=\"attachment_41933\" class=\"wp-caption alignnone\" style=\"max-width: 922px;\"><img loading=\"lazy\" decoding=\"async\" class=\"size-large wp-image-41933\" src=\"\/wp-content\/uploads\/2021\/10\/Quartier-Latin-2-912x1024.jpg\" alt=\"\" width=\"912\" height=\"1024\" \/><span class=\"wp-caption-text\">Wolf Birke: &#8222;Das Quartier Latin im alten Zentrum von Paris geh\u00f6rt bis auf einige Boulevards den\u00a0Fu\u00dfg\u00e4ngern und Radfahrern, der wohl meist befahrene Kreisverkehr der Welt wurde\u00a0mal eben f\u00fcr 2 Tage komplett gesperrt, weil an dem\u00a0Wochenende \u201eParis sans Voitures\u201c (autofreies Paris) angesagt war.&#8220; &#8211; \u00a9 Wolf Birke<\/span><\/div>\n<p>&nbsp;<\/p>\n<p>&nbsp;<\/p>\n","protected":false},"excerpt":{"rendered":"<p>Der erfolgreiche Wuppertaler Fotograf Wolf Birke hat der Stadt Paris als Privatmann einen Besuch abgestattet. Grund war die Verh\u00fcllung des weltber\u00fchmten Triumphbogens &#8222;Arc de Triumphe&#8220;, an der Christo seit 2017 arbeitete, die er aber selbst nicht mehr erlebte. Der auf dem ganzen Globus bewunderte K\u00fcnstler mit bulgarischen Wurzeln starb im Mai 2020 im Alter von 84 Jahren.<\/p>\n","protected":false},"author":7,"featured_media":0,"comment_status":"open","ping_status":"closed","sticky":false,"template":"","format":"standard","meta":{"footnotes":""},"categories":[24],"tags":[],"class_list":["post-41916","post","type-post","status-publish","format-standard","hentry","category-wuppertal"],"publishpress_future_action":{"enabled":false,"date":"2026-05-07 15:27:00","action":"change-status","newStatus":"draft","terms":[],"taxonomy":"category","extraData":[]},"publishpress_future_workflow_manual_trigger":{"enabledWorkflows":[]},"_links":{"self":[{"href":"https:\/\/www.die-stadtzeitung.de\/index.php\/wp-json\/wp\/v2\/posts\/41916","targetHints":{"allow":["GET"]}}],"collection":[{"href":"https:\/\/www.die-stadtzeitung.de\/index.php\/wp-json\/wp\/v2\/posts"}],"about":[{"href":"https:\/\/www.die-stadtzeitung.de\/index.php\/wp-json\/wp\/v2\/types\/post"}],"author":[{"embeddable":true,"href":"https:\/\/www.die-stadtzeitung.de\/index.php\/wp-json\/wp\/v2\/users\/7"}],"replies":[{"embeddable":true,"href":"https:\/\/www.die-stadtzeitung.de\/index.php\/wp-json\/wp\/v2\/comments?post=41916"}],"version-history":[{"count":15,"href":"https:\/\/www.die-stadtzeitung.de\/index.php\/wp-json\/wp\/v2\/posts\/41916\/revisions"}],"predecessor-version":[{"id":41939,"href":"https:\/\/www.die-stadtzeitung.de\/index.php\/wp-json\/wp\/v2\/posts\/41916\/revisions\/41939"}],"wp:attachment":[{"href":"https:\/\/www.die-stadtzeitung.de\/index.php\/wp-json\/wp\/v2\/media?parent=41916"}],"wp:term":[{"taxonomy":"category","embeddable":true,"href":"https:\/\/www.die-stadtzeitung.de\/index.php\/wp-json\/wp\/v2\/categories?post=41916"},{"taxonomy":"post_tag","embeddable":true,"href":"https:\/\/www.die-stadtzeitung.de\/index.php\/wp-json\/wp\/v2\/tags?post=41916"}],"curies":[{"name":"wp","href":"https:\/\/api.w.org\/{rel}","templated":true}]}}