{"id":41672,"date":"2021-09-24T08:48:32","date_gmt":"2021-09-24T06:48:32","guid":{"rendered":"https:\/\/www.die-stadtzeitung.de\/?p=41672"},"modified":"2021-09-24T11:18:39","modified_gmt":"2021-09-24T09:18:39","slug":"oper-wuppertal-startet-spielzeit-mit-julius-caesar","status":"publish","type":"post","link":"https:\/\/www.die-stadtzeitung.de\/index.php\/2021\/09\/24\/oper-wuppertal-startet-spielzeit-mit-julius-caesar\/","title":{"rendered":"Oper Wuppertal startet Spielzeit mit Julius Caesar\u00a0"},"content":{"rendered":"<p>&nbsp;<\/p>\n<div id=\"attachment_41676\" class=\"wp-caption alignnone\" style=\"max-width: 1034px;\"><img loading=\"lazy\" decoding=\"async\" class=\"size-large wp-image-41676\" src=\"\/wp-content\/uploads\/2021\/09\/Oper_Wuppertal_Julius_Caesar_\u00a9Bettina_Stoess-2-2-1024x947.jpg\" alt=\"\" width=\"1024\" height=\"947\" \/><span class=\"wp-caption-text\">Etienne Walch als Tolomeo \u00a9 Bettina St\u00f6\u00df<\/span><\/div>\n<p>Anstelle der urspr\u00fcnglich geplanten Inszenierung des Regieteams um Immo Karaman und Fabian Posca wird das Werk nun in gek\u00fcrzter Fassung als Konzertinstallation pr\u00e4sentiert. Die szenische Inszenierung von Immo Karaman und Fabian Posca wird nach M\u00f6glichkeit zu einem sp\u00e4teren Zeitpunkt auf der B\u00fchne des Opernhauses nachgeholt.<\/p>\n<p>In dem besonderen Ambiente des Malersaals werden Musik und Handlung der Oper durch die eingeschobene Lesung von literarischen Texten auf eine neue Art erlebbar. Vorgetragen werden diese u.a. von prominenten TV-Stars wie Harald Krassnitzer, Gudrun Landgrebe oder J\u00fcrgen Tonkel.<\/p>\n<h4>Zum Inhalt: Liebe und Leidenshaft\u2026<\/h4>\n<p>Liebe und Leidenschaft, politische Wirren und pers\u00f6nlicher Verrat, Intrige, Rache und Mord sind die Ingredienzien dieses Werks, das in drei Akten in italienischer Sprache<span class=\"Apple-converted-space\">\u00a0 <\/span>mit deutschen \u00dcbertiteln pr\u00e4sentiert wird.<\/p>\n<p>Georg Friedrich H\u00e4ndel verwendet dabei einen melodiengef\u00fchrten, authentischen Gef\u00fchls- und Stimmungsausdruck, mit dem er den musikalischen Emotionen seiner Zeit weit voraus ist. Denn das Aufeinandertreffen der antiken Figuren Caesar, Cleopatra und Ptolem\u00e4us bildet nur die historische Folie f\u00fcr ein hochemotionales Drama um Rache und die Verf\u00fchrbarkeit politischer Machtinhaber.<\/p>\n<div id=\"attachment_41678\" class=\"wp-caption alignnone\" style=\"max-width: 536px;\"><img loading=\"lazy\" decoding=\"async\" class=\" wp-image-41678\" src=\"\/wp-content\/uploads\/2021\/09\/Oper_Wuppertal_Julius_Caesar_\u00a9Bettina_Stoess-2-3-1024x728.jpg\" alt=\"\" width=\"526\" height=\"374\" \/><span class=\"wp-caption-text\">Eine dramatische Szene in der Oper &#8222;Julius Caesar&#8220; &#8211; \u00a9 Bettina St\u00f6\u00df<\/span><\/div>\n<p>Nach der Ermordung des Pompeius und Caesars Einmarsch in \u00c4gypten steht die ptolem\u00e4ische Herrschaft dort auf t\u00f6nernen F\u00fc\u00dfen. Ptolem\u00e4us\u2019 Schwester Cleopatra wittert ihre Chance auf den Thron und greift in einer Verf\u00fchrungsszene, die einmalig in der Opernliteratur ist, zu besonderen Mitteln. Und auch die Hinterbliebenen des ermordeten Pompeius sinnen auf Rache \u2026<\/p>\n<h4>Spendenaufruf<\/h4>\n<p>Nachdem neben dem Opernhaus Wuppertal auch andere, teilweise sehr viel schwerer, durch das Hochwasser getroffen worden sind, ruft die Oper Wuppertal im Zuge dieser Veranstaltung zu einer Spende an &#8222;Aktion Deutschland Hilft e.V.&#8220; auf. &#8222;Aktion Deutschland Hilft&#8220; ist ein B\u00fcndnis renommierter deutscher Hilfsorganisationen, das den betroffenen Menschen der Hochwasserkatastrophe Nothilfe leistet.<\/p>\n<p>Ein besonderer Dank der Oper Wuppertal gilt auch den prominenten G\u00e4sten, die ihre Beteiligung an den Veranstaltungen ohne Gage leisten und somit auch ihre Plattform f\u00fcr den Spendenzweck nutzen. <strong>(sj)<\/strong><\/p>\n<h4>Termine<\/h4>\n<p>JULIUS CAESAR<\/p>\n<p>Oper von Georg Friedrich H\u00e4ndel<\/p>\n<p>Premiere mit Philippine Pachl<\/p>\n<p>Sonntag &#8211; 03. Oktober &#8211; 19:30 Uhr<\/p>\n<p>Werkst\u00e4tten der Wuppertaler B\u00fchnen &#8211; Uellendahler Stra\u00dfe 353 &#8211; 42109 Wuppertal<\/p>\n<p>Gel\u00e4nde von RIEDEL Communications<\/p>\n<p><b>\u00a0<\/b><\/p>\n<p><strong>Weitere Termine:<\/strong><\/p>\n<p>Freitag &#8211; 08. Oktober &#8211; 19:30 Uhr &#8211; mit J\u00fcrgen Tonkel &#8211; Werkst\u00e4tten Wuppertaler B\u00fchnen<\/p>\n<p>Samstag &#8211; 09. Oktober &#8211; 19:30 Uhr &#8211; mit Gudrun Landgrebe &#8211; Werkst\u00e4tten Wuppertaler B\u00fchnen<\/p>\n<p>Sonntag &#8211; \u00a010. Oktober &#8211; 19:30 Uhr &#8211; mit Sascha von Zambelly &#8211; Werkst\u00e4tten Wuppertaler B\u00fchnen<\/p>\n<p>Sonntag &#8211; \u00a031. Oktober &#8211; 19:30 Uhr &#8211; mit Harald Krassnitzer &#8211; Werkst\u00e4tten Wuppertaler B\u00fchnen<\/p>\n<p>Weitere Informationen unter <a href=\"http:\/\/www.oper-wuppertal.de\/caesar\">oper-wuppertal.de\/caesar<\/a><\/p>\n<h4>K\u00fcnstlerisches Team:<\/h4>\n<p><strong>Musikalische Leitung:<\/strong> Clemens Flick<\/p>\n<p><strong>Szenische Einrichtung:<\/strong> Karin Kotzbauer-Bode<\/p>\n<p><strong>Raum:<\/strong> Julica Schwenkhagen<\/p>\n<p><strong>Kost\u00fcme:<\/strong> Sarah Prinz<\/p>\n<p><strong>Dramaturgie:<\/strong> Marc von Reth<\/p>\n<p><strong>Sinfonieorchester Wuppertal<\/strong><\/p>\n<h4>Besetzung:<\/h4>\n<p><strong>Julius Caesar:<\/strong> Yosemeh Adjei<\/p>\n<p><strong>Cleopatra:<\/strong> Ralitsa Ralinova<\/p>\n<p><strong>Sesto:<\/strong> Iris Marie Sojer<\/p>\n<p><strong>Cornelia:<\/strong> Joslyn Rechter<\/p>\n<p><strong>Curio:<\/strong> Yisae Choi<\/p>\n<p><strong>Achilla:<\/strong> Sebastian Campione<\/p>\n<p><strong>Nireno:<\/strong> Mark Bowman-Hester<\/p>\n<p><strong>Tolomeo:<\/strong> Etienne Walch<\/p>\n<p><strong>Lesung:\u00a0<\/strong>Harald Krassnitzer &#8211; Gudrun Landgrebe &#8211; Philippine Pachl &#8211; J\u00fcrgen Tonkel &#8211; Sascha von Zambelly<\/p>\n<p>&nbsp;<\/p>\n<p><strong>Ticket- und Abohotline:<\/strong><\/p>\n<p>Telefon: 0049 202 563 7666<\/p>\n<p><strong>KulturKarte &#8211;<\/strong>\u00a0Kirchplatz 1 &#8211; Wuppertal<\/p>\n<p><a href=\"https:\/\/www.kulturkarte-wuppertal.de\/\">kulturkarte-wuppertal.de<\/a><\/p>\n<p>Die Informationen zu den Corona-Schutzma\u00dfnahmen werden laufen aktualisiert.<\/p>\n<p>Zu finden unter <a href=\"http:\/\/www.wuppertaler-buehnen.de\/corona\">wuppertaler-buehnen.de\/corona<\/a><\/p>\n","protected":false},"excerpt":{"rendered":"<p>Der Saisonstart der Oper Wuppertal w\u00e4re beinahe buchst\u00e4blich in Wasser gefallen. Die durch das Hochwasser im Juli verursachten Sch\u00e4den am Opernhaus stellten zun\u00e4chst die Spielzeiter\u00f6ffnung in Frage. Umso gr\u00f6\u00dfer\u00a0 die Freunde, dass die erste Produktion &#8222;Julius Caesar&#8220; von Georg Friedrich H\u00e4ndel \u2013 wenngleich in ver\u00e4nderter Form \u2013 nun am Sonntag (03.10.) doch Premiere feiern wird. Mit dabei TV-Stars wie Harald Krassnitzer, Gudrun Landgrebe oder J\u00fcrgen Tonkel.<\/p>\n","protected":false},"author":7,"featured_media":0,"comment_status":"open","ping_status":"closed","sticky":false,"template":"","format":"standard","meta":{"footnotes":""},"categories":[29],"tags":[],"class_list":["post-41672","post","type-post","status-publish","format-standard","hentry","category-kultur"],"publishpress_future_action":{"enabled":false,"date":"2026-05-10 13:17:10","action":"change-status","newStatus":"draft","terms":[],"taxonomy":"category","extraData":[]},"publishpress_future_workflow_manual_trigger":{"enabledWorkflows":[]},"_links":{"self":[{"href":"https:\/\/www.die-stadtzeitung.de\/index.php\/wp-json\/wp\/v2\/posts\/41672","targetHints":{"allow":["GET"]}}],"collection":[{"href":"https:\/\/www.die-stadtzeitung.de\/index.php\/wp-json\/wp\/v2\/posts"}],"about":[{"href":"https:\/\/www.die-stadtzeitung.de\/index.php\/wp-json\/wp\/v2\/types\/post"}],"author":[{"embeddable":true,"href":"https:\/\/www.die-stadtzeitung.de\/index.php\/wp-json\/wp\/v2\/users\/7"}],"replies":[{"embeddable":true,"href":"https:\/\/www.die-stadtzeitung.de\/index.php\/wp-json\/wp\/v2\/comments?post=41672"}],"version-history":[{"count":9,"href":"https:\/\/www.die-stadtzeitung.de\/index.php\/wp-json\/wp\/v2\/posts\/41672\/revisions"}],"predecessor-version":[{"id":41703,"href":"https:\/\/www.die-stadtzeitung.de\/index.php\/wp-json\/wp\/v2\/posts\/41672\/revisions\/41703"}],"wp:attachment":[{"href":"https:\/\/www.die-stadtzeitung.de\/index.php\/wp-json\/wp\/v2\/media?parent=41672"}],"wp:term":[{"taxonomy":"category","embeddable":true,"href":"https:\/\/www.die-stadtzeitung.de\/index.php\/wp-json\/wp\/v2\/categories?post=41672"},{"taxonomy":"post_tag","embeddable":true,"href":"https:\/\/www.die-stadtzeitung.de\/index.php\/wp-json\/wp\/v2\/tags?post=41672"}],"curies":[{"name":"wp","href":"https:\/\/api.w.org\/{rel}","templated":true}]}}