{"id":41532,"date":"2021-09-20T10:08:04","date_gmt":"2021-09-20T08:08:04","guid":{"rendered":"https:\/\/www.die-stadtzeitung.de\/?p=41532"},"modified":"2021-09-25T09:06:52","modified_gmt":"2021-09-25T07:06:52","slug":"das-zusammenspiel-von-erde-boden-kunst-leben","status":"publish","type":"post","link":"https:\/\/www.die-stadtzeitung.de\/index.php\/2021\/09\/20\/das-zusammenspiel-von-erde-boden-kunst-leben\/","title":{"rendered":"Das Zusammenspiel von Erde, Boden, Kunst &#038; Leben"},"content":{"rendered":"<div id=\"attachment_41534\" class=\"wp-caption alignnone\" style=\"max-width: 1034px;\"><img loading=\"lazy\" decoding=\"async\" class=\"size-large wp-image-41534\" src=\"\/wp-content\/uploads\/2021\/09\/Gisela-Kettner-1024x683.jpg\" alt=\"\" width=\"1024\" height=\"683\" \/><span class=\"wp-caption-text\">Die erdverbundene K\u00fcnstlerin Gisela Kettner &#8211; \u00a9 privat<\/span><\/div>\n<p>Um 18 Uhr steht die Vernissage der Ausstellung \u201edas wERDEn aus dem nICHts ist leben\u201c im Mittelpunkt. Die K\u00fcnstlerinnen Gisela Kettner und Andrea Franke pr\u00e4sentieren ihre Werke vor &#8211; untermalt von musikalischem Kl\u00e4ngen von Andr\u00e9 F\u00fcsser (<a href=\"https:\/\/materialklang.de\/\">Materialklang<\/a>).<\/p>\n<p>Au\u00dferdem kan. Bereits ab 17 Uhr die Forschungsstation Bodenleben mit Michael Felstau erkundet werden. All dies l\u00e4dt zu Erderfahrungen, Austausch und Gespr\u00e4chen ein &#8211; mit dem &#8222;plan e&#8220;-Kernteam, Vertreterinnen und Vertretern der &#8222;plan e&#8220;-Stationen und allen Interessierten.<\/p>\n<h4>\u00dcber die Ausstellung:<\/h4>\n<p>In diesem neuen Projekt der Reihe &#8222;Co Labor Art&#8220; von Gisela Kettner erforschen die beiden K\u00fcnstlerinnen erneut Kooperationen. Was gechieht, wenn sie forschend und neugierig mit den Mitteln der Kunst mehr M\u00f6glichkeiten der Erkenntnis aufmachen, als dies f\u00fcr eine alleine m\u00f6glich ist? Sie arbeiten gemeinsam mit ihren unterschiedlichen Ans\u00e4tzen.<\/p>\n<p>Gislea Kettner zum Entstehungsprozess der Bilder: &#8222;W\u00e4hrend langer Spazierg\u00e4nge im Jahr 2020 war ich in diesem erzwungenen Allein-Sein \u2013 wie aufgespannt zwischen Himmel und Erde. Jede Bewegung wurde zu einem Lauschen. Es war, als bildeten sich Wurzeln unter meinen F\u00fc\u00dfen. Mit allen Sinnen kam ich der Erde n\u00e4her, tauchte in sie ein, sp\u00fcrte die Erde. K\u00f6nnen Erdsubstanzen, mitgebracht aus aller Welt, mehr als nur Pigmente sein, n\u00e4mlich ein St\u00fcck sp\u00fcrbare Erde? Das war die Spur, der ich folgte. Dann lernte ich Andrea Franke kennen und die Frage erweiterte sich.&#8220;<\/p>\n<div id=\"attachment_41536\" class=\"wp-caption alignnone\" style=\"max-width: 544px;\"><img loading=\"lazy\" decoding=\"async\" class=\"wp-image-41536\" src=\"\/wp-content\/uploads\/2021\/09\/Erdbild-von-Gisela-Kettner-1024x768.jpg\" alt=\"\" width=\"534\" height=\"401\" \/><span class=\"wp-caption-text\">Ein Erdbild von Gisela Kettner &#8211; \u00a9 Gisela Kettner<\/span><\/div>\n<p>Gisela Kettner philosophiert weiter: &#8222;Wird diese &#8222;Erde&#8220; nun nicht nur Untergrund sein f\u00fcr die Formen, die Andrea in ihren Bildern dar\u00fcberlegt, sondern wird die Substanz auch etwas von dem dazugeben, was Erde eben ausmacht &#8211; St\u00fctze, Energie, Erneuerung, Nahrung und damit Leben?&#8220;<\/p>\n<h4>\u00dcber die Forschungsstation Bodenleben:<\/h4>\n<p>Michael Felstau (IG Wuppertals urbane G\u00e4rten): &#8222;Erde, Boden ist mehr als Dreck unter unseren F\u00fc\u00dfen. Nehmen wir ihn wahr, sch\u00e4tzen wir ihn! Erdbilder machen Bodenreiche sichtbar, entdecken das verborgene Werden und Vergehen und die Farbe geologischer Zeiten. Sie bringen den Klang der Erde zum Schwingen.<\/p>\n<p>Wir, die wir uns um den Zustand der Erde sorgen, fragen uns, was wir mit unseren Mitteln tun k\u00f6nnen. Vielleicht k\u00f6nnen wir das Unbewusste erreichen, Vorstellungskraft wecken, Zusammenh\u00e4nge sichtbar machen oder einfach einen emotionalen Zugang schaffen.&#8220;<\/p>\n<p>&#8222;Unser Problem ist doch, dass wir zwar heute \u00fcberall alles wissen k\u00f6nnen hinsichtlich des zerbrechlichen Zustands der Welt, das scheint uns aber eher zu erschlagen und dieses \u201eIch kann ja eh nichts machen\u201c-Gef\u00fchl hervorzurufen. Gegen diesen Immunisierungseffekt hat die Kunst ihre eigenen Werkzeuge. Da geht es um die Wahrnehmung der Sch\u00f6nheit oder einfach Sinnenbewusstsein f\u00fcr die Welt. Wir haben nur diese eine, lieben und sch\u00fctzen wir sie&#8220;, sinniert Felstau.<\/p>\n<p>Eintritt frei. Zu gemeinsamen Schutz gilt f\u00fcr die Teilnahme GGG, das hei\u00dft: Getestet, mit aktuellem, negativen Corona-Testnachweis, Genesen oder vollst\u00e4ndig Geimpfte.<\/p>\n<p><a href=\"http:\/\/www.giselakettner.de\/\">www.giselakettner.de<br \/>\n<\/a><a href=\"https:\/\/afranke04.jimdofree.com\/\">www.afranke04.jimdofree.com<\/a><\/p>\n","protected":false},"excerpt":{"rendered":"<p>&#8222;plan e: planet erde &#8220; l\u00e4dt am Freitag (24.09.) ab 17 Uhr in die F\u00e4rberei ein: Der Abend erkundet in vielseitigen Ann\u00e4herungen das Zusammenspiel von ERDE, BODEN, KUNST und LEBEN.<\/p>\n","protected":false},"author":7,"featured_media":0,"comment_status":"open","ping_status":"closed","sticky":false,"template":"","format":"standard","meta":{"footnotes":""},"categories":[29],"tags":[],"class_list":["post-41532","post","type-post","status-publish","format-standard","hentry","category-kultur"],"publishpress_future_action":{"enabled":false,"date":"2026-05-07 15:20:59","action":"change-status","newStatus":"draft","terms":[],"taxonomy":"category","extraData":[]},"publishpress_future_workflow_manual_trigger":{"enabledWorkflows":[]},"_links":{"self":[{"href":"https:\/\/www.die-stadtzeitung.de\/index.php\/wp-json\/wp\/v2\/posts\/41532","targetHints":{"allow":["GET"]}}],"collection":[{"href":"https:\/\/www.die-stadtzeitung.de\/index.php\/wp-json\/wp\/v2\/posts"}],"about":[{"href":"https:\/\/www.die-stadtzeitung.de\/index.php\/wp-json\/wp\/v2\/types\/post"}],"author":[{"embeddable":true,"href":"https:\/\/www.die-stadtzeitung.de\/index.php\/wp-json\/wp\/v2\/users\/7"}],"replies":[{"embeddable":true,"href":"https:\/\/www.die-stadtzeitung.de\/index.php\/wp-json\/wp\/v2\/comments?post=41532"}],"version-history":[{"count":3,"href":"https:\/\/www.die-stadtzeitung.de\/index.php\/wp-json\/wp\/v2\/posts\/41532\/revisions"}],"predecessor-version":[{"id":41537,"href":"https:\/\/www.die-stadtzeitung.de\/index.php\/wp-json\/wp\/v2\/posts\/41532\/revisions\/41537"}],"wp:attachment":[{"href":"https:\/\/www.die-stadtzeitung.de\/index.php\/wp-json\/wp\/v2\/media?parent=41532"}],"wp:term":[{"taxonomy":"category","embeddable":true,"href":"https:\/\/www.die-stadtzeitung.de\/index.php\/wp-json\/wp\/v2\/categories?post=41532"},{"taxonomy":"post_tag","embeddable":true,"href":"https:\/\/www.die-stadtzeitung.de\/index.php\/wp-json\/wp\/v2\/tags?post=41532"}],"curies":[{"name":"wp","href":"https:\/\/api.w.org\/{rel}","templated":true}]}}