{"id":41494,"date":"2021-09-21T15:00:26","date_gmt":"2021-09-21T13:00:26","guid":{"rendered":"https:\/\/www.die-stadtzeitung.de\/?p=41494"},"modified":"2021-09-21T16:42:23","modified_gmt":"2021-09-21T14:42:23","slug":"grosses-interesse-am-projekt-gut-einern","status":"publish","type":"post","link":"https:\/\/www.die-stadtzeitung.de\/index.php\/2021\/09\/21\/grosses-interesse-am-projekt-gut-einern\/","title":{"rendered":"Gro\u00dfes Interesse am Projekt \u201eGUT EINERN\u201c\u00a0"},"content":{"rendered":"<div id=\"attachment_41497\" class=\"wp-caption alignnone\" style=\"max-width: 880px;\"><img loading=\"lazy\" decoding=\"async\" class=\"size-full wp-image-41497\" src=\"\/wp-content\/uploads\/2021\/09\/BU_Viele-Nachbarn-folgten-am-Sonntag-interessiert-der-Vorstellung-des-Projekts-GUT-EINERN-2.jpeg\" alt=\"\" width=\"870\" height=\"612\" \/><span class=\"wp-caption-text\">Projekt-Managerin Sophie Blasberg (r.) informiert die interessierten Zuh\u00f6rerinnen und Zuh\u00f6rer &#8211; \u00a9 Projekt Gut Einern<\/span><\/div>\n<p>\u201eGUT EINERN soll nicht nur ein in sich schl\u00fcssiges Quartier werden, in dem Menschen gemeinsam nachhaltig leben und arbeiten k\u00f6nnen, sondern auch in das gesamte Gebiet hinein wirken\u201c, erkl\u00e4rte J\u00f6rg Heynkes, der die Grundst\u00fccke Einern 120\/ 123 mit seiner Partnerin Silke Wilke gekauft hat.<span class=\"Apple-converted-space\">\u00a0<\/span><\/p>\n<p>Das Interesse an der Planung war so gro\u00df, dass das Projektteam spontan noch eine zweite Veranstaltung anberaumte, die ebenfalls voll besetzt war. Das deutlich \u00fcberwiegende Echo: Die Nachbarn auf Einern freuen sich, dass sich etwas tut rund um das Haus Winkelmann!<span class=\"Apple-converted-space\">\u00a0<\/span><\/p>\n<p>Entsprechend viele interessierte Nachfragen kamen aus dem Publikum, angefangen bei den ganz grunds\u00e4tzlichen Dingen: \u201eWird es denn wieder Schnittchen geben?\u201c, fragte einer der Besucher und erntete begeisterten Applaus von seinen Sitznachbarn.<span class=\"Apple-converted-space\">\u00a0<\/span><\/p>\n<div id=\"attachment_41499\" class=\"wp-caption alignnone\" style=\"max-width: 329px;\"><img loading=\"lazy\" decoding=\"async\" class=\" wp-image-41499\" src=\"\/wp-content\/uploads\/2021\/09\/0980a16d2dd0ad1144307bba8438926a-2.jpg\" alt=\"\" width=\"319\" height=\"274\" \/><span class=\"wp-caption-text\">Projektleiterin Sophie Blasberg<\/span><\/div>\n<p>In dieser Hinsicht konnte der zuk\u00fcnftige Betreiber und Chefkoch Philipp Grimm (79\u00b0) gleich f\u00fcr Beruhigung sorgen, denn die beliebten Schnittchen des Haus\u2018 Winkelmann wird es auch in Zukunft weiter geben.<span class=\"Apple-converted-space\">\u00a0<\/span><\/p>\n<p>Andere Fragen kamen von den direkten Anwohnern hinsichtlich der geplanten Bebauung sowie der Kleinwindkraftanlage. \u201eBei einem so gro\u00dfen Projekt gibt es immer berechtigte Bedenken\u201c, sagte Projektmanagerin Sophie Blasberg.<span class=\"Apple-converted-space\">\u00a0<\/span><\/p>\n<p>\u201eUmso mehr hat es uns gefreut, dass alle Nachbarn hier wirklich sehr konstruktiv ihre Kritik vorgetragen haben und werden uns mit diesen Punkten im Rahmen der weiteren Planung auch noch einmal intensiv besch\u00e4ftigen. Genau deshalb haben wir diesen Dialog mit den Anwohnern ja so fr\u00fch schon angesto\u00dfen.\u201c<span class=\"Apple-converted-space\">\u00a0<\/span><\/p>\n<div id=\"attachment_41500\" class=\"wp-caption alignnone\" style=\"max-width: 237px;\"><img loading=\"lazy\" decoding=\"async\" class=\" wp-image-41500\" src=\"\/wp-content\/uploads\/2021\/09\/8c631fdb5a2df0c9562451d62aa74e1b-2.jpg\" alt=\"\" width=\"227\" height=\"179\" \/><span class=\"wp-caption-text\">Initiator J\u00f6rg Heynkes<\/span><\/div>\n<p>Die Veranstaltung soll erst der Auftakt sein. Rund alle drei Monate wird es ab jetzt ein Update f\u00fcr alle Interessierten zum Projekt geben, bei dem es aber auch um die Umgebung von GUT EINERN gehen kann.<span class=\"Apple-converted-space\">\u00a0<\/span><\/p>\n<p>\u201eHeute wurden viele Punkte angesprochen wie die Fahrradinfrastruktur oder die \u00d6PNV-Situation, die nicht direkt mit unserem Projekt zu tun haben\u201c, so J\u00f6rg Heynkes. \u201eDoch wir m\u00f6chten gern diese neu entstehende Plattform nutzen, um auch hierzu Ver\u00e4nderungen anzusto\u00dfen und Einern insgesamt noch lebenswerter zu machen.\u201c<span class=\"Apple-converted-space\">\u00a0<\/span><\/p>\n<p><a href=\"http:\/\/www.gut-einern.de\/\">http:\/\/www.gut-einern.de\/<\/a><\/p>\n","protected":false},"excerpt":{"rendered":"<p>Wer vor ein paar Tagen am Grundst\u00fcck Einern 120 vorbei fuhr, dem bot sich ein ungewohntes Bild: auf dem Vorplatz des alten \u201eHaus Winkelmann\u201c standen viele Menschen, die interessiert dem Geschehen im Innern der Scheune folgten. Kein Wunder, denn das was J\u00f6rg Heynkes und seine Mitstreiter dort pr\u00e4sentierten, soll auf Einern einen ganz neuen Impuls setzen.\u00a0<\/p>\n","protected":false},"author":7,"featured_media":0,"comment_status":"open","ping_status":"closed","sticky":false,"template":"","format":"standard","meta":{"footnotes":""},"categories":[24],"tags":[],"class_list":["post-41494","post","type-post","status-publish","format-standard","hentry","category-wuppertal"],"publishpress_future_action":{"enabled":false,"date":"2026-05-06 15:14:12","action":"change-status","newStatus":"draft","terms":[],"taxonomy":"category","extraData":[]},"publishpress_future_workflow_manual_trigger":{"enabledWorkflows":[]},"_links":{"self":[{"href":"https:\/\/www.die-stadtzeitung.de\/index.php\/wp-json\/wp\/v2\/posts\/41494","targetHints":{"allow":["GET"]}}],"collection":[{"href":"https:\/\/www.die-stadtzeitung.de\/index.php\/wp-json\/wp\/v2\/posts"}],"about":[{"href":"https:\/\/www.die-stadtzeitung.de\/index.php\/wp-json\/wp\/v2\/types\/post"}],"author":[{"embeddable":true,"href":"https:\/\/www.die-stadtzeitung.de\/index.php\/wp-json\/wp\/v2\/users\/7"}],"replies":[{"embeddable":true,"href":"https:\/\/www.die-stadtzeitung.de\/index.php\/wp-json\/wp\/v2\/comments?post=41494"}],"version-history":[{"count":5,"href":"https:\/\/www.die-stadtzeitung.de\/index.php\/wp-json\/wp\/v2\/posts\/41494\/revisions"}],"predecessor-version":[{"id":41502,"href":"https:\/\/www.die-stadtzeitung.de\/index.php\/wp-json\/wp\/v2\/posts\/41494\/revisions\/41502"}],"wp:attachment":[{"href":"https:\/\/www.die-stadtzeitung.de\/index.php\/wp-json\/wp\/v2\/media?parent=41494"}],"wp:term":[{"taxonomy":"category","embeddable":true,"href":"https:\/\/www.die-stadtzeitung.de\/index.php\/wp-json\/wp\/v2\/categories?post=41494"},{"taxonomy":"post_tag","embeddable":true,"href":"https:\/\/www.die-stadtzeitung.de\/index.php\/wp-json\/wp\/v2\/tags?post=41494"}],"curies":[{"name":"wp","href":"https:\/\/api.w.org\/{rel}","templated":true}]}}