{"id":41158,"date":"2021-09-10T09:41:17","date_gmt":"2021-09-10T07:41:17","guid":{"rendered":"https:\/\/www.die-stadtzeitung.de\/?p=41158"},"modified":"2021-09-10T09:41:17","modified_gmt":"2021-09-10T07:41:17","slug":"dirigent-hahn-begruesst-cellist-gerhardt-auf-der-buehne","status":"publish","type":"post","link":"https:\/\/www.die-stadtzeitung.de\/index.php\/2021\/09\/10\/dirigent-hahn-begruesst-cellist-gerhardt-auf-der-buehne\/","title":{"rendered":"Dirigent Hahn begr\u00fc\u00dft Cellist Gerhardt auf der B\u00fchne"},"content":{"rendered":"<div id=\"attachment_41161\" class=\"wp-caption alignnone\" style=\"max-width: 1034px;\"><img loading=\"lazy\" decoding=\"async\" class=\"size-large wp-image-41161\" src=\"\/wp-content\/uploads\/2021\/09\/Patrick-Hahn_Sinfonieorchester-Wuppertal-c-Uwe-Schinkel-2-1024x651.jpg\" alt=\"\" width=\"1024\" height=\"651\" \/><span class=\"wp-caption-text\">Dirigent Patrick Hahn und das Sinfonieorchester Wuppertal &#8211; \u00a9 Uwe Schinkel<\/span><\/div>\n<p>Cellist Alban Gerhardt hat mit der Hebr\u00e4ischen Rhapsodie \u203aSchelomo\u2039 von Ernest Bloch ein hochexpressives, orientalisch anmutendes und farbenreiches Werk im Gep\u00e4ck.<\/p>\n<p>Der Finne Einojuhani Rautavaara beginnt am Ende seines Lebens von vorn. &#8222;In the Beginning&#8220;\u00a0ist das letzte vollendete Werk des 2016 verstorbenen Komponisten. Die in sich verwobenen Streicherstimmen gleichen einer mystischen Suche im Unendlichen. Ein Werk, das \u00fcber sich hinausw\u00e4chst und ein Sinnbild ist f\u00fcr eine neue \u00c4ra mit Generalmusikdirektor Patrick Hahn.<\/p>\n<p>Mit der 4. Sinfonie feierte der zu seiner Zeit h\u00e4ufig bel\u00e4chelte Mann aus der Provinz seinen ersten richtigen Erfolg: Die Rede ist von Anton Bruckner und seiner &#8222;Romantischen&#8220;. Unvergesslich ist der ber\u00fchmte, sehnsuchtsvolle Hornruf zu Beginn der Sinfonie, der lange nachklingen wird.<\/p>\n<p>Am Montag (20.09.) findet um 19 Uhr eine Konzerteinf\u00fchrung mit Prof. Dr. Lutz-Werner Hesse statt. Die Eintrittskarte f\u00fcr das Sinfoniekonzert am Montagabend beinhaltet den kostenfreien Besuch der Konzerteinf\u00fchrungen. F\u00fcr die Konzerteinf\u00fchrung ist das Platzkontingent begrenzt.<\/p>\n<div id=\"attachment_41162\" class=\"wp-caption alignnone\" style=\"max-width: 1034px;\"><img loading=\"lazy\" decoding=\"async\" class=\"size-large wp-image-41162\" src=\"\/wp-content\/uploads\/2021\/09\/Alban-Gerhardt-c-Kaupo-Kikkas-1024x768.jpg\" alt=\"\" width=\"1024\" height=\"768\" \/><span class=\"wp-caption-text\">Der Cellist Alban Gerhardt &#8211; \u00a9 Kaupo Nikka<\/span><\/div>\n<p>Die neue Coronaschutzverordnung des Landes NRW macht es wieder m\u00f6glich, die Historische Stadthalle Wuppertal komplett f\u00fcr das Publikum zu \u00f6ffnen. Tickets sind erh\u00e4ltlich bei der KulturKarte, Kirchplatz 1 in Elberfeld, online unter<\/p>\n<p><a href=\"http:\/\/sinfonieorchester-wuppertal.de\">http:\/\/sinfonieorchester-wuppertal.de<\/a><\/p>\n<p>oder telefonisch unter +49 202 563 7666. Es d\u00fcrfen nur getestete, genesene oder geimpfte Personen die Konzerte besuchen.<\/p>\n<p><strong>\u00a0<\/strong><\/p>\n<h4>DIE ZUKUNFT BEGINNT JETZT<strong><br \/>\n1. Sinfoniekonzert<\/strong><\/h4>\n<p>Sonntag &#8211; 19. September 2021 &#8211; 11.00 Uhr<br \/>\nMontag &#8211; 20. September 2021 &#8211; 20.00 Uhr (Konzerteinf\u00fchrung um 19 Uhr)<br \/>\nHistorische Stadthalle Wuppertal<\/p>\n<p>Alban Gerhardt &#8211; Violoncello<br \/>\nSinfonieorchester Wuppertal<br \/>\nPatrick Hahn &#8211; Dirigent<\/p>\n<div id=\"attachment_41163\" class=\"wp-caption alignnone\" style=\"max-width: 1034px;\"><img loading=\"lazy\" decoding=\"async\" class=\"size-large wp-image-41163\" src=\"\/wp-content\/uploads\/2021\/09\/Sinfonieorchester-Wuppertal_Patrick-Hahn-c-Uwe-Schinkel-1024x614.jpg\" alt=\"\" width=\"1024\" height=\"614\" \/><span class=\"wp-caption-text\">Das Sinfonieorchester Wuppertal mit Dirigent Patrick Hahn in der Historischen Stadthalle &#8211; \u00a9 Uwe Schinkel<\/span><\/div>\n<h4>EINOJUHANI RAUTAVAARA<br \/>\n&#8222;In the Beginning&#8220;<\/h4>\n<p><strong>ERNEST BLOCH<\/strong><br \/>\n\u203aSchelomo\u2039. Hebr\u00e4ische Rhapsodie f\u00fcr Violoncello und Orchester<\/p>\n<p><strong>ANTON BRUCKNER<\/strong><br \/>\nSinfonie Nr. 4 Es-Dur \u203aRomantische\u2039<\/p>\n<p><strong>TICKETS<\/strong><\/p>\n<p>KulturKarte, Kirchplatz 1, 42103 Wuppertal<br \/>\nTicket-Hotline: +49 202 563 7666<\/p>\n<p><a href=\"http:\/\/sinfonieorchester-wuppertal.de\">http:\/\/sinfonieorchester-wuppertal.de<\/a><\/p>\n","protected":false},"excerpt":{"rendered":"<p>Nach seinem sensationellen Antrittskonzert ist Patrick Hahn am Sonntag (19.09.) Montag (20.09.) erneut am Pult des Sinfonieorchester Wuppertal zu erleben. Als Solist begr\u00fc\u00dft er den in Wuppertal bereits mehrfach gefeierten Cellisten Alban Gerhardt.<\/p>\n","protected":false},"author":7,"featured_media":0,"comment_status":"open","ping_status":"closed","sticky":false,"template":"","format":"standard","meta":{"footnotes":""},"categories":[29],"tags":[],"class_list":["post-41158","post","type-post","status-publish","format-standard","hentry","category-kultur"],"publishpress_future_action":{"enabled":false,"date":"2026-05-08 01:13:51","action":"change-status","newStatus":"draft","terms":[],"taxonomy":"category","extraData":[]},"publishpress_future_workflow_manual_trigger":{"enabledWorkflows":[]},"_links":{"self":[{"href":"https:\/\/www.die-stadtzeitung.de\/index.php\/wp-json\/wp\/v2\/posts\/41158","targetHints":{"allow":["GET"]}}],"collection":[{"href":"https:\/\/www.die-stadtzeitung.de\/index.php\/wp-json\/wp\/v2\/posts"}],"about":[{"href":"https:\/\/www.die-stadtzeitung.de\/index.php\/wp-json\/wp\/v2\/types\/post"}],"author":[{"embeddable":true,"href":"https:\/\/www.die-stadtzeitung.de\/index.php\/wp-json\/wp\/v2\/users\/7"}],"replies":[{"embeddable":true,"href":"https:\/\/www.die-stadtzeitung.de\/index.php\/wp-json\/wp\/v2\/comments?post=41158"}],"version-history":[{"count":4,"href":"https:\/\/www.die-stadtzeitung.de\/index.php\/wp-json\/wp\/v2\/posts\/41158\/revisions"}],"predecessor-version":[{"id":41165,"href":"https:\/\/www.die-stadtzeitung.de\/index.php\/wp-json\/wp\/v2\/posts\/41158\/revisions\/41165"}],"wp:attachment":[{"href":"https:\/\/www.die-stadtzeitung.de\/index.php\/wp-json\/wp\/v2\/media?parent=41158"}],"wp:term":[{"taxonomy":"category","embeddable":true,"href":"https:\/\/www.die-stadtzeitung.de\/index.php\/wp-json\/wp\/v2\/categories?post=41158"},{"taxonomy":"post_tag","embeddable":true,"href":"https:\/\/www.die-stadtzeitung.de\/index.php\/wp-json\/wp\/v2\/tags?post=41158"}],"curies":[{"name":"wp","href":"https:\/\/api.w.org\/{rel}","templated":true}]}}