{"id":41115,"date":"2021-09-08T15:23:23","date_gmt":"2021-09-08T13:23:23","guid":{"rendered":"https:\/\/www.die-stadtzeitung.de\/?p=41115"},"modified":"2021-09-08T15:23:23","modified_gmt":"2021-09-08T13:23:23","slug":"hochwasser-opern-auffuehrungen-an-alternativen-spielstaetten","status":"publish","type":"post","link":"https:\/\/www.die-stadtzeitung.de\/index.php\/2021\/09\/08\/hochwasser-opern-auffuehrungen-an-alternativen-spielstaetten\/","title":{"rendered":"Hochwasser: Opern-Auff\u00fchrungen an alternativen Spielst\u00e4tten"},"content":{"rendered":"<div id=\"attachment_41118\" class=\"wp-caption alignnone\" style=\"max-width: 1034px;\"><img loading=\"lazy\" decoding=\"async\" class=\"size-large wp-image-41118\" src=\"\/wp-content\/uploads\/2021\/09\/Opernhaus_Wuppertal_-\u00a9shutterstock_Tobias-Arhelg-er-1024x683.jpg\" alt=\"\" width=\"1024\" height=\"683\" \/><span class=\"wp-caption-text\">Das Wuppertaler Opernhaus &#8211; \u00a9shutterstock &#8211; Tobias Arhelger<\/span><\/div>\n<p>Gleich drei alternative Spielorte konnten gefunden werden, wovon einer bislang noch nie als Auff\u00fchrungsst\u00e4tte genutzt worden ist \u2013 also eine doppelte Premiere.<\/p>\n<p>Mit einer Konzertinstallation der Oper &#8222;Julius Caesar&#8220; von Georg Friedrich H\u00e4ndel in den Werkst\u00e4tten der Wuppertaler B\u00fchnen auf dem Gel\u00e4nde von Riedel Communications wird die Spielzeit am Sonntag (03.10.) er\u00f6ffnet. In der eigentlich als Malersaal genutzten Halle entstand eine 360-Grad-Raumbespielung, bei der sich S\u00e4nger und Orchester auf einer Ebene mit dem Publikum befinden.<\/p>\n<p>In diesem besonderen Ambiente werden Musik und Handlung der Oper durch die Lesung von Texten durch prominente G\u00e4ste wie Harald Krassnitzer, Gudrun Landgrebe oder J\u00fcrgen Tonkel erweitert und auf eine neue Art erlebbar.<\/p>\n<p>Die Deutsche Erstauff\u00fchrung von &#8222;Il canto s&#8217;attrista, perch\u00e9?&#8220; von Salvatore Sciarrino findet am Samstag (23.09.) im Erholungshaus in Leverkusen statt. Die Oper Wuppertal konnte mit dieser Au\u00dfenspielst\u00e4tte einen Ort gewinnen, der auch von der technischen Ausstattung her der Inszenierung von Nigel Lowery gute Bedingungen bietet.<\/p>\n<p>Gleichzeitig stellt sich mit dieser Produktion der neue 1. Kapellmeister der Oper Wuppertal, Johannes Witt, dem Publikum vor. F\u00fcr das Wuppertaler Publikum wird bei jeder Vorstellung ein Shuttle-Service angeboten.<\/p>\n<p>Als neuer Titel ist im November die konzertante Auff\u00fchrung von Giuseppe Verdis &#8222;La traviata&#8220; in der Historischen Stadthalle Wuppertal hinzugekommen. In der vergangenen Spielzeit konnte diese exzellent besetzte Produktion nur als Stream aufgezeichnet werden, sodass sich dem Publikum nun erstmals die Gelegenheit eines Live-Erlebnisses bietet.<\/p>\n<div id=\"attachment_25653\" class=\"wp-caption alignnone\" style=\"max-width: 1034px;\"><img loading=\"lazy\" decoding=\"async\" class=\"size-large wp-image-25653\" src=\"\/wp-content\/uploads\/2020\/01\/IchundIch_SchSpW_UweSchinkel_12-1024x674.jpeg\" alt=\"\" width=\"1024\" height=\"674\" \/><span class=\"wp-caption-text\">Eine Szene aus der &#8222;IchundIch&#8220;-Inszenierung in den Riedel-Hallen. Vorne Thomas Braus &#8211; \u00a9 Foto: Uwe Schinkel<\/span><\/div>\n<p>&#8222;Nachdem unsere urspr\u00fcnglichen Pl\u00e4ne f\u00fcr den Herbst aufgrund der Hochwassersch\u00e4den im Opernhaus nicht umsetzbar sind, freut es uns sehr spannende alternative Spielorte gefunden zu haben. Dadurch k\u00f6nnen wir unseren Spielplan mit wenigen Ver\u00e4nderungen umsetzen&#8220;, beschrieb Opernintendant Berthold Schneider die aktuelle Situation.<\/p>\n<p>Momentan ist vorgesehen, dass die Instandsetzungsarbeiten wieder ab Dezember 2021 einen \u2013 wenn auch technisch eingeschr\u00e4nkten \u2013 Spielbetrieb im Opernhaus erm\u00f6glichen. Als erste Produktion auf der Gro\u00dfen B\u00fchne soll Mitte Dezember &#8222;Die Zauberfl\u00f6te&#8220; von Wolfgang Amadeus Mozart in der Inszenierung von Bernd Mottl wieder aufgenommen werden.<\/p>\n<p>Nachdem die umjubelte Produktion in der letzten Spielzeit pandemiebedingt nur an wenigen Auff\u00fchrungsterminen gezeigt werden konnte, soll sie endlich einem gr\u00f6\u00dferen Publikum zug\u00e4nglich gemacht werden. Anfang Januar wird sich dann f\u00fcr die Premiere der Komischen Operette &#8222;Die Piraten&#8220; von Gilbert &amp; Sullivan der Vorhang heben.<\/p>\n<p>Tickets zu den genannten Veranstaltungen sind in K\u00fcrze in der KulturKarte, online \u00fcber die Website der Oper Wuppertal und an den entsprechenden Vorverkaufsstellen erh\u00e4ltlich.<\/p>\n<p>Der Vorverkauf zu &#8222;Julius Caesar&#8220; beginnt am Montag (13.09.) &#8211; 10 Uhr.<\/p>\n<p>Karten zu &#8222;Il canto s&#8217;attrista, perch\u00e9?&#8220; und &#8222;La traviata&#8220; sind ab Mittwoch (15.09.) 10 Uhr erh\u00e4ltlich.<\/p>\n<h4>&#8222;Julius Caesar&#8220; \u2013 Konzertinstallation<\/h4>\n<p>Oper in drei Akten von Georg Friedrich H\u00e4ndel. In italienischer Sprache mit deutschen \u00dcbertiteln.<\/p>\n<p><strong>Premiere: Sonntag &#8211; 03.10.2021 &#8211; 19:30 Uhr<\/strong><\/p>\n<p>Werkst\u00e4tten der Wuppertaler B\u00fchnen &#8211; Uellendahler Stra\u00dfe 353<\/p>\n<p>&nbsp;<\/p>\n<p><strong>Weitere Termine:<\/strong><\/p>\n<p>Freitag &#8211; 08.10.2021 &#8211; 19:30 Uhr &#8211; Werkst\u00e4tten der Wuppertaler B\u00fchnen &#8211; Uellendahler Stra\u00dfe 353<\/p>\n<p>Samstag &#8211; 09.10.2021 &#8211; 19:30 Uhr &#8211; Werkst\u00e4tten der Wuppertaler B\u00fchnen &#8211; Uellendahler Stra\u00dfe 353<\/p>\n<p>Sonntag &#8211; 10.10.2021 &#8211; 19:30 Uhr &#8211; Werkst\u00e4tten der Wuppertaler B\u00fchnen &#8211; Uellendahler Stra\u00dfe 353<\/p>\n<p>Sonntag &#8211; 31.10.2021 &#8211; 19:30 Uhr &#8211; Werkst\u00e4tten der Wuppertaler B\u00fchnen &#8211; Uellendahler Stra\u00dfe 353<\/p>\n<h4>&#8222;Il canto s&#8217;attrista, perch\u00e9?&#8220;<\/h4>\n<p>Szenen nach Aischylos von Salvatore Sciarrino. Libretto vom Komponisten, Auftragswerk. In italienischer Sprache mit deutschen \u00dcbertiteln. Nachgeholte Deutsche Erstauff\u00fchrung vom Mai 2020. Koproduktion der Urauff\u00fchrung mit dem Stadttheater Klagenfurt.<\/p>\n<p><strong>Premiere: Samstag &#8211; 23.10.2021 &#8211; 19:30 Uhr<\/strong><\/p>\n<p>Erholungshaus &#8211; Nobelstra\u00dfe 37 &#8211; 51373 Leverkusen<\/p>\n<p><strong>Weitere Termine:<\/strong><br \/>\nSonntag &#8211; 24.10.2021 &#8211; 19:30 Uhr &#8211; Erholungshaus &#8211; Nobelstra\u00dfe 37 &#8211; 51373 Leverkusen<br \/>\nSamstag &#8211; 04.12.2021 &#8211; 19:30 Uhr &#8211; Erholungshaus &#8211; Nobelstra\u00dfe 37 &#8211; 51373 Leverkusen<br \/>\nSonntag &#8211; 05.12.2021 &#8211; 19:30 Uhr &#8211; Erholungshaus &#8211; Nobelstra\u00dfe 37 &#8211; 51373 Leverkusen<\/p>\n<h4>&#8222;La traviata&#8220; \u2013 konzertante Auff\u00fchrung<\/h4>\n<p>Oper in drei Akten von Giuseppe Verdi. Libretto von Francesco Maria Piave nach dem Roman \u203aDie Kameliendame\u2039 von Alexandre Dumas. In italienischer Sprache mit deutschen Untertiteln.<\/p>\n<p><strong>Premiere: Donnertag &#8211; 25.11.2021 &#8211; 19:30 Uhr<\/strong><\/p>\n<p>Historische Stadthalle Wuppertal<\/p>\n<p><strong>Weiterer Termin:<\/strong><\/p>\n<p>Dienstag &#8211; 30.11.20121 &#8211; 19:30 Uhr &#8211; Historische Stadthalle Wuppertal<\/p>\n<p>&nbsp;<\/p>\n<p>&nbsp;<\/p>\n<p>&nbsp;<\/p>\n<p>&nbsp;<\/p>\n","protected":false},"excerpt":{"rendered":"<p>Das Hochwasser im Juli hat schwere Sch\u00e4den am Opernhaus Wuppertal hinterlassen. Ein Spielbetrieb auf der Gro\u00dfen B\u00fchne ist bis auf Weiteres nicht m\u00f6glich. Dennoch wurden an der Oper Wuppertal alle Hebel in Bewegung gesetzt, die geplante Spielzeit trotzdem in weiten Teilen zu erhalten.<\/p>\n","protected":false},"author":7,"featured_media":0,"comment_status":"open","ping_status":"closed","sticky":false,"template":"","format":"standard","meta":{"footnotes":""},"categories":[29],"tags":[],"class_list":["post-41115","post","type-post","status-publish","format-standard","hentry","category-kultur"],"publishpress_future_action":{"enabled":false,"date":"2026-05-04 06:42:03","action":"change-status","newStatus":"draft","terms":[],"taxonomy":"category","extraData":[]},"publishpress_future_workflow_manual_trigger":{"enabledWorkflows":[]},"_links":{"self":[{"href":"https:\/\/www.die-stadtzeitung.de\/index.php\/wp-json\/wp\/v2\/posts\/41115","targetHints":{"allow":["GET"]}}],"collection":[{"href":"https:\/\/www.die-stadtzeitung.de\/index.php\/wp-json\/wp\/v2\/posts"}],"about":[{"href":"https:\/\/www.die-stadtzeitung.de\/index.php\/wp-json\/wp\/v2\/types\/post"}],"author":[{"embeddable":true,"href":"https:\/\/www.die-stadtzeitung.de\/index.php\/wp-json\/wp\/v2\/users\/7"}],"replies":[{"embeddable":true,"href":"https:\/\/www.die-stadtzeitung.de\/index.php\/wp-json\/wp\/v2\/comments?post=41115"}],"version-history":[{"count":4,"href":"https:\/\/www.die-stadtzeitung.de\/index.php\/wp-json\/wp\/v2\/posts\/41115\/revisions"}],"predecessor-version":[{"id":41120,"href":"https:\/\/www.die-stadtzeitung.de\/index.php\/wp-json\/wp\/v2\/posts\/41115\/revisions\/41120"}],"wp:attachment":[{"href":"https:\/\/www.die-stadtzeitung.de\/index.php\/wp-json\/wp\/v2\/media?parent=41115"}],"wp:term":[{"taxonomy":"category","embeddable":true,"href":"https:\/\/www.die-stadtzeitung.de\/index.php\/wp-json\/wp\/v2\/categories?post=41115"},{"taxonomy":"post_tag","embeddable":true,"href":"https:\/\/www.die-stadtzeitung.de\/index.php\/wp-json\/wp\/v2\/tags?post=41115"}],"curies":[{"name":"wp","href":"https:\/\/api.w.org\/{rel}","templated":true}]}}