{"id":41060,"date":"2021-09-05T10:39:17","date_gmt":"2021-09-05T08:39:17","guid":{"rendered":"https:\/\/www.die-stadtzeitung.de\/?p=41060"},"modified":"2021-09-11T09:26:03","modified_gmt":"2021-09-11T07:26:03","slug":"hommage-an-die-vergangenheit-mit-haendel-und-bach","status":"publish","type":"post","link":"https:\/\/www.die-stadtzeitung.de\/index.php\/2021\/09\/05\/hommage-an-die-vergangenheit-mit-haendel-und-bach\/","title":{"rendered":"Hommage an die Vergangenheit mit H\u00e4ndel und Bach"},"content":{"rendered":"<div id=\"attachment_41062\" class=\"wp-caption alignnone\" style=\"max-width: 1034px;\"><img loading=\"lazy\" decoding=\"async\" class=\"size-large wp-image-41062\" src=\"\/wp-content\/uploads\/2021\/09\/Clemens_Flick_\u00a9_Foto_Steinhagen-1024x681.jpg\" alt=\"\" width=\"1024\" height=\"681\" \/><span class=\"wp-caption-text\">Clemens Flick &#8211; \u00a9 Foto Steinhagen<\/span><\/div>\n<p>Raus aus dem Alltag und rein in die Wuppertaler Stadtteile. In den rund einst\u00fcndigen &#8222;Uptown Classics&#8220; entdeckt das Publikum nicht nur Juwelen und Liebhaberst\u00fccke der Musikgeschichte, sondern lernt auch die Musikerinnen und Musiker, die sich als Solisten mit dem eigenen Orchester pr\u00e4sentieren, aus n\u00e4chster N\u00e4he kennen.<\/p>\n<p>Unter der Leitung von Clemens Flick, Spezialist f\u00fcr Barockmusik, geht das Sinfonieorchester Wuppertal mit Werken von Georg Friedrich H\u00e4ndel, Georg Muffat und Johann Christian Bach auf st\u00e4dtische Erkundungstour.<span class=\"Apple-converted-space\">\u00a0<\/span><\/p>\n<p>Die &#8222;Uptown Classics \/1&#8220; versprechen einen herrlichen musikalischen Wettstreit zwischen den Solo- und Tuttigruppen im Orchester und das Publikum kann sich an beidem erfreuen \u2013 an der Virtuosit\u00e4t eines Konzerts und an der Klanggewalt einer Sinfonie.<\/p>\n<p>Solistisch sind der 1. Konzertmeister Nicolas Koeckert, der Cellist Fritjof von Gagern und der Solooboist des Sinfonieorchesters, Andreas Heimann, zu erleben. Clemens Flick \u00fcbernimmt nicht nur die musikalische Leitung der Konzerte, sondern spielt zugleich Cembalo beziehungsweise Hammerklavier.<\/p>\n<p>Tickets gibt es bei der KulturKarte, Kirchplatz 1 in Elberfeld, online unter <a href=\"http:\/\/www.sinfonieorchester-wuppertal.de\/\">sinfonieorchester-wuppertal.de<\/a> \u00a0oder telefonisch unter +49 202 563 7666. Es d\u00fcrfen nur getestete, genesene oder geimpfte Personen die Konzerte besuchen.<\/p>\n<p>Weitere Informationen zu Terminen und Tickets sind zu finden unter <a href=\"http:\/\/www.sinfonieorchester-wuppertal.de\/\">sinfonieorchester-wuppertal.de<\/a>.<\/p>\n<p>&nbsp;<\/p>\n<p><strong>Termine: \u00a0<\/strong><\/p>\n<h4>HOMMAGE AN DIE VERGANGENHEIT<\/h4>\n<p>&#8222;<b>Uptown Classics \/1&#8243;<\/b><\/p>\n<p>&nbsp;<\/p>\n<p><strong>Freitag<\/strong> &#8211; 10. September 2021 &#8211; 19:30 Uhr<\/p>\n<p>Vereinsheim des CVJM Wuppertal-Langerfeld e. V.<\/p>\n<p>Am Hedtberg 12 &#8211; 42389 Wuppertal<\/p>\n<p><strong>Sonntag<\/strong> &#8211; 12. September 2021 &#8211; 18 Uhr<\/p>\n<p>Immanuelskirche<\/p>\n<p>Von-Eynern-Str. 73 &#8211; 42275 Wuppertal<\/p>\n<p>&nbsp;<\/p>\n<p><strong>Besetzung:<span class=\"Apple-converted-space\">\u00a0<\/span><\/strong><\/p>\n<p>Andreas Heimann &#8211; Oboe<\/p>\n<p>Nicolas Koeckert &#8211; Violine<\/p>\n<p>Fritjof von Gagern &#8211; Violoncello<\/p>\n<p>Sinfonieorchester Wuppertal<\/p>\n<p>Clemens Flick &#8211; Cembalo, Hammerklavier und musikalische Leitung<\/p>\n<p>&nbsp;<\/p>\n<p><strong>GEORG FRIEDRICH H\u00c4NDEL<\/strong><\/p>\n<p>Concerto grosso d-Moll op. 3, Nr. 5<\/p>\n<p><strong>GEORG MUFFAT<\/strong><\/p>\n<p>Sonata Nr. 2 g-Moll aus \u203aArmonico tributo\u2039<\/p>\n<p><strong>JOHANN CHRISTIAN BACH<\/strong><\/p>\n<p>Sinfonia concertante B-Dur C 48<\/p>\n<p>&nbsp;<\/p>\n<p>&nbsp;<\/p>\n<p>&nbsp;<\/p>\n<p>&nbsp;<\/p>\n<p>&nbsp;<\/p>\n","protected":false},"excerpt":{"rendered":"<p>Das Sinfonieorchester Wuppertal unterwegs! macht sich wieder auf den Weg! In den &#8222;Uptown Classics \/1&#8220; am 10. und 12. September macht sich das Orchester auf den Weg in den Osten Wuppertals. Am Freitag (10.09.) ist das Sinfonieorchester um 19:30 Uhr zu Gast im CVJM-Vereinsheim Langerfeld und am Sonntag (12.09.)\u00a0 bringt es die bereits mehrfach erprobte Immanuelskirche zum Klingen.<\/p>\n","protected":false},"author":7,"featured_media":0,"comment_status":"open","ping_status":"closed","sticky":false,"template":"","format":"standard","meta":{"footnotes":""},"categories":[29],"tags":[],"class_list":["post-41060","post","type-post","status-publish","format-standard","hentry","category-kultur"],"publishpress_future_action":{"enabled":false,"date":"2026-05-07 15:26:19","action":"change-status","newStatus":"draft","terms":[],"taxonomy":"category","extraData":[]},"publishpress_future_workflow_manual_trigger":{"enabledWorkflows":[]},"_links":{"self":[{"href":"https:\/\/www.die-stadtzeitung.de\/index.php\/wp-json\/wp\/v2\/posts\/41060","targetHints":{"allow":["GET"]}}],"collection":[{"href":"https:\/\/www.die-stadtzeitung.de\/index.php\/wp-json\/wp\/v2\/posts"}],"about":[{"href":"https:\/\/www.die-stadtzeitung.de\/index.php\/wp-json\/wp\/v2\/types\/post"}],"author":[{"embeddable":true,"href":"https:\/\/www.die-stadtzeitung.de\/index.php\/wp-json\/wp\/v2\/users\/7"}],"replies":[{"embeddable":true,"href":"https:\/\/www.die-stadtzeitung.de\/index.php\/wp-json\/wp\/v2\/comments?post=41060"}],"version-history":[{"count":6,"href":"https:\/\/www.die-stadtzeitung.de\/index.php\/wp-json\/wp\/v2\/posts\/41060\/revisions"}],"predecessor-version":[{"id":41067,"href":"https:\/\/www.die-stadtzeitung.de\/index.php\/wp-json\/wp\/v2\/posts\/41060\/revisions\/41067"}],"wp:attachment":[{"href":"https:\/\/www.die-stadtzeitung.de\/index.php\/wp-json\/wp\/v2\/media?parent=41060"}],"wp:term":[{"taxonomy":"category","embeddable":true,"href":"https:\/\/www.die-stadtzeitung.de\/index.php\/wp-json\/wp\/v2\/categories?post=41060"},{"taxonomy":"post_tag","embeddable":true,"href":"https:\/\/www.die-stadtzeitung.de\/index.php\/wp-json\/wp\/v2\/tags?post=41060"}],"curies":[{"name":"wp","href":"https:\/\/api.w.org\/{rel}","templated":true}]}}