{"id":41041,"date":"2021-09-07T17:12:59","date_gmt":"2021-09-07T15:12:59","guid":{"rendered":"https:\/\/www.die-stadtzeitung.de\/?p=41041"},"modified":"2021-09-07T17:35:30","modified_gmt":"2021-09-07T15:35:30","slug":"alice-schwarzer-erzaehlt-im-wdr-anekdoten-aus-der-jugend","status":"publish","type":"post","link":"https:\/\/www.die-stadtzeitung.de\/index.php\/2021\/09\/07\/alice-schwarzer-erzaehlt-im-wdr-anekdoten-aus-der-jugend\/","title":{"rendered":"Alice Schwarzer erz\u00e4hlt im WDR Anekdoten aus der Jugend"},"content":{"rendered":"<div id=\"attachment_41050\" class=\"wp-caption alignnone\" style=\"max-width: 1034px;\"><img loading=\"lazy\" decoding=\"async\" class=\"size-large wp-image-41050\" src=\"\/wp-content\/uploads\/2021\/09\/1_ARD_RF2021_Alice_Schwarzer-2-1024x678.jpg\" alt=\"\" width=\"1024\" height=\"678\" \/><span class=\"wp-caption-text\">Die Journalistin und Verlegerin Alice Schwarzer &#8211; \u00a9 Radio Bremen \/ Bettina Flitner<\/span><\/div>\n<p>Erz\u00e4hlt werden die vier Filme der Reihe &#8222;Unser Land in den 50ern&#8220; von Schauspieler Joachim Krol.<\/p>\n<p>In der vierten Folge &#8222;Wohlstand f\u00fcr alle&#8220;, die am Freitag (10.09.) um 20:15 Uhr im WDR ausgestrahlt, erz\u00e4hlt die Gr\u00fcnderin, Chefredakteurin und Verlegerin des Frauen-Magazins &#8222;Emma&#8220; noch unbekanntere Anektdoten \u00fcber ihre Jugend in Wuppertal.<span class=\"Apple-converted-space\">\u00a0<\/span><\/p>\n<p>Alice Schwarzer kam am 03.12.1942 als uneheliches Kind in Wuppertal auf die Welt und wuchs bei ihren Gro\u00dfeltern auf.<\/p>\n<p>Die 78j\u00e4hrige bezeichnet die 50er Jahre in Wuppertal zur\u00fcckblickend als \u201emit die besten Jahre meines Lebens\u201c. Und das, obwohl ihr schon damals\u00a0die Situation der Frauen in den 50er Jahren nicht gefiel.<\/p>\n<p>Die Frauen h\u00e4tten im Krieg ihren Mann gestanden, dann seien die M\u00e4nner aus dem Krieg zur\u00fcckgekehrt und haben wieder alles bestimmen wollen. Aber das h\u00e4tten die Frauen eigentlich nicht mehr gewollt.<\/p>\n<p>Darum seien sie in der Werbung und in Filmen \u201emit dieser s\u00fc\u00dflichen S\u00fclze \u00fcbersch\u00fcttet worden\u201c, so Schwarzer \u2013 damit sei an die Frauen die Forderung erhoben worden: \u201eSo sollst Du sein!\u201c<\/p>\n<p>Aber Alice Schwarzer suchte schon damals in Wuppertal ihren eigenen Weg. Sie beschreibt, dass sie 1959 die h\u00f6here Handelsschule absolviert hatte und gern eine Schreinerlehre antreten wollte \u2013 sehr ungew\u00f6hnlich f\u00fcr eine Frau in der damaligen Zeit.<span class=\"Apple-converted-space\">\u00a0<\/span><\/p>\n<p>Alice Schwarzer Sie habe sogar einen Betrieb gefunden, der sie ausgebildet h\u00e4tte. Aber das Gewerbeamt habe Einspruch eingelegt, weil der Betrieb keinen Damentoilette hatte.<span class=\"Apple-converted-space\">\u00a0<\/span><\/p>\n<p>Amerika war in den 50er Jahren das gro\u00dfe Vorbild: von dort schwappte die Rock\u2019n\u2019Roll-Welle \u00fcber den gro\u00dfen Teich. Alice Schwarzer w\u00e4re f\u00fcr Elvis Presley bis ans Ende der Welt gegangen, sagt sie in der Dokumentation und erinnert sich gut an die Schw\u00e4rmerei und erste Erfahrungen in der Tanzschule ihrer Wuppertaler Heimat.<\/p>\n<p>Dort habe sie sich vor dem \u00a0Satz \u201eDie Herren fordern die Damen auf\u201c regelrecht f\u00fcrchtete. Das Ausgeliefertsein an einen Mann in dieser Situation habe sie damals nachhaltig gepr\u00e4gt.<\/p>\n<div id=\"attachment_41046\" class=\"wp-caption alignnone\" style=\"max-width: 756px;\"><img loading=\"lazy\" decoding=\"async\" class=\"size-full wp-image-41046\" src=\"\/wp-content\/uploads\/2021\/09\/7_Wohlstand_fuer_alle-socialmedia.jpg\" alt=\"\" width=\"746\" height=\"536\" \/><span class=\"wp-caption-text\">Alice Schwarzer in der Folge &#8222;Wohlstand f\u00fcr alle&#8220; in der WDR-Doku-Reihe &#8222;Unser Land in den 50er Jahren&#8220; &#8211; \u00a9 WDR\/Broadview TV\/Mario Iser&#8220;<\/span><\/div>\n<p>Sie zog lieber mit einer Clique von sechs \u201eausgeflippten\u201c M\u00e4dchen durch die Stadt. Ein Treffpunkt war z.B. die &#8222;Milchbar&#8220; in Elberfeld. Alice Schwarzer trug damals \u201eechte Cowboy-Jeans\u201c, mit denen man sich in die Badewanne legte, damit sie hauteng sa\u00dfen.<span class=\"Apple-converted-space\">\u00a0<\/span><\/p>\n<p>Die junge Alice holte sich dabei eine Lungenentz\u00fcndung, aber das war ihr egal\u2026! Alice Schwarzer schon damals authentisch: \u201eWir waren rebellische M\u00e4dchen und haben bewusst provoziert!\u201c<\/p>\n<p>Heute lebt Alice Schwarzer im Rheinland und ist seit 2018 mit der Fotografin und Cutterin Bettina Flitner (59) verheiratet.<\/p>\n<p>Wer nicht bis Freitagabend warten will, der kann sich die Folge mit Alice Schwarzer wie auch schon die drei vorherigen Episoden jetzt schon in der WDR-Mediathek an schauen.<span class=\"Apple-converted-space\">\u00a0<\/span><\/p>\n<h4>Die Folgen sind jeweils 45 Minuten lang:<\/h4>\n<p><strong>Folge 01:<\/strong> Unser Land in den 59er Jahren: &#8222;Ein neues Leben<\/p>\n<p><strong>Folge 02:<\/strong> Unser Land in den 50er Jahren: &#8222;Aufbruch uns Wirtschaftswunderland&#8220;<\/p>\n<p><strong>Folge 03:<\/strong> Unser Land in den 50er Jahren: &#8222;Wir sind wieder wer&#8220;<\/p>\n<p><strong>Folge 04:<\/strong> Unser Land in den 50er Jahren: &#8222;Wohlstand f\u00fcr alle&#8220; (Alice Schwarzer ist ab Minute 35 zu h\u00f6ren und zu sehen)<\/p>\n<p><a href=\"https:\/\/www1.wdr.de\/fernsehen\/wdr-aktuell\/index.html\">https:\/\/www1.wdr.de\/fernsehen\/wdr-aktuell\/index.html<\/a><\/p>\n<p>&nbsp;<\/p>\n","protected":false},"excerpt":{"rendered":"<p>Sie ist eine ber\u00fchmte Tochter der Stadt Wuppertal. Alice Schwarzer, Journalistin, Publizistin und engagierte Frauenrechtlerin, spielt in der vierteiligen WDR-Dokumentationsreihe &#8222;Unser Land in den 50ern&#8220; eine Hauptrolle.<\/p>\n","protected":false},"author":7,"featured_media":0,"comment_status":"open","ping_status":"closed","sticky":false,"template":"","format":"standard","meta":{"footnotes":""},"categories":[29],"tags":[],"class_list":["post-41041","post","type-post","status-publish","format-standard","hentry","category-kultur"],"publishpress_future_action":{"enabled":false,"date":"2026-05-06 11:41:03","action":"change-status","newStatus":"draft","terms":[],"taxonomy":"category","extraData":[]},"publishpress_future_workflow_manual_trigger":{"enabledWorkflows":[]},"_links":{"self":[{"href":"https:\/\/www.die-stadtzeitung.de\/index.php\/wp-json\/wp\/v2\/posts\/41041","targetHints":{"allow":["GET"]}}],"collection":[{"href":"https:\/\/www.die-stadtzeitung.de\/index.php\/wp-json\/wp\/v2\/posts"}],"about":[{"href":"https:\/\/www.die-stadtzeitung.de\/index.php\/wp-json\/wp\/v2\/types\/post"}],"author":[{"embeddable":true,"href":"https:\/\/www.die-stadtzeitung.de\/index.php\/wp-json\/wp\/v2\/users\/7"}],"replies":[{"embeddable":true,"href":"https:\/\/www.die-stadtzeitung.de\/index.php\/wp-json\/wp\/v2\/comments?post=41041"}],"version-history":[{"count":9,"href":"https:\/\/www.die-stadtzeitung.de\/index.php\/wp-json\/wp\/v2\/posts\/41041\/revisions"}],"predecessor-version":[{"id":41053,"href":"https:\/\/www.die-stadtzeitung.de\/index.php\/wp-json\/wp\/v2\/posts\/41041\/revisions\/41053"}],"wp:attachment":[{"href":"https:\/\/www.die-stadtzeitung.de\/index.php\/wp-json\/wp\/v2\/media?parent=41041"}],"wp:term":[{"taxonomy":"category","embeddable":true,"href":"https:\/\/www.die-stadtzeitung.de\/index.php\/wp-json\/wp\/v2\/categories?post=41041"},{"taxonomy":"post_tag","embeddable":true,"href":"https:\/\/www.die-stadtzeitung.de\/index.php\/wp-json\/wp\/v2\/tags?post=41041"}],"curies":[{"name":"wp","href":"https:\/\/api.w.org\/{rel}","templated":true}]}}