{"id":41026,"date":"2021-09-11T11:41:58","date_gmt":"2021-09-11T09:41:58","guid":{"rendered":"https:\/\/www.die-stadtzeitung.de\/?p=41026"},"modified":"2021-09-11T14:32:44","modified_gmt":"2021-09-11T12:32:44","slug":"eroeffnungsfeier-fuer-das-sanierte-engels-haus","status":"publish","type":"post","link":"https:\/\/www.die-stadtzeitung.de\/index.php\/2021\/09\/11\/eroeffnungsfeier-fuer-das-sanierte-engels-haus\/","title":{"rendered":"Das sanierte Engels-Haus wurde feierlich er\u00f6ffnet"},"content":{"rendered":"<div id=\"attachment_41246\" class=\"wp-caption alignnone\" style=\"max-width: 1034px;\"><img loading=\"lazy\" decoding=\"async\" class=\"size-large wp-image-41246\" src=\"\/wp-content\/uploads\/2021\/09\/BA9I3280-2-1024x767.jpg\" alt=\"\" width=\"1024\" height=\"767\" \/><span class=\"wp-caption-text\">Versammelten sich auf der Treppe des Engelshauses: (v.l.) Museumsdirektor Dr. Lars Blume, NRW- Ministerin Isabel Pfeiffer-Poensgen, Kulturdezernent Matthias Nocke, Oberb\u00fcrgermeister Dr. Uwe Schneidewind und Karin Schmitt-Promny, stellv. Vorsitzende der Landschaftsversammlung des LVR &#8211; \u00a9 Ralf Silberkuhl<\/span><\/div>\n<p>Vor der offiziellen Er\u00f6ffnung des Engels-Hauses fand im Engelsgarten eine bunte Kultur-Veranstaltung u.a. mit Auftritten des Royal Street Orchestra und der Hipp Hopp Crew des AGORA-Projektes aus Wuppertal-Oberbarmen statt. Als Moderator trat Schauspiel-Intendant Thomas Braus auf.<span class=\"Apple-converted-space\">\u00a0<\/span><\/p>\n<p>Im Anschlu\u00df wurde das 10 mal 16 Meter gro\u00dfe Banner des viebeachteten Kunst-Projektes &#8222;INSIDE OUT ENGELS&#8220; entrollt. Die Riesen-Leinwand zeigt ein Mosaik aus 200 Schwarz-Wei\u00df-Portr\u00e4tfotos.<span class=\"Apple-converted-space\">\u00a0<\/span><\/p>\n<p>Interessant und lebendig war auch die Dialogrunde zum Thema \u201eEngels in der heutigen Zeit\u201c mit Kultur- und Wissenschaftsministerin Isabel Pfeiffer-Poensgen, Oberb\u00fcrgermeister Dr. Uwe Schneidewind, Karin Schmitt-Promny vom LVR Landschaftsverband Rheinland sowie Museumsdirektor Dr. Lars Bluma fand statt. Zudem wurde das internationale Kunstprojekt INSIDE OUT ENGELS n\u00e4her vorgestellt.<\/p>\n<div id=\"attachment_41252\" class=\"wp-caption alignnone\" style=\"max-width: 1034px;\"><img loading=\"lazy\" decoding=\"async\" class=\"wp-image-41252 size-large\" src=\"\/wp-content\/uploads\/2021\/09\/BA9I3091-1024x683.jpg\" alt=\"\" width=\"1024\" height=\"683\" \/><span class=\"wp-caption-text\">Posieren vor dem Kunst-Projekt &#8222;INSIDE OUT ENGELS&#8220;: (v.l.) Dr. Lars Bluma, Matthias Nocke, Isabel Pfeiffer-Poensgen, Karin Schmitt-Promny, die K\u00fcnstlerin Valentina Manojlov vom Kunst-Projekt &#8222;INSIDE OUT ENGELS&#8220; und Dr. Uwe Schneidewind &#8211; \u00a9 Ralf Silberkuhl<\/span><\/div>\n<p>Parallel zum Neustart hat auch eine neue Dauerausstellung \u00fcber das Leben und Werk Friedrich Engels\u2018 begonnen.<\/p>\n<p>60 Wuppertalerinnen und Wuppertaler hatten \u00fcbrigens das Gl\u00fcck an der Er\u00f6ffnungsveranstaltung \u2013 der Corona bedingt nur geladene G\u00e4ste und die Projektteilnehmer von INSIDE OUT ENGELS beiwohnen konnten \u2013 exklusiv teilnehmen zu k\u00f6nnen. Nach dem Motto &#8222;Wer zuerst kommt, malt zuerst&#8220;, konnten sich B\u00fcrger per E-mail daf\u00fcr bewerben.<\/p>\n<p>Wuppertalerinnen und Wuppertaler haben \u00fcbrigens am gesamten Er\u00f6ffnungswochenende die Chance, das denkmalgesch\u00fctzte Geb\u00e4ude in kleinen Gruppen von maximal 12 Personen kostenfrei zu besichtigen.<\/p>\n<p>Daf\u00fcr sind am Er\u00f6ffnungswochenende kostenfreie Buchungen f\u00fcr feste Zeittaktungen ausschlie\u00dflich \u00fcber das Ticketsystem Wuppertal Live notwendig, die ab sofort m\u00f6glich sind:\u00a0<a href=\"https:\/\/ticketbuchung.online\/engelshaus\">https:\/\/ticketbuchung.online\/engelshaus<\/a><\/p>\n<p>Die \u00d6ffnungszeiten: Samstag (11.09.) von 14:40 Uhr bis 18:00 Uhr &#8211; am Sonntag (12.09.) von 10:00 bis 18:00 Uhr.<\/p>\n<div id=\"attachment_41029\" class=\"wp-caption alignnone\" style=\"max-width: 1034px;\"><img loading=\"lazy\" decoding=\"async\" class=\"size-large wp-image-41029\" src=\"\/wp-content\/uploads\/2021\/09\/Engels-Haus-Wuppertal-23_Copyright-Stadt-Wuppertal-Medienzentrum-Stefanie-vom-Stein-1024x684.jpg\" alt=\"\" width=\"1024\" height=\"684\" \/><span class=\"wp-caption-text\">Erstrahlt in neuem Glanz: Das Innere des Engel-Haus &#8211; \u00a9\u00a0Stadt Wuppertal &#8211; Medienzentrum \/ Stefanie vom Stein<\/span><\/div>\n<h4>Aktionstag des Museums Industriekultur<\/h4>\n<p>Zudem bietet das Museum Industriekultur Wuppertal am Sonntag (12.09.) anl\u00e4sslich der Er\u00f6ffnung einen Aktionstag an: Von 13.00 bis 16.00 Uhr finden im Halbstundentakt kostenlose F\u00fchrungen durch den Engelsgarten statt.<span class=\"Apple-converted-space\">\u00a0<\/span><\/p>\n<p>Hierbei erkl\u00e4rt das Team der Engels-Stadtf\u00fchrer anhand der erhaltenen Villen und Arbeiterh\u00e4user sowie der Engels-Denkm\u00e4ler die Geschichte der Textilmanufaktur Johann-Caspar-Engels und erl\u00e4utert die Erinnerungskultur zu Friedrich Engels.<span class=\"Apple-converted-space\">\u00a0<\/span><\/p>\n<p>Die einst\u00fcndige F\u00fchrung bietet zugleich eine Einf\u00fchrung in die Ausstellung im Engels-Haus. Eine vorherige Anmeldung zu den kostenfreien F\u00fchrungen im Engelsgarten ist nicht notwendig, die Teilnehmerinnen und Teilnehmer m\u00fcssen sich allerdings vor Ort im Engelspavillon in eine Anwesenheitsliste eintragen.<\/p>\n<div id=\"attachment_41032\" class=\"wp-caption alignnone\" style=\"max-width: 1034px;\"><img loading=\"lazy\" decoding=\"async\" class=\"wp-image-41032 size-large\" src=\"\/wp-content\/uploads\/2021\/09\/Engels-Haus-Wuppertal-12_Copyright-Stadt-Wuppertal-Medienzentrum-Stefanie-vom-Stein-1024x684.jpg\" alt=\"\" width=\"1024\" height=\"684\" \/><span class=\"wp-caption-text\">Ein Blick in den Flur des Engels-Hauses &#8211; \u00a9 Stadt Wuppertal &#8211; Medienzentrum \/ Stefanie vom Stein<\/span><\/div>\n<p>Die neu konzipierte Dauerausstellung im Engels-Haus zeigt Leben und Werk des ber\u00fchmtesten Sohns Wuppertals und gibt einen faszinierenden Einblick in die b\u00fcrgerliche Alltagskultur der pietistischen Unternehmerfamilie Engels.<span class=\"Apple-converted-space\">\u00a0<\/span><\/p>\n<p>Das Museum bietet einerseits Informationen \u00fcber Engels\u2018 Lebensgeschichte als Unternehmer, Mitbegr\u00fcnder des wissenschaftlichen Sozialismus und Zeitzeuge des 19. Jahrhunderts.<span class=\"Apple-converted-space\">\u00a0<\/span><\/p>\n<p>Andererseits wird das Engels-Haus selbst als spannendes Exponat pr\u00e4sentiert. Die neue Dauerausstellung wurde von dem renommierten Gestaltungsb\u00fcro &#8222;Space4&#8220; in Szene gesetzt. Kuratiert wurde die Ausstellung von Heike Ising-Alms, Thorsten Dette (Leiter des Stadtarchivs Wuppertal) und Dr. Lars Bluma. Gef\u00f6rdert wird die neukonzipierte Dauerausstellung im Engels-Haus vom LVR Landschaftsverband Rheinland.<\/p>\n<p>Weitere Informationen zum Er\u00f6ffnungswochenende und zu den aktuell geltenden Hygieneschutzregeln werden kurzfristig auf <a href=\"http:\/\/www.mi-wuppertal.de\/\">www.mi-wuppertal.de<\/a> ver\u00f6ffentlicht.<\/p>\n<p><b>Hinweis f\u00fcr den Besuch im Engels-Haus am Er\u00f6ffnungswochenende:<\/b><\/p>\n<p>Im gesamten Geb\u00e4ude gilt Mundschutzpflicht. \u00a0Ein zertifizierter negativer Schnelltest oder eine Impfbescheinigung sind f\u00fcr den Besuch\u00a0<b>nicht<\/b>\u00a0erforderlich!\u00a0F\u00fchrungen sind vorerst leider nicht m\u00f6glich.<\/p>\n<div id=\"attachment_41036\" class=\"wp-caption alignnone\" style=\"max-width: 1034px;\"><img loading=\"lazy\" decoding=\"async\" class=\"size-large wp-image-41036\" src=\"\/wp-content\/uploads\/2021\/09\/Engels-Haus-Wuppertal-1_Copyright-Stadt-Wuppertal-Medienzentrum-Stefanie-vom-Stein-2-1024x576.jpg\" alt=\"\" width=\"1024\" height=\"576\" \/><span class=\"wp-caption-text\">Das Foto liefert einen Endruck von der neuen Dauerausstellung im sanierten Engels-Haus &#8211; \u00a9 Stadt Wuppertal &#8211; Medienzentrum \/ Stefanie vom Stein<\/span><\/div>\n<p>Gef\u00f6rdert wird die neukonzipierte Dauerausstellung im Engels-Haus vom LVR Landschaftsverband Rheinland. INSIDE OUT ENGELS wird gef\u00f6rdert durch die Beauftragte der Bundesregierung f\u00fcr Kultur und Medien.<\/p>\n<p>Weitere Informationen zum Er\u00f6ffnungswochenende und zu den aktuell geltenden Hygieneschutzregeln werden kurzfristig auf <a href=\"http:\/\/www.engels2020.de\/\">www.engels2020.de<\/a> und <a href=\"http:\/\/www.mi-wuppertal.de\/\">www.mi-wuppertal.de<\/a> ver\u00f6ffentlicht.<\/p>\n<p>Ab dem 14. September 2021 wird der normale Museumsbetrieb im Engels-Haus aufgenommen. Alle relevanten Besucherinfos dazu gibt es auf der Website des Museums Industriekultur Wuppertal: <a href=\"http:\/\/www.mi-wuppertal.de\/\">www.mi-wuppertal.de<\/a><\/p>\n<div id=\"attachment_41222\" class=\"wp-caption alignnone\" style=\"max-width: 340px;\"><img loading=\"lazy\" decoding=\"async\" class=\" wp-image-41222\" src=\"\/wp-content\/uploads\/2021\/09\/171063547_100454608841027_2127174968224568863_n.jpg\" alt=\"\" width=\"330\" height=\"220\" \/><span class=\"wp-caption-text\">Die AGORA Hipp Hopp Crew vom &#8222;JMD Quartier&#8220; stand auch bei der Er\u00f6ffnungsfeier auf der B\u00fchne &#8211; \u00a9 Jens Gro\u00dfmann<\/span><\/div>\n","protected":false},"excerpt":{"rendered":"<p>Das Engels-Haus ist am Samstag (11.09.) nach umfangreichen Sanierungsarbeiten feierlich wieder er\u00f6ffnet worden. Daf\u00fcr hatte sich  Prominenz im Engelsgarten versammelt. Oberb\u00fcrgermeister Dr. Uwe Schneidewind konnte u.a. Isabell Pfeiffer-Poensgen, Ministerin f\u00fcr Kultur und Wissenschaft des Landes Nordrhein-Westfalen begr\u00fcssen. <\/p>\n","protected":false},"author":7,"featured_media":0,"comment_status":"open","ping_status":"closed","sticky":false,"template":"","format":"standard","meta":{"footnotes":""},"categories":[29],"tags":[],"class_list":["post-41026","post","type-post","status-publish","format-standard","hentry","category-kultur"],"publishpress_future_action":{"enabled":false,"date":"2026-05-06 09:08:50","action":"change-status","newStatus":"draft","terms":[],"taxonomy":"category","extraData":[]},"publishpress_future_workflow_manual_trigger":{"enabledWorkflows":[]},"_links":{"self":[{"href":"https:\/\/www.die-stadtzeitung.de\/index.php\/wp-json\/wp\/v2\/posts\/41026","targetHints":{"allow":["GET"]}}],"collection":[{"href":"https:\/\/www.die-stadtzeitung.de\/index.php\/wp-json\/wp\/v2\/posts"}],"about":[{"href":"https:\/\/www.die-stadtzeitung.de\/index.php\/wp-json\/wp\/v2\/types\/post"}],"author":[{"embeddable":true,"href":"https:\/\/www.die-stadtzeitung.de\/index.php\/wp-json\/wp\/v2\/users\/7"}],"replies":[{"embeddable":true,"href":"https:\/\/www.die-stadtzeitung.de\/index.php\/wp-json\/wp\/v2\/comments?post=41026"}],"version-history":[{"count":32,"href":"https:\/\/www.die-stadtzeitung.de\/index.php\/wp-json\/wp\/v2\/posts\/41026\/revisions"}],"predecessor-version":[{"id":41260,"href":"https:\/\/www.die-stadtzeitung.de\/index.php\/wp-json\/wp\/v2\/posts\/41026\/revisions\/41260"}],"wp:attachment":[{"href":"https:\/\/www.die-stadtzeitung.de\/index.php\/wp-json\/wp\/v2\/media?parent=41026"}],"wp:term":[{"taxonomy":"category","embeddable":true,"href":"https:\/\/www.die-stadtzeitung.de\/index.php\/wp-json\/wp\/v2\/categories?post=41026"},{"taxonomy":"post_tag","embeddable":true,"href":"https:\/\/www.die-stadtzeitung.de\/index.php\/wp-json\/wp\/v2\/tags?post=41026"}],"curies":[{"name":"wp","href":"https:\/\/api.w.org\/{rel}","templated":true}]}}