{"id":41010,"date":"2021-09-06T13:37:57","date_gmt":"2021-09-06T11:37:57","guid":{"rendered":"https:\/\/www.die-stadtzeitung.de\/?p=41010"},"modified":"2021-09-06T13:37:57","modified_gmt":"2021-09-06T11:37:57","slug":"screen-dance-academy-drei-tage-an-drei-orten","status":"publish","type":"post","link":"https:\/\/www.die-stadtzeitung.de\/index.php\/2021\/09\/06\/screen-dance-academy-drei-tage-an-drei-orten\/","title":{"rendered":"Screen Dance Academy: Drei Tage an Drei Orten"},"content":{"rendered":"<div id=\"attachment_41016\" class=\"wp-caption alignnone\" style=\"max-width: 1034px;\"><img loading=\"lazy\" decoding=\"async\" class=\"size-large wp-image-41016\" src=\"\/wp-content\/uploads\/2021\/09\/Bianca-Hauda-02-\u00a9-Frederike-Wetzels-2-1024x824.jpg\" alt=\"\" width=\"1024\" height=\"824\" \/><span class=\"wp-caption-text\">Moderatorin Bianca Hauda &#8211; \u00a9 Frederike Wetzels<\/span><\/div>\n<p>Die SCREEN DANCE ACADEMY &#8222;another Spirit&#8220; mit Arbeitsgruppen, Diskussionen, Community, Pop Up Store und Screenings ist eine Veranstaltung von TANZRAUSCHEN e.V. in Kooperation mit dem TV-Sender ARTE und findet an drei Tagen in drei Wuppertaler Locations statt &#8211; im Pop Up Store, REX-Filmtheater und auf der Insel \u2013 Kultur im ADA<span class=\"Apple-converted-space\">\u00a0<\/span><\/p>\n<p>Welche Funktion \u00fcbernehmen Kreative im Kontext eines nachhaltigen und \u00f6kologischen Wandels? Was sind innovative Formen \u00e4sthetischen Produzierens und Konsumierens? Inwiefern ergeben sich ganz andere Formen des Storytellings?<span class=\"Apple-converted-space\">\u00a0Das sind nur einige der Fragen, auf die Antworten gesucht werden.<\/span><\/p>\n<h4>Das Programm:<span class=\"Apple-converted-space\">\u00a0<\/span><\/h4>\n<p><strong>Er\u00f6ffnung:<\/strong> 09. September 2021<br \/>\n17.00 &#8211; 18.30 Uhr<br \/>\nAuf der Insel (Caf\u00e9 Ada) &#8211; Wiesenstra\u00dfe 6 &#8211; 42105 Wuppertal<span class=\"Apple-converted-space\">\u00a0<\/span><\/p>\n<p>Another Spirit. Auf dem Weg zu einer nachhaltigen Praxis<span class=\"Apple-converted-space\">\u00a0<\/span><\/p>\n<p>Keynote mit Panel und Publikumsgespr\u00e4ch<br \/>\nin Zusammenarbeit mit ARTE und dem Wuppertal Institut f\u00fcr Klima, Umwelt, Energie<span class=\"Apple-converted-space\">\u00a0<\/span><\/p>\n<p>Die Veranstaltung findet als YouTube-Live-Event statt, das auf dem ARTE YouTube-Kanal &#8222;Irgendwas mit ARTE und Kultur&#8220; \u00f6ffentlich gestreamt wird. Neben unseren SCREEN DANCE ACADEMY Teilnehmern sind alle Interessierte herzlich eingeladen, sich an diesem Gespr\u00e4ch zu beteiligen &#8211; online oder pers\u00f6nlich vor Ort.<span class=\"Apple-converted-space\">\u00a0<\/span><\/p>\n<p><strong>Moderation:<\/strong> Bianca Hauda &#8211; ARTE-Kulturmagazin \u201eTWIST&#8220;<span class=\"Apple-converted-space\">\u00a0<\/span><\/p>\n<p><strong>Keynote<\/strong> \u2013 Wuppertal Institut &#8211; f\u00fcr Klima, Umwelt, Energie<br \/>\n<strong>Dr. Christa Liedtke<\/strong><br \/>\nNachhaltiges Produzieren und Konsumieren &#8211; Professorin an der Folkwang Universit\u00e4t der K\u00fcnste f\u00fcr Nachhaltigkeitsforschung im Design, Fachbereich Industrial Design<span class=\"Apple-converted-space\">\u00a0<\/span><\/p>\n<p><strong>Reinhild Dettmer-Finke<\/strong> &#8211; Regisseurin und Autorin der Doku \u201eDesign ist niemals unschuldig\u201c<span class=\"Apple-converted-space\">\u00a0<\/span><\/p>\n<p><strong>Kay Meseberg<\/strong> &#8211; Head of Mission Innovation bei ARTE<span class=\"Apple-converted-space\">\u00a0<\/span><\/p>\n<p><strong>Horst Wegener<\/strong> &#8211; Rapper, Unternehmer und Filmproduzent in Wuppertal<span class=\"Apple-converted-space\">\u00a0<\/span><\/p>\n<p>Im Anschluss im REX-Filmtheater mit einem Gru\u00dfwort von Helge Lindh, MdB \/ Schirmherr TANZRAUSCHEN und anschlie\u00dfendem Gespr\u00e4ch mit der Regisseurin<span class=\"Apple-converted-space\">\u00a0<\/span><\/p>\n<p>19:30 Uhr<br \/>\n<strong>\u201eDesign ist niemals unschuldig\u201c<\/strong><br \/>\nEine Dokumentation von Reinhild Dettmer-Finke \/ 53 min \/ 2021 \/ ZDF \/ Arte \/ SRF<span class=\"Apple-converted-space\">\u00a0<\/span><\/p>\n<p>Trailer \u00a0<a href=\"https:\/\/www.youtube.com\/watch?v=Y_9vChw2IXk&amp;t=29s\">https:\/\/www.youtube.com\/watch?v=Y_9vChw2IXk&amp;t=29s<\/a><\/p>\n<p><strong>Rex-Filmtheater<span class=\"Apple-converted-space\">\u00a0<\/span><\/strong><\/p>\n<p>Kipdorf 29, 42103 Wuppertal Eintritt frei<span class=\"Apple-converted-space\">\u00a0<\/span><\/p>\n<p>09.\/10.\/11. September \/ 12.00-22.00 Uhr<span class=\"Apple-converted-space\">\u00a0<\/span><\/p>\n<p>drei Tage f\u00fcr alle \u2013 Community, Screenings, Gespr\u00e4che, Input<span class=\"Apple-converted-space\">\u00a0<\/span><\/p>\n<p>TANZRAUSCHEN Pop Me Up Friedrich-Ebert-Stra\u00dfe 28 42103 Wuppertal<span class=\"Apple-converted-space\">\u00a0<\/span><\/p>\n<div id=\"attachment_41017\" class=\"wp-caption alignnone\" style=\"max-width: 1034px;\"><img loading=\"lazy\" decoding=\"async\" class=\"size-large wp-image-41017\" src=\"\/wp-content\/uploads\/2021\/09\/Tanzrauschen_Pop-me-up_Foto_Jens-Grossmann-1024x682.jpg\" alt=\"\" width=\"1024\" height=\"682\" \/><span class=\"wp-caption-text\">&#8222;TANZRAUSCHEN&#8220; e.V. &#8211; Pop Up Store \u00a9 Jens Grossmann<\/span><\/div>\n<p>&nbsp;<\/p>\n<p><strong>Orte der SCREEN DANCE ACADEMY<\/strong><\/p>\n<p><b>Insel e. V. &#8211; Kultur im ADA<\/b> (ACADEMY Raum und ARTE YouTube-Live)<span class=\"Apple-converted-space\">\u00a0<\/span><\/p>\n<p>Wiesenstra\u00dfe 6, 42105 Wuppertal<span class=\"Apple-converted-space\">\u00a0<\/span><\/p>\n<p><b>Rex-Filmtheater <\/b>&#8211; Filmabend \u201eDesign ist niemals unschuldig\u201c<span class=\"Apple-converted-space\">\u00a0<\/span><\/p>\n<p>Kipdorf 29, 42103 Wuppertal<span class=\"Apple-converted-space\">\u00a0<\/span><\/p>\n<p><b>TANZRAUSCHEN Pop Me Up<span class=\"Apple-converted-space\">\u00a0<\/span><\/b><\/p>\n<p>Pop Up Store \/ Input und Screenings Friedrich-Ebert-Stra\u00dfe 28, 42103 Wuppertal<span class=\"Apple-converted-space\">\u00a0<\/span><\/p>\n<h4>Die Gespr\u00e4chspartnerinnen und Gespr\u00e4chspartner<span class=\"Apple-converted-space\">\u00a0<\/span><\/h4>\n<p><b>Prof. Dr. Christa Liedtke <\/b>\/ Wuppertal Institut f\u00fcr Klima, Umwelt, Energie<br \/>\nNachhaltiges Produzieren und Konsumieren &#8211; Professorin an der Folkwang Universit\u00e4t der K\u00fcnste f\u00fcr Nachhaltigkeitsforschung im Design, Fachbereich Industrial Design<span class=\"Apple-converted-space\">\u00a0<\/span><\/p>\n<p>Studium der Biologie und der Evangelischen Theologie, Promotion in der Zellbiologie. Seit 2018 Leiterin der Abteilung Nachhaltiges Produzieren und Konsumieren am Wuppertal Institut f\u00fcr Klima, Umwelt, Energie. Seit April 2016 Professorin f\u00fcr Nachhaltigkeitsforschung im Design an der Folkwang Universit\u00e4t der K\u00fcnste in Essen. Im Juli 2019 wurde sie in den Sachverst\u00e4ndigenrat f\u00fcr Verbraucherfragen am BMJV berufen. Sie ist Mitglied im Lenkungsausschuss des SDSN Germany (Sustainable Development Solutions Network Germany). Seit Januar 2020 hat sie den Mit-Vorsitz der Wissenschaftsplattform Nachhaltigkeit 2030 inne.<\/p>\n<p><b>Kay Meseberg \/ Arte<span class=\"Apple-converted-space\">\u00a0<\/span><\/b><\/p>\n<p>Geboren in Bad Belzig in Ostdeutschland, studierte Kay Meseberg Politikwissenschaften an der Universit\u00e4t Potsdam. Parallel zu seiner Fernsehkarriere war er seit Ende der Neunzigerjahre an der Konzeption und Umsetzung zahlreicher preisgekr\u00f6nter Online-Projekte und dem Aufbau von Plattformen beteiligt.<span class=\"Apple-converted-space\">\u00a0<\/span><\/p>\n<p>2013 wechselte er zu ARTE, wo er die Plattform ARTE Future entwickelte und sp\u00e4ter in die Redaktion des Magazins SQUARE IDEE einstieg. Nach dem Erfolg von Polar Sea 360\u00b0 setzte er die Erforschung von Inhalten aus der Perspektive von 360\u00b0-Video und virtueller Realit\u00e4t fort. Seit 2018 ist Kay Meseberg Head of Mission Innovation und arbeitet am Fernsehen von \u00fcbermorgen, das Themen wie Daten\/AI, immersive Medien und \u00d6ko-Verantwortung umfasst.<span class=\"Apple-converted-space\">\u00a0<\/span><\/p>\n<p>Er erhielt zahlreiche Auszeichnungen, u. a. drei Grimme Online Awards, den Deutschen Reporterpreis, zweimal den Deutschen Wirtschaftsfilmpreis, den LEAD Award, den Deutsch-Franz\u00f6sischen Journalistenpreis.<span class=\"Apple-converted-space\">\u00a0<\/span><\/p>\n<p><b>Reinhild Dettmer-Finke <\/b>\/ Regisseurin und Autorin<span class=\"Apple-converted-space\">\u00a0<\/span><\/p>\n<p>Die Regisseurin und Autorin der Doku \u201eDesign ist niemals unschuldig\u201c studierte Germanistik, Politische Wissenschaft und P\u00e4dagogik an der Leibniz Universit\u00e4t in Hannover. Seit 1988 hat sie als Autorin und Filmemacherin zahlreiche Dokumentationen und Dokumentarfilme f\u00fcr ARD, ZDF, ARTE zu Themen aus Gesellschaft, Zeitgeschehen und Kultur realisiert. Teilweise auch als Produzentin oder Co-Produzentin mit der eigenen Firma defi-filmproduktion. Sie arbeitet als Trainerin und ist Jurymitglied bei der FSK und der FBW in Wiesbaden. F\u00fcr ihre Filme gewann sie zahlreiche internationale Preise. Ihr Dokumentarfilm DER BAUCH VON TOKYO wurde auf zahlreichen Festivals weltweit ausgezeichnet. Reinhild Dettmer-Finke interessiert sich f\u00fcr Themen, die nah an den Menschen und ihren existenziellen Br\u00fcchen und Herausforderungen erz\u00e4hlt werden k\u00f6nnen.<span class=\"Apple-converted-space\">\u00a0<\/span><\/p>\n<p><b>Horst Wegener<\/b> \/ Rapper, Unternehmer und Filmproduzent in Wuppertal<span class=\"Apple-converted-space\">\u00a0<\/span><\/p>\n<p>Horst Wegener wurde 1997 in Quito, Ecuador geboren und arbeitet heute als Rapper, Songwriter und Filmproduzent in Wuppertal. Mit seiner Debut EP \u201eMein<br \/>\nName ist Horst\u201c, die \u00fcber das Label KunstWerkStadt von Samy Deluxe released wurde, erhielt Horst Wegener erstmals nationale und internationale Aufmerksamkeit. Er ist Gr\u00fcnder der Filmproduktionsfirma WUPPERwerft. Seit 2019 arbeitet Wegener als Kurator des Festivals \u201eSound of the City\u201c f\u00fcr die Oper Wuppertal. Im Herbst 2020 ver\u00f6ffentlicht er einen von der Wupperwerft produzierten Kurzfilm, der die Black Lives Matter Thematik behandelt. Dieser sorgte f\u00fcr eine Menge positiver Resonanz und Zuspruch in der deutschen Medienlandschaft.<span class=\"Apple-converted-space\">\u00a0<\/span><\/p>\n<p><strong>Bianca Hauda<\/strong> \/ Moderatorin und Sprecherin<span class=\"Apple-converted-space\">\u00a0<\/span><\/p>\n<p>Bianca Hauda moderiert seit 2020 das deutsch\/franz\u00f6sische Kulturmagazin &#8222;TWIST&#8220; bei ARTE. Bekannt ist sie aber auch durch ihre T\u00e4tigkeit im WDR Fernsehen und im Digitalkanal der ARD \u201eONE\u201c. Dort hat sie einen w\u00f6chentlichen Talk, Live-Shows auf Festivals und von Veranstaltungen wie dem ECHO und dem ESC moderiert. Radioh\u00f6rer kennen Bianca auch aus dem WDR durch 1LIVE. Bis Juni 2019 hat sie dort 10 Jahre moderiert \u2013 zuletzt die Musiksendung 1LIVE Plan B und den 1LIVE Talk.<span class=\"Apple-converted-space\">\u00a0<\/span><\/p>\n<p>Seit 2019 moderiert und produziert sie ihr eigenes Podcast-Format \u201eBestatten, Hauda\u201c, mit dem sie k\u00fcrzlich f\u00fcr den Deutschen Podcastpreis nominiert war. Ebenfalls h\u00f6rt man sie als Talkerin und Host\u00a0im neuen Congstar-Podcast \u201eFAIRsprochen\u201c. Seit 2012 arbeitet Bianca au\u00dferdem als Sprecherin. F\u00fcr ihren Einsatz im H\u00f6rspiel Hate Radio erhielt sie 2014 den H\u00f6rspielpreis der Kriegsblinden. Auf B\u00fchnen steht Bianca vor allem f\u00fcr Film-, Kunst-, und Literaturfestivals wie der ART D\u00fcsseldorf, dem Filmfestival Cologne Conference, der Lit.COLOGNE und dem Reeperbahnfestival. Seit 2012 ist sie Jury-Mitglied des Popcamp vom Deutschen Musikrat, der Pop NRW Jury und beim Toys2Masters Wettbewerb und unterst\u00fctzt mit ihrer Arbeit den musikalischen Nachwuchs in Deutschland.<\/p>\n<p>Weitere Informationen unter www.tanzrauschen.de<span class=\"Apple-converted-space\">\u00a0<\/span><\/p>\n<p><strong>Corona Hinweis \/ Eintritt frei aber nach 3G-Regel<\/strong><br \/>\nNach der aktuellen Corona-Schutzverordnung, die am 20. August 2021 in Kraft trat, ist der Zutritt zu unseren Veranstaltungen ab einer Inzidenz von 35 nur noch vollst\u00e4ndig Geimpften, Genesenen oder mit dem Nachweis eines negativen Antigen-Schnelltests (zertifiziert und maximal 48 Stunden alt) m\u00f6glich.<br \/>\nEs besteht in unseren R\u00e4umen die Pflicht zum Tragen einer medizinischen Maske. Wir empfehlen sie auch am Sitzplatz.<\/p>\n<p>Bitte melden Sie sich trotz kostenfreiem Eintritt f\u00fcr die Veranstaltung am 9.9. um 17:00 Uhr auf der Insel \u2013 Kultur im ADA an &#8211; und zwar \u00fcber <span class=\"Apple-converted-space\"><a href=\"http:\/\/www.wuppertal-live.de\">http:\/\/www.wuppertal-live.de<\/a><\/span><\/p>\n<p>&nbsp;<\/p>\n","protected":false},"excerpt":{"rendered":"<p>Die Forderung nach Nachhaltigkeit macht nicht vor Kunst und Kultur halt. Deshalb\u00a0 stellen sich die Teilnehmerinnen und Teilnehmer w\u00e4hrend der SCREEN DANCE ACADEMY &#8222;another spirit&#8220; vom 09. bis 11.09. den Fragen, die durch die Corona-Pandemie noch dringlicher geworden sind.\u00a0<\/p>\n","protected":false},"author":7,"featured_media":0,"comment_status":"open","ping_status":"closed","sticky":false,"template":"","format":"standard","meta":{"footnotes":""},"categories":[29],"tags":[],"class_list":["post-41010","post","type-post","status-publish","format-standard","hentry","category-kultur"],"publishpress_future_action":{"enabled":false,"date":"2026-05-08 13:11:32","action":"change-status","newStatus":"draft","terms":[],"taxonomy":"category","extraData":[]},"publishpress_future_workflow_manual_trigger":{"enabledWorkflows":[]},"_links":{"self":[{"href":"https:\/\/www.die-stadtzeitung.de\/index.php\/wp-json\/wp\/v2\/posts\/41010","targetHints":{"allow":["GET"]}}],"collection":[{"href":"https:\/\/www.die-stadtzeitung.de\/index.php\/wp-json\/wp\/v2\/posts"}],"about":[{"href":"https:\/\/www.die-stadtzeitung.de\/index.php\/wp-json\/wp\/v2\/types\/post"}],"author":[{"embeddable":true,"href":"https:\/\/www.die-stadtzeitung.de\/index.php\/wp-json\/wp\/v2\/users\/7"}],"replies":[{"embeddable":true,"href":"https:\/\/www.die-stadtzeitung.de\/index.php\/wp-json\/wp\/v2\/comments?post=41010"}],"version-history":[{"count":7,"href":"https:\/\/www.die-stadtzeitung.de\/index.php\/wp-json\/wp\/v2\/posts\/41010\/revisions"}],"predecessor-version":[{"id":41019,"href":"https:\/\/www.die-stadtzeitung.de\/index.php\/wp-json\/wp\/v2\/posts\/41010\/revisions\/41019"}],"wp:attachment":[{"href":"https:\/\/www.die-stadtzeitung.de\/index.php\/wp-json\/wp\/v2\/media?parent=41010"}],"wp:term":[{"taxonomy":"category","embeddable":true,"href":"https:\/\/www.die-stadtzeitung.de\/index.php\/wp-json\/wp\/v2\/categories?post=41010"},{"taxonomy":"post_tag","embeddable":true,"href":"https:\/\/www.die-stadtzeitung.de\/index.php\/wp-json\/wp\/v2\/tags?post=41010"}],"curies":[{"name":"wp","href":"https:\/\/api.w.org\/{rel}","templated":true}]}}