{"id":40909,"date":"2021-09-01T10:08:40","date_gmt":"2021-09-01T08:08:40","guid":{"rendered":"https:\/\/www.die-stadtzeitung.de\/?p=40909"},"modified":"2021-09-06T08:15:47","modified_gmt":"2021-09-06T06:15:47","slug":"gwg-feiert-richtfest-fuer-das-heidter-carre","status":"publish","type":"post","link":"https:\/\/www.die-stadtzeitung.de\/index.php\/2021\/09\/01\/gwg-feiert-richtfest-fuer-das-heidter-carre\/","title":{"rendered":"GWG feiert Richtfest f\u00fcr das \u201eheidter carr\u00e9\u201c"},"content":{"rendered":"<div class=\"page\" title=\"Page 1\">\n<div class=\"section\">\n<div class=\"layoutArea\">\n<div class=\"column\">\n<div id=\"attachment_40913\" class=\"wp-caption alignnone\" style=\"max-width: 1034px;\"><img loading=\"lazy\" decoding=\"async\" class=\"size-large wp-image-40913\" src=\"\/wp-content\/uploads\/2021\/09\/Presse_20210902_Richtfest_086-2-1024x697.jpg\" alt=\"\" width=\"1024\" height=\"697\" \/><span class=\"wp-caption-text\">(V.l.) Oberb\u00fcrgermeister Prof. Dr. Uwe Schneidewind, GWG-Aufsichtsratsvorsitzende Yazg\u00fcl\u00fc Zeybek, GWG-Gesch\u00e4ftsf\u00fchrer Oliver Zier &#8211; \u00a9 GWG<\/span><\/div>\n<p>Die GWG investiert insgesamt rund 13 Mio. Euro in das Neubauprojekt. Die Bauarbeiten hatten am 31. Ma\u0308rz 2020 begonnen.\u201eDie Kombination von Mietwohnungen und Kita ist fu\u0308r einen Neubau in Wuppertal bisher einmalig\u201c, berichtet GWG-Gescha\u0308ftsfu\u0308hrer Oliver Zier. \u201eMit diesem Projekt unterstreicht die GWG ihre wichtige Rolle am Wuppertaler Wohnungsmarkt.\u201c<\/p>\n<p>Der Energieverbrauch des Geba\u0308udes werde bei nur 55 Prozent eines herko\u0308mmlichen Wohnhauses liegen: \u201eDiese Nachhaltigkeit ist ebenso gut fu\u0308r die Umwelt wie fu\u0308r unsere ku\u0308nftigen Mieter.\u201c Zier lobt die Zusammenarbeit auf der Baustelle: \u201eWir liegen gut im Zeit- und Kostenplan. Das gelingt nur, weil alle Beteiligten \u2013 Handwerker, Stadt, Architekten und GWG \u2013 an einem Strang ziehen.\u201c<\/p>\n<p>\u201eDie Neubauquote in Wuppertal ist nicht u\u0308berbordend, auch weil wir es mit gewaltigen Fla\u0308chenengpa\u0308ssen zu tun haben\u201c, beschreibt Oberbu\u0308rgermeister Uwe Schneidewind die Situation. \u201eHier haben wir ein Neubauprojekt mit attraktiven Wohnungen, fu\u0308r das die vorhandene Fla\u0308che anders genutzt wird \u2013 das ist ein kluges Konzept.\u201c<\/p>\n<div id=\"attachment_40915\" class=\"wp-caption alignnone\" style=\"max-width: 1034px;\"><img loading=\"lazy\" decoding=\"async\" class=\"size-large wp-image-40915\" src=\"\/wp-content\/uploads\/2021\/09\/Presse_20210902_Richtfest_102-1024x683.jpg\" alt=\"\" width=\"1024\" height=\"683\" \/><span class=\"wp-caption-text\">Richtfest am GWG-Projekt &#8222;heidter carr\u00e9&#8220; &#8211; \u00a9 GWG<\/span><\/div>\n<p>Der 5-sto\u0308ckige Neubau erha\u0308lt im Erdgeschoss eine Backsteinfassade, so wie die noch erhaltenen Geba\u0308udeteile an der Ostseite des Gela\u0308ndes. \u201eDamit knu\u0308pft die Architektur an die Geschichte des Ortes an\u201c, erla\u0308utert GWG- Architekt Klaus Feldhaus. Die Hanglage habe einige technische Herausforderungen mit sich gebracht: \u201eUm den Bauko\u0308rper sicher zu gru\u0308nden, waren bis zu 80 Bohrpfa\u0308hle no\u0308tig, die wir teilweise bis zu zwo\u0308lf Meter tief in den Berg hineintreiben mussten.\u201c<\/p>\n<p>Der Kita stehen rund 800 Quadratmeter Fla\u0308che zur Verfu\u0308gung, vorgesehen sind vier Gruppen zu je 20 bis 25 Kindern. Die 30 Mietwohnungen des \u201eheidter carre\u0301\u201c sind zwischen 50 und 120 Quadratmeter gro\u00df und verfu\u0308gen u\u0308ber Balkone. Insgesamt betra\u0308gt die Wohnfla\u0308che 2.250 Quadratmeter.<\/p>\n<p>Zudem bietet das Geba\u0308ude eine E-Bike-Garage sowie eine Tiefgarage mit 30 Pkw-Stellpla\u0308tzen. Lademo\u0308glichkeiten fu\u0308r E-Bikes und Elektroautos sind vorhanden. Ende 2021 wird die GWG mit der Vermietung der Wohnungen beginnen.<\/p>\n<\/div>\n<\/div>\n<\/div>\n<\/div>\n","protected":false},"excerpt":{"rendered":"<p>Richtfest auf der Baustelle Untere Lichtenplatzer Stra\u00dfe! Auf dem Gel\u00e4nde der ehemaligen Bremme-Brauerei in Barmen nimmt das erste GWG-Bauprojekt seit mehr als 20 Jahren Formen an. Bis Sp\u00e4tsommer 2022 entstehen dort 30 barrierearme Mietwohnungen &#8211; darunter sogar eine rollstuhlgerechte &#8211; sowie eine Kindertagesst\u00e4tte f\u00fcr vier Gruppen.<\/p>\n","protected":false},"author":7,"featured_media":0,"comment_status":"open","ping_status":"closed","sticky":false,"template":"","format":"standard","meta":{"footnotes":""},"categories":[24],"tags":[],"class_list":["post-40909","post","type-post","status-publish","format-standard","hentry","category-wuppertal"],"publishpress_future_action":{"enabled":false,"date":"2026-05-07 11:09:14","action":"change-status","newStatus":"draft","terms":[],"taxonomy":"category","extraData":[]},"publishpress_future_workflow_manual_trigger":{"enabledWorkflows":[]},"_links":{"self":[{"href":"https:\/\/www.die-stadtzeitung.de\/index.php\/wp-json\/wp\/v2\/posts\/40909","targetHints":{"allow":["GET"]}}],"collection":[{"href":"https:\/\/www.die-stadtzeitung.de\/index.php\/wp-json\/wp\/v2\/posts"}],"about":[{"href":"https:\/\/www.die-stadtzeitung.de\/index.php\/wp-json\/wp\/v2\/types\/post"}],"author":[{"embeddable":true,"href":"https:\/\/www.die-stadtzeitung.de\/index.php\/wp-json\/wp\/v2\/users\/7"}],"replies":[{"embeddable":true,"href":"https:\/\/www.die-stadtzeitung.de\/index.php\/wp-json\/wp\/v2\/comments?post=40909"}],"version-history":[{"count":5,"href":"https:\/\/www.die-stadtzeitung.de\/index.php\/wp-json\/wp\/v2\/posts\/40909\/revisions"}],"predecessor-version":[{"id":40916,"href":"https:\/\/www.die-stadtzeitung.de\/index.php\/wp-json\/wp\/v2\/posts\/40909\/revisions\/40916"}],"wp:attachment":[{"href":"https:\/\/www.die-stadtzeitung.de\/index.php\/wp-json\/wp\/v2\/media?parent=40909"}],"wp:term":[{"taxonomy":"category","embeddable":true,"href":"https:\/\/www.die-stadtzeitung.de\/index.php\/wp-json\/wp\/v2\/categories?post=40909"},{"taxonomy":"post_tag","embeddable":true,"href":"https:\/\/www.die-stadtzeitung.de\/index.php\/wp-json\/wp\/v2\/tags?post=40909"}],"curies":[{"name":"wp","href":"https:\/\/api.w.org\/{rel}","templated":true}]}}