{"id":40894,"date":"2021-08-30T11:59:52","date_gmt":"2021-08-30T09:59:52","guid":{"rendered":"https:\/\/www.die-stadtzeitung.de\/?p=40894"},"modified":"2021-09-04T11:47:58","modified_gmt":"2021-09-04T09:47:58","slug":"landesfrauenklinik-schon-1-500-kinder-zur-welt-gebracht","status":"publish","type":"post","link":"https:\/\/www.die-stadtzeitung.de\/index.php\/2021\/08\/30\/landesfrauenklinik-schon-1-500-kinder-zur-welt-gebracht\/","title":{"rendered":"Landesfrauenklinik: Schon 1.500 Kinder zur Welt gebracht"},"content":{"rendered":"<div id=\"attachment_40897\" class=\"wp-caption alignnone\" style=\"max-width: 1034px;\"><img loading=\"lazy\" decoding=\"async\" class=\"wp-image-40897 size-large\" src=\"\/wp-content\/uploads\/2021\/09\/2021-09-02_PM_Helios_Drillingsgeburt-2-1024x772.jpg\" alt=\"\" width=\"1024\" height=\"772\" \/><span class=\"wp-caption-text\">Die Drillinge Jolin Mia, Constantin Tim und Collin Luca sind mittlerweile mit ihren Eltern zu Hause &#8211; \u00a9\u00a0Helios Universit\u00e4tsklinikum Wuppertal \/ Claudia Regge<\/span><\/div>\n<p>Die Drillingsgeschwister Jolin Mia &#8211; geboren um 08:29 Uhr, 1.800 g schwer und 40 cm gro\u00df &#8211; Constantin Tim &#8211; geboren um 08:31 Uhr, 1.610 g schwer und 43 cm gro\u00df und Collin Luca &#8211; geboren um 08:32 Uhr, 1.710 g schwer und 42 cm gro\u00df &#8211; hatten es besonders eilig. Sie kamen acht Wochen zu fr\u00fch auf die Welt.<span class=\"Apple-converted-space\">\u00a0<\/span><\/p>\n<p>\u201eDas ist bei h\u00f6hergradigen Mehrlingsgeburten nicht ungew\u00f6hnlich, weil es f\u00fcr sie im Mutterleib schneller eng wird und mehr Gewicht auf die Geb\u00e4rmutter dr\u00fcckt, was vorzeitige Wehen ausl\u00f6sen kann\u201c, berichtet Hebamme und Stationsleiterin der Geburtshilfe, Maike Weber.<span class=\"Apple-converted-space\">\u00a0<\/span><\/p>\n<p>Nach einigen nachfolgenden Untersuchungen sind die Kinder mittlerweile zu Hause angekommen und entwickeln sich pr\u00e4chtig.<\/p>\n<p>Bis heute sind in diesem Jahr bereits fast 1.500 Kinder im Krei\u00dfsaal der Helios Landesfrauenklinik zur Welt gekommen, die am 01. Juni ihr f\u00fcnfj\u00e4hriges Jubil\u00e4um gefeiert hat.<\/p>\n<p>&nbsp;<\/p>\n<p>&nbsp;<\/p>\n<p>&nbsp;<\/p>\n","protected":false},"excerpt":{"rendered":"<p>Pl\u00f6tzlich ging alles ganz schnell: In der Landesfrauenklinik am Helios Klinikum wurden bereit am 31. Mai Drillinge geboren. Die beiden Jungen und ein M\u00e4dchen kamen per Kaiserschnitt zur Welt. Bis heute sind in diesem Jahr bereits fast 1.500 im Krei\u00dfsaal der Landesfrauenklinik zur Welt gekommen.<\/p>\n","protected":false},"author":7,"featured_media":0,"comment_status":"open","ping_status":"closed","sticky":false,"template":"","format":"standard","meta":{"footnotes":""},"categories":[24],"tags":[],"class_list":["post-40894","post","type-post","status-publish","format-standard","hentry","category-wuppertal"],"publishpress_future_action":{"enabled":false,"date":"2026-05-08 15:15:47","action":"change-status","newStatus":"draft","terms":[],"taxonomy":"category","extraData":[]},"publishpress_future_workflow_manual_trigger":{"enabledWorkflows":[]},"_links":{"self":[{"href":"https:\/\/www.die-stadtzeitung.de\/index.php\/wp-json\/wp\/v2\/posts\/40894","targetHints":{"allow":["GET"]}}],"collection":[{"href":"https:\/\/www.die-stadtzeitung.de\/index.php\/wp-json\/wp\/v2\/posts"}],"about":[{"href":"https:\/\/www.die-stadtzeitung.de\/index.php\/wp-json\/wp\/v2\/types\/post"}],"author":[{"embeddable":true,"href":"https:\/\/www.die-stadtzeitung.de\/index.php\/wp-json\/wp\/v2\/users\/7"}],"replies":[{"embeddable":true,"href":"https:\/\/www.die-stadtzeitung.de\/index.php\/wp-json\/wp\/v2\/comments?post=40894"}],"version-history":[{"count":3,"href":"https:\/\/www.die-stadtzeitung.de\/index.php\/wp-json\/wp\/v2\/posts\/40894\/revisions"}],"predecessor-version":[{"id":40898,"href":"https:\/\/www.die-stadtzeitung.de\/index.php\/wp-json\/wp\/v2\/posts\/40894\/revisions\/40898"}],"wp:attachment":[{"href":"https:\/\/www.die-stadtzeitung.de\/index.php\/wp-json\/wp\/v2\/media?parent=40894"}],"wp:term":[{"taxonomy":"category","embeddable":true,"href":"https:\/\/www.die-stadtzeitung.de\/index.php\/wp-json\/wp\/v2\/categories?post=40894"},{"taxonomy":"post_tag","embeddable":true,"href":"https:\/\/www.die-stadtzeitung.de\/index.php\/wp-json\/wp\/v2\/tags?post=40894"}],"curies":[{"name":"wp","href":"https:\/\/api.w.org\/{rel}","templated":true}]}}