{"id":40851,"date":"2021-09-01T17:03:47","date_gmt":"2021-09-01T15:03:47","guid":{"rendered":"https:\/\/www.die-stadtzeitung.de\/?p=40851"},"modified":"2021-09-01T17:03:47","modified_gmt":"2021-09-01T15:03:47","slug":"gemeinsam-fuer-die-region-bergische-uni-und-sv-bayer","status":"publish","type":"post","link":"https:\/\/www.die-stadtzeitung.de\/index.php\/2021\/09\/01\/gemeinsam-fuer-die-region-bergische-uni-und-sv-bayer\/","title":{"rendered":"Gemeinsam f\u00fcr die Region: Bergische Uni und SV Bayer"},"content":{"rendered":"<div class=\"header\">\n<div id=\"attachment_40856\" class=\"wp-caption alignnone\" style=\"max-width: 1035px;\"><img loading=\"lazy\" decoding=\"async\" class=\"size-full wp-image-40856\" src=\"\/wp-content\/uploads\/2021\/09\/Jelich_Koch_Kooperation-2.jpg\" alt=\"\" width=\"1025\" height=\"739\" \/><span class=\"wp-caption-text\">Unterzeichneten die gemeinsame Absichtserkl\u00e4rung: Dr. Klaus Jelich, 1. Vorsitzender des SV Bayer Wuppertal (li.), und Uni-Rektor Prof. Dr. Lambert T. Koch &#8211; \u00a9\u00a0Foto Annette Mack<\/span><\/div>\n<p class=\"bodytext\">Die Bandbreite der f\u00fcr beide Seiten gleicherma\u00dfen interessanten Themen ist gro\u00df und umfasst neben der Zusammenarbeit im Bereich Forschung und Transfer beispielsweise auch die gemeinsame Einwerbung von Drittmittelprojekten. L\u00e4ngst geht es dabei nicht nur um das Fach Sport.<\/p>\n<p class=\"bodytext\">Auch f\u00fcr die Sozialwissenschaften, die Wirtschaftswissenschaften, die Informationstechnik sowie f\u00fcr die F\u00e4cher Kunst und Design gibt es zahlreiche Ankn\u00fcpfungspunkte. \u201eDer SV Bayer Wuppertal sieht sich nicht als reinen Sportverein, sondern als Organisation mit gesellschaftspolitischem Anspruch\u201c, erkl\u00e4rt Dr. Klaus Jelich, 1. Vorsitzender des SV Bayer Wuppertal.<\/p>\n<p class=\"bodytext\">Uni-Rektor Prof. Dr. Lambert T. Koch f\u00fcgt seinerseits hinzu: \u201eDie Bergische Universit\u00e4t ist neben ihrer internationalen Sichtbarkeit und Vernetzung zugleich fest in der Region verankert. Wissenstransfer direkt vor Ort ist der Hochschule ein besonderes Anliegen und kommt gleicherma\u00dfen Absolvent*innen, Wissenschaftler*innen sowie Innovator*innen und Existenzgr\u00fcnder*innen zugute.\u201c<\/p>\n<p class=\"bodytext\">Der SV Bayer Wuppertal bietet Sport- und Bewegungsangebote f\u00fcr jede Altersgruppe und bildet somit eine generations\u00fcbergreifende Gemeinschaft. Der gemeinn\u00fctzige Satzungszweck umfasst neben Ausbildung, Pflege und F\u00f6rderung sportlicher \u00dcbung und Leistung auch Bildung und Erziehung sowie Jugendpflege und Jugendarbeit.<\/p>\n<p class=\"bodytext\">Die Bergische Universit\u00e4t Wuppertal ist forschungsorientiert und verf\u00fcgt \u00fcber ein breites F\u00e4cherangebot. Interdisziplinarit\u00e4t, Innovationsf\u00e4higkeit und Teamgeist pr\u00e4gen Lehre und Forschung. Die Zust\u00e4ndigkeit des Hochschulsports f\u00fcr das Sport- und Bewegungsangebot der Hochschulangeh\u00f6rigen wird von der Zusammenarbeit nicht ber\u00fchrt.<\/p>\n<p class=\"bodytext\">\n<\/div>\n<div class=\"teaser-text\">\n<p class=\"bodytext\">\n<\/div>\n","protected":false},"excerpt":{"rendered":"<p>Die Bergische Universit\u00e4t Wuppertal und der SV Bayer Wuppertal e.V. streben zuk\u00fcnftig eine Zusammenarbeit an, die insbesondere gesellschaftlich relevante Themen im p\u00e4dagogischen und sozialen Umfeld adressiert. Zu diesem Zweck haben beide Seiten nun eine gemeinsame Absichtserkl\u00e4rung unterzeichnet.<\/p>\n","protected":false},"author":7,"featured_media":0,"comment_status":"open","ping_status":"closed","sticky":false,"template":"","format":"standard","meta":{"footnotes":""},"categories":[27],"tags":[],"class_list":["post-40851","post","type-post","status-publish","format-standard","hentry","category-wissen"],"publishpress_future_action":{"enabled":false,"date":"2026-05-06 20:57:28","action":"change-status","newStatus":"draft","terms":[],"taxonomy":"category","extraData":[]},"publishpress_future_workflow_manual_trigger":{"enabledWorkflows":[]},"_links":{"self":[{"href":"https:\/\/www.die-stadtzeitung.de\/index.php\/wp-json\/wp\/v2\/posts\/40851","targetHints":{"allow":["GET"]}}],"collection":[{"href":"https:\/\/www.die-stadtzeitung.de\/index.php\/wp-json\/wp\/v2\/posts"}],"about":[{"href":"https:\/\/www.die-stadtzeitung.de\/index.php\/wp-json\/wp\/v2\/types\/post"}],"author":[{"embeddable":true,"href":"https:\/\/www.die-stadtzeitung.de\/index.php\/wp-json\/wp\/v2\/users\/7"}],"replies":[{"embeddable":true,"href":"https:\/\/www.die-stadtzeitung.de\/index.php\/wp-json\/wp\/v2\/comments?post=40851"}],"version-history":[{"count":4,"href":"https:\/\/www.die-stadtzeitung.de\/index.php\/wp-json\/wp\/v2\/posts\/40851\/revisions"}],"predecessor-version":[{"id":40857,"href":"https:\/\/www.die-stadtzeitung.de\/index.php\/wp-json\/wp\/v2\/posts\/40851\/revisions\/40857"}],"wp:attachment":[{"href":"https:\/\/www.die-stadtzeitung.de\/index.php\/wp-json\/wp\/v2\/media?parent=40851"}],"wp:term":[{"taxonomy":"category","embeddable":true,"href":"https:\/\/www.die-stadtzeitung.de\/index.php\/wp-json\/wp\/v2\/categories?post=40851"},{"taxonomy":"post_tag","embeddable":true,"href":"https:\/\/www.die-stadtzeitung.de\/index.php\/wp-json\/wp\/v2\/tags?post=40851"}],"curies":[{"name":"wp","href":"https:\/\/api.w.org\/{rel}","templated":true}]}}