{"id":40775,"date":"2021-08-30T17:56:28","date_gmt":"2021-08-30T15:56:28","guid":{"rendered":"https:\/\/www.die-stadtzeitung.de\/?p=40775"},"modified":"2021-08-30T18:06:23","modified_gmt":"2021-08-30T16:06:23","slug":"freibad-mirke-kultursommer-geht-auf-talfahrt","status":"publish","type":"post","link":"https:\/\/www.die-stadtzeitung.de\/index.php\/2021\/08\/30\/freibad-mirke-kultursommer-geht-auf-talfahrt\/","title":{"rendered":"Freibad Mirke: &#8222;Kultursommer&#8220; geht auf &#8222;Talfahrt&#8220;"},"content":{"rendered":"<div id=\"attachment_40777\" class=\"wp-caption alignnone\" style=\"max-width: 1034px;\"><img loading=\"lazy\" decoding=\"async\" class=\"wp-image-40777 size-large\" src=\"\/wp-content\/uploads\/2021\/08\/talfahrt-bautrupp-2021-uli-kopka-1024x681.jpg\" alt=\"\" width=\"1024\" height=\"681\" \/><span class=\"wp-caption-text\">Der Bautrupp von &#8222;Talfahrt&#8220;: (v.l.) Jens Neutag, Ulrich Rasch und J\u00fcrgen Scheugenpflug &#8211; \u00a9 Uli Kopka<\/span><\/div>\n<p>Bevor die Kabarettgaukler Scheugenpflug, Neutag und Rasch ab Dezember wieder den ultimativen Kabarett-Jahresr\u00fcckblick f\u00fcr Wuppertal darbieten, pr\u00e4sentieren sie im Sommer eine TALFAHRT-Sommersause als Halbjahresbilanz.<span class=\"Apple-converted-space\">\u00a0<\/span><\/p>\n<p>Das ist ein prall gef\u00fclltes Open-Air-Programm mit den wichtigsten Wuppertal-Themen das ersten Halbjahrs 2021, diversen Highlights, Evergreens, Solonummern und den beliebtesten Liedern der vergangenen Talfahrten.<\/p>\n<p>Das preisgekr\u00f6nte (u.a. Prix Pantheon) &#8222;Theatre du Pain&#8220; sang mit den Toten Hosen, Rio Reiser und Herbert Gr\u00f6nemeyer \u201eAlles L\u00fcge\u201c auf dem WAA-Festival in Burglangenfeld vor 100.000 Menschen. Wurde zum intellektuellen H\u00f6hepunkt in der FAZ und probte f\u00fcr seine Auftritte nicht. Es verschlankte in den 1990ern von Sechs auf Drei, spielte landauf, landab.<span class=\"Apple-converted-space\">\u00a0<\/span><\/p>\n<p>Das &#8222;Theatre du Pain&#8220; nahm Musik auf und machte Filme, und schuf, weil es nie in eine Schublade passte, einfach seine eigene. Sie spielen in ihrer eigenen Liga. Da geht es zum Br\u00fcllen komisch zu, sentimental, tiefenpsychologisch, banal, w\u00fctend und sch\u00f6n.<\/p>\n<p>Das schrille Trio hat seine Kunst der Kontraste zur Meisterschaft gebracht, spielt nicht mehr so oft, aber immer noch wahnwitzig intensiv und hinterl\u00e4sst ein gl\u00fcckliches Publikum, das oft nicht wusste, dass es solchen Humor wirklich gibt.\u00a0\u201e(\u2026) Vielleicht war das theatre du pain noch nie so gut!\u201c, schrieb die &#8222;taz&#8220;.<\/p>\n<div id=\"attachment_40780\" class=\"wp-caption alignnone\" style=\"max-width: 1034px;\"><img loading=\"lazy\" decoding=\"async\" class=\"size-large wp-image-40780\" src=\"\/wp-content\/uploads\/2021\/08\/Theatre132-1024x610.jpeg\" alt=\"\" width=\"1024\" height=\"610\" \/><span class=\"wp-caption-text\">Das &#8222;Theatre du Pain&#8220; &#8211; \u00a9 Theatre du Pain<\/span><\/div>\n<p><b>Termine:<\/b><\/p>\n<h4>&#8222;Talfahrt&#8220;<\/h4>\n<p>Samstag &#8211;<span class=\"Apple-converted-space\">\u00a0 <\/span>04. September 2021<br \/>\nEinlass: 18:30 Uhr<br \/>\nBeginn: 20:00 Uhr<\/p>\n<h4>&#8222;Theatre du Pain&#8220;<\/h4>\n<p>Sonntag &#8211; 05. September 2021<br \/>\nEinlass: 18:30 Uhr<br \/>\nBeginn: 20:00 Uhr<\/p>\n<p>Tickets: <a href=\"http:\/\/www.wuppertal-live.de\/?fbclid=IwAR0j0B5kDz8c6ooGf-7x7K_7UmfRL3cSQemDShRMPos3eIJJYM1HRlYM5yU\">www.wuppertal-live.de<\/a><\/p>\n<p>Die Veranstaltung ist bestuhlt und findet unter Ber\u00fccksichtigung der zum Termin geltenden Corona-Schutzverordnung statt. Es sind in jedem Falle entweder ein negativer Corona-Schnelltest (nicht \u00e4lter als 48 Stunden), ein Genesungs- oder Impfnachweis zur Teilnahme erforderlich.<\/p>\n<p><strong>Kultursommer im Freibad Mirke<\/strong><br \/>\nJuli &#8211; September 2021<br \/>\nOpen-air &amp; bestuhlt<\/p>\n<p>Freibad Mirke &#8211; In der Mirke 1 &#8211; 42109 Wuppertal<br \/>\n<a href=\"http:\/\/www.freibad-mirke.de\/\">www.freibad-mirke.de<\/a><\/p>\n<p>&nbsp;<\/p>\n","protected":false},"excerpt":{"rendered":"<p>Trotz des schlechten Wetter f\u00e4llt der &#8222;Kultursommer&#8220; im Freibad Mirke nicht ins Wasser, sondern geht sogar in die Verl\u00e4ngerung &#8211; mit dem legend\u00e4ren Ensemble \u201eTalfahrt\u201c, das eine \u201e(sa-)tierischen Sommersause\u201c im Becken pr\u00e4sentiert (04.09.). Einen Tag sp\u00e4ter geht es weiter  mit dem nicht minder ber\u00fchmt-ber\u00fcchtigten &#8222;Theatre du Pain&#8220; (05.09.).<\/p>\n","protected":false},"author":7,"featured_media":0,"comment_status":"open","ping_status":"closed","sticky":false,"template":"","format":"standard","meta":{"footnotes":""},"categories":[29],"tags":[],"class_list":["post-40775","post","type-post","status-publish","format-standard","hentry","category-kultur"],"publishpress_future_action":{"enabled":false,"date":"2026-05-06 15:13:21","action":"change-status","newStatus":"draft","terms":[],"taxonomy":"category","extraData":[]},"publishpress_future_workflow_manual_trigger":{"enabledWorkflows":[]},"_links":{"self":[{"href":"https:\/\/www.die-stadtzeitung.de\/index.php\/wp-json\/wp\/v2\/posts\/40775","targetHints":{"allow":["GET"]}}],"collection":[{"href":"https:\/\/www.die-stadtzeitung.de\/index.php\/wp-json\/wp\/v2\/posts"}],"about":[{"href":"https:\/\/www.die-stadtzeitung.de\/index.php\/wp-json\/wp\/v2\/types\/post"}],"author":[{"embeddable":true,"href":"https:\/\/www.die-stadtzeitung.de\/index.php\/wp-json\/wp\/v2\/users\/7"}],"replies":[{"embeddable":true,"href":"https:\/\/www.die-stadtzeitung.de\/index.php\/wp-json\/wp\/v2\/comments?post=40775"}],"version-history":[{"count":7,"href":"https:\/\/www.die-stadtzeitung.de\/index.php\/wp-json\/wp\/v2\/posts\/40775\/revisions"}],"predecessor-version":[{"id":50054,"href":"https:\/\/www.die-stadtzeitung.de\/index.php\/wp-json\/wp\/v2\/posts\/40775\/revisions\/50054"}],"wp:attachment":[{"href":"https:\/\/www.die-stadtzeitung.de\/index.php\/wp-json\/wp\/v2\/media?parent=40775"}],"wp:term":[{"taxonomy":"category","embeddable":true,"href":"https:\/\/www.die-stadtzeitung.de\/index.php\/wp-json\/wp\/v2\/categories?post=40775"},{"taxonomy":"post_tag","embeddable":true,"href":"https:\/\/www.die-stadtzeitung.de\/index.php\/wp-json\/wp\/v2\/tags?post=40775"}],"curies":[{"name":"wp","href":"https:\/\/api.w.org\/{rel}","templated":true}]}}