{"id":40773,"date":"2021-08-29T10:44:42","date_gmt":"2021-08-29T08:44:42","guid":{"rendered":"https:\/\/www.die-stadtzeitung.de\/?p=40773"},"modified":"2021-09-02T09:05:09","modified_gmt":"2021-09-02T07:05:09","slug":"junior-uni-nur-noch-wenige-plaetze-fuers-wintersemester","status":"publish","type":"post","link":"https:\/\/www.die-stadtzeitung.de\/index.php\/2021\/08\/29\/junior-uni-nur-noch-wenige-plaetze-fuers-wintersemester\/","title":{"rendered":"Junior Uni: Nur noch wenige Pl\u00e4tze f\u00fcrs Wintersemester"},"content":{"rendered":"<div id=\"attachment_40863\" class=\"wp-caption alignnone\" style=\"max-width: 1034px;\"><img loading=\"lazy\" decoding=\"async\" class=\"size-large wp-image-40863\" src=\"\/wp-content\/uploads\/2021\/08\/Geschaeftsfuehrung-der-Junior-Uni-Foto-Junior-Uni-Uwe-Sc-hinkel-2-1024x686.jpg\" alt=\"\" width=\"1024\" height=\"686\" \/><span class=\"wp-caption-text\">Freuen sich \u00fcber die vielen Anmeldungen: Die Junior Uni-Gesch\u00e4ftsf\u00fchrung (v.l.) Dr. Ariane Staab, Dr. Annika Spathmann und Prof. Dr. h.c. Ernst-Andreas Ziegler &#8211; \u00a9 Foto: Junior Uni\/Uwe Schinkel<\/span><\/div>\n<p>\u201eDas Interesse an unserem Kursangebot ist wieder riesig\u201c, freut sich Junior Uni-Gesch\u00e4ftsf\u00fchrerin Dr. Annika Spathmann. Gerade bei den j\u00fcngeren Forschern und Entdeckern zwischen vier und zehn Jahren sind die Kurspl\u00e4tze gr\u00f6\u00dftenteils vergeben.<\/p>\n<p>Auch bei den 11-14- und 14-20-J\u00e4hrigen wurden bereits viele Pl\u00e4tze vergeben, es gibt in vielen spannenden Kursen aber auch noch freie Pl\u00e4tze im Angebot: Ob \u201eJunior Praxis \u2013 Sprechstunde mit Medizin-Experten\u201c, die \u201eDrehbuch-Schmiede\u201c oder \u201eKick mit Physik\u201c, die spannende Einblicke in verschiedene Berufe bieten oder einen neuen Blick auf das eigene Hobby erm\u00f6glichen.<\/p>\n<p>Auch das Angebot der Wartelisten wurde viel genutzt: Wer keinen Platz in seinem Wunschkurs ergattern konnte, hat durch einen Eintrag auf der Warteliste weiterhin eine Chance, nachzur\u00fccken. Bei besonders beliebten Kursen und langen Wartelisten versucht das Junior Uni-Team, diese Kurse f\u00fcr die Kinder und Jugendlichen auf der Warteliste nachzulegen.<\/p>\n<p>\u201eWir freuen uns \u00fcber das Vertrauen, das uns angesichts der hohen Infektionszahlen von unseren Studentinnen und Studenten und ihren Familien entgegengebracht wurde\u201c, betont Dr. Annika Spathmann. Das strenge Hygienekonzept habe sich bereits erfolgreich bew\u00e4hrt. \u201eWir sind froh, dass wir neben den sehr erfolgreichen Online-Kursen auch Pr\u00e4senzkurse anbieten k\u00f6nnen, aber die Sicherheit aller hat f\u00fcr uns oberste Priorit\u00e4t. Daher lassen wir auch weiterhin weniger Teilnehmer in den einzelnen Kursen zu, als wir von beh\u00f6rdlicher Seite d\u00fcrften.\u201c<\/p>\n<p>Das Wintersemester beginnt am 06. September und endet am 12. Februar 2022.<\/p>\n<p>Das aktuelle Kursprogramm und alle weiteren <strong>Informationen<\/strong> und <strong>Anmeldung<\/strong> unter:<\/p>\n<p><a href=\"http:\/\/www.junioruni-wuppertal.de\/\">www.junioruni-wuppertal.de<\/a><\/p>\n<p>&nbsp;<\/p>\n","protected":false},"excerpt":{"rendered":"<p>Mehr als 1.600 Kurspl\u00e4tze standen zum Anmeldestart des Wintersemesters 2021\/22 an der Wuppertaler Junior Uni f\u00fcr das Bergische Land zur Anmeldung bereit. Wie auch schon in den letzten Jahren waren innerhalb weniger Minuten die ersten Kurse komplett ausgebucht, bis zum fr\u00fchen Nachmittag wurden bereits mehr als 1100 Kurspl\u00e4tze vergeben \u2013 in allen Altersklassen gibt es aber noch wenige freie Pl\u00e4tze, f\u00fcr die sich Interessierte auch jetzt noch schnell und unkompliziert online anmelden k\u00f6nnen.<\/p>\n","protected":false},"author":7,"featured_media":0,"comment_status":"open","ping_status":"closed","sticky":false,"template":"","format":"standard","meta":{"footnotes":""},"categories":[27],"tags":[],"class_list":["post-40773","post","type-post","status-publish","format-standard","hentry","category-wissen"],"publishpress_future_action":{"enabled":false,"date":"2026-05-07 04:59:08","action":"change-status","newStatus":"draft","terms":[],"taxonomy":"category","extraData":[]},"publishpress_future_workflow_manual_trigger":{"enabledWorkflows":[]},"_links":{"self":[{"href":"https:\/\/www.die-stadtzeitung.de\/index.php\/wp-json\/wp\/v2\/posts\/40773","targetHints":{"allow":["GET"]}}],"collection":[{"href":"https:\/\/www.die-stadtzeitung.de\/index.php\/wp-json\/wp\/v2\/posts"}],"about":[{"href":"https:\/\/www.die-stadtzeitung.de\/index.php\/wp-json\/wp\/v2\/types\/post"}],"author":[{"embeddable":true,"href":"https:\/\/www.die-stadtzeitung.de\/index.php\/wp-json\/wp\/v2\/users\/7"}],"replies":[{"embeddable":true,"href":"https:\/\/www.die-stadtzeitung.de\/index.php\/wp-json\/wp\/v2\/comments?post=40773"}],"version-history":[{"count":2,"href":"https:\/\/www.die-stadtzeitung.de\/index.php\/wp-json\/wp\/v2\/posts\/40773\/revisions"}],"predecessor-version":[{"id":40864,"href":"https:\/\/www.die-stadtzeitung.de\/index.php\/wp-json\/wp\/v2\/posts\/40773\/revisions\/40864"}],"wp:attachment":[{"href":"https:\/\/www.die-stadtzeitung.de\/index.php\/wp-json\/wp\/v2\/media?parent=40773"}],"wp:term":[{"taxonomy":"category","embeddable":true,"href":"https:\/\/www.die-stadtzeitung.de\/index.php\/wp-json\/wp\/v2\/categories?post=40773"},{"taxonomy":"post_tag","embeddable":true,"href":"https:\/\/www.die-stadtzeitung.de\/index.php\/wp-json\/wp\/v2\/tags?post=40773"}],"curies":[{"name":"wp","href":"https:\/\/api.w.org\/{rel}","templated":true}]}}