{"id":40695,"date":"2021-08-28T09:08:48","date_gmt":"2021-08-28T07:08:48","guid":{"rendered":"https:\/\/www.die-stadtzeitung.de\/?p=40695"},"modified":"2021-08-28T09:08:48","modified_gmt":"2021-08-28T07:08:48","slug":"neues-buch-beleuchtet-joseph-beuys-und-sein-werk","status":"publish","type":"post","link":"https:\/\/www.die-stadtzeitung.de\/index.php\/2021\/08\/28\/neues-buch-beleuchtet-joseph-beuys-und-sein-werk\/","title":{"rendered":"Neues Buch beleuchtet Joseph Beuys und sein Werk"},"content":{"rendered":"<div id=\"attachment_40697\" class=\"wp-caption alignnone\" style=\"max-width: 1034px;\"><img loading=\"lazy\" decoding=\"async\" class=\"size-large wp-image-40697\" src=\"\/wp-content\/uploads\/2021\/08\/Beuys-Handbuch_Cover-3-1024x719.jpg\" alt=\"\" width=\"1024\" height=\"719\" \/><span class=\"wp-caption-text\">Das Cover des neuen Joseph Beuys-Handbuchs &#8211; \u00a9 J.B. Metzler<\/span><\/div>\n<p>Ihr Beuys-Werk werden die beiden Herausgeber Timo Skrandies und Bettina Paust im Rahmen einer Buchpr\u00e4sentation am Freitag (03.09.) um 16:30 Uhr im Caf\u00e9 Podest in Wuppertal vorstellen.<\/p>\n<p>Joseph Beuys war nicht nur bildender K\u00fcnstler sondern auch Intellektueller, Sozialtheoretiker, politischer Aktivist, Naturforscher und Kunsttheoretiker \u2013 sowie eine der zentralen Figuren im Kulturbereich der Bonner Republik.<\/p>\n<p>Seine Forderung einer \u201eErweiterung des Kunstbegriffs\u201c auf der Grundlage seiner \u201eSozialen Plastik\u201c propagiert die Idee einer Verschmelzung von Kunst und Leben.<\/p>\n<p>Dieses Handbuch bietet eine systematische Darstellung von Beuys\u2018 interdisziplin\u00e4rem Denken und system\u00fcberschreitendem Handeln. Es stellt Leben, Werk, Aktionen sowie Performances und deren Wirkung im Zusammenhang dar und bietet kultur- und kunstwissenschaftliche Zug\u00e4nge zu seinem Werk.<\/p>\n<p>Das \u201eBeuys-Handbuch\u201c soll der interdisziplin\u00e4ren Beuys-Forschung ab dem Jubil\u00e4umsjahr 2021 als Wissens- und Orientierungsgrundlage dienen.<\/p>\n<h4>Die Herausgeber<\/h4>\n<p>Als Professor am Institut f\u00fcr Kunstgeschichte der Heinrich-Heine-Universit\u00e4t liegen die Arbeitsschwerpunkte von Timo Skrandies in den Bereichen der modernen und zeitgen\u00f6ssischen Kunst, der historischen Bildwissenschaften sowie in der Beziehung zwischen Kunst und gesellschaftlichen Themen, wie z.B. Arbeit, Klimawandel, Medien.<\/p>\n<p>Die Forschungs-, Lehr- und Publikationst\u00e4tigkeit von Prof. Timo Skrandies ist entsprechend interdisziplin\u00e4r und methoden\u00fcbergreifend ausgerichtet.<\/p>\n<p>Viele Jahre war Bettina Paust K\u00fcnstlerische Direktorin des Beuys-Museums Schloss Moyland. Seit 2018 ist sie Leiterin des Kulturb\u00fcros der Stadt Wuppertal, wo sie sich aktuell mit der Beuys-Rezeption auf zeitgen\u00f6ssische performative Tendenzen besch\u00e4ftigt und im Juni 2021 das Performancefestival Die Unendlichkeit des Augenblicks \u2013 Auff\u00fchrungsk\u00fcnste nach Beuys im Rahmen des NRW-weiten Beuys Jubil\u00e4umsjahres durchgef\u00fchrt hat.<\/p>\n<p>Bettina Paust hat u.a. zahlreiche Ausstellungen zu Werk und Wirken von Beuys kuratiert und entsprechende Ver\u00f6ffentlichungen zu verzeichnen.<\/p>\n<p>&nbsp;<\/p>\n<div id=\"attachment_40698\" class=\"wp-caption alignnone\" style=\"max-width: 300px;\"><img loading=\"lazy\" decoding=\"async\" class=\" wp-image-40698\" src=\"\/wp-content\/uploads\/2021\/08\/Beuys-Handbuch_Cover-723x1024.jpg\" alt=\"\" width=\"290\" height=\"411\" \/><span class=\"wp-caption-text\">Das Joseph Beuys Handbuch. &#8211; \u00a9 J.B. Metzler<\/span><\/div>\n<p>&nbsp;<\/p>\n<p><strong>Termin:<\/strong><\/p>\n<p>Buchvorstellung<\/p>\n<h4>Joseph Beuys: Handbuch &#8211; Leben \u2013 Werk \u2013 Wirkung<\/h4>\n<p>mit den Herausgebern Prof. Dr. Timo Skrandies und Dr. Bettina Paust<\/p>\n<p>Freitag &#8211; 03. September &#8211; 16:30 Uhr<\/p>\n<p>Caf\u00e9 Podest im Skulpturenpark Waldfrieden<\/p>\n<p>Der Eintritt ist frei, es gilt GGG.<\/p>\n<p>Skulpturenpark Waldfrieden<\/p>\n<p>Hirschstra\u00dfe 12 &#8211;\u00a042285 Wuppertal<\/p>\n<p><a href=\"https:\/\/skulpturenpark-waldfrieden.de\/\">https:\/\/skulpturenpark-waldfrieden.de<\/a><\/p>\n","protected":false},"excerpt":{"rendered":"<p>Joseph Beuys gilt als der wichtigste und provokanteste deutsche K\u00fcnstler der Nachkriegszeit und z\u00e4hlt auch weltweit zu den bedeutendsten Kunstschaffenden des 20. Jahrhunderts. Zu seinem 100. Geburtstag ist mit dem Joseph Beuys-Handbuch das erste umfassende Nachschlagewerk zu Leben, Werk und Wirkung K\u00fcnstlers erschienen.<\/p>\n","protected":false},"author":7,"featured_media":0,"comment_status":"open","ping_status":"closed","sticky":false,"template":"","format":"standard","meta":{"footnotes":""},"categories":[29],"tags":[],"class_list":["post-40695","post","type-post","status-publish","format-standard","hentry","category-kultur"],"publishpress_future_action":{"enabled":false,"date":"2026-05-07 18:43:33","action":"change-status","newStatus":"draft","terms":[],"taxonomy":"category","extraData":[]},"publishpress_future_workflow_manual_trigger":{"enabledWorkflows":[]},"_links":{"self":[{"href":"https:\/\/www.die-stadtzeitung.de\/index.php\/wp-json\/wp\/v2\/posts\/40695","targetHints":{"allow":["GET"]}}],"collection":[{"href":"https:\/\/www.die-stadtzeitung.de\/index.php\/wp-json\/wp\/v2\/posts"}],"about":[{"href":"https:\/\/www.die-stadtzeitung.de\/index.php\/wp-json\/wp\/v2\/types\/post"}],"author":[{"embeddable":true,"href":"https:\/\/www.die-stadtzeitung.de\/index.php\/wp-json\/wp\/v2\/users\/7"}],"replies":[{"embeddable":true,"href":"https:\/\/www.die-stadtzeitung.de\/index.php\/wp-json\/wp\/v2\/comments?post=40695"}],"version-history":[{"count":3,"href":"https:\/\/www.die-stadtzeitung.de\/index.php\/wp-json\/wp\/v2\/posts\/40695\/revisions"}],"predecessor-version":[{"id":40700,"href":"https:\/\/www.die-stadtzeitung.de\/index.php\/wp-json\/wp\/v2\/posts\/40695\/revisions\/40700"}],"wp:attachment":[{"href":"https:\/\/www.die-stadtzeitung.de\/index.php\/wp-json\/wp\/v2\/media?parent=40695"}],"wp:term":[{"taxonomy":"category","embeddable":true,"href":"https:\/\/www.die-stadtzeitung.de\/index.php\/wp-json\/wp\/v2\/categories?post=40695"},{"taxonomy":"post_tag","embeddable":true,"href":"https:\/\/www.die-stadtzeitung.de\/index.php\/wp-json\/wp\/v2\/tags?post=40695"}],"curies":[{"name":"wp","href":"https:\/\/api.w.org\/{rel}","templated":true}]}}