{"id":40634,"date":"2021-08-22T09:00:23","date_gmt":"2021-08-22T07:00:23","guid":{"rendered":"https:\/\/www.die-stadtzeitung.de\/?p=40634"},"modified":"2021-08-28T09:08:25","modified_gmt":"2021-08-28T07:08:25","slug":"wuppertaler-sv-unterliegt-rwe-im-derby-mit-01","status":"publish","type":"post","link":"https:\/\/www.die-stadtzeitung.de\/index.php\/2021\/08\/22\/wuppertaler-sv-unterliegt-rwe-im-derby-mit-01\/","title":{"rendered":"Wuppertaler SV unterliegt RWE im Derby mit 0:1"},"content":{"rendered":"<div id=\"attachment_40637\" class=\"wp-caption alignnone\" style=\"max-width: 1034px;\"><img loading=\"lazy\" decoding=\"async\" class=\"size-large wp-image-40637\" src=\"\/wp-content\/uploads\/2021\/08\/Classen-26-08-2020-209-2-1024x678.jpg\" alt=\"\" width=\"1024\" height=\"678\" \/><span class=\"wp-caption-text\">Janjic (RWE) im Zweikampf mit dem Wuppertaler K\u00fcbler (r.) &#8211; \u00a9 Jochen Classen)<\/span><\/div>\n<p>In der Anfangsphase schenkten sich beide keinen Zentimeter Rasen. Bis zur ersten Torm\u00f6glichkeit dauerte es deshalb bis zur 28. Minute, als Essens Torj\u00e4ger Simon Engelmann mit dem R\u00fccken zum Tor von Sebastian Patzler den Ball annahm, sich um seinen Gegenspieler drehte und abschloss, doch Patzler abwehren konnte.<span class=\"Apple-converted-space\">\u00a0<\/span><\/p>\n<p>Dann der erste Abschluss f\u00fcr den WSV. Semir Saric marschierte \u00fcber rechts und flankte in die Mitte, wo er am F\u00fcnfmeterraum Kevin Hagemann fand, der aber den Ball nicht aufs gegnerische Tor bekam (32.).<span class=\"Apple-converted-space\">\u00a0<\/span><\/p>\n<p>Wenige Minuten sp\u00e4ter fiel aus einem eigenen Eckball das 0:1 gegen den WSV: Die Ecke von Semir Saric kl\u00e4rte die Essener Abwehr und leitete \u00fcber die linke Seite und Cedric Harenbrock, Isaiah Young und Oguzhan Kefkir einen schnellen Konter ein. Kefkir schoss, Patzler wehrte kurz nach vorne ab und Essens mitgelaufener Rechtsverteidiger Sandro Plechaty vollstreckte (35.). Der Halbzeitstand.<\/p>\n<p>Essen suchte die Vorentscheidung und dr\u00fcckte zu Beginn der zweiten Halbzeit direkt auf das Tor des WSV. Sie kamen durch Simon Engelmann und Cedric Harenbrock auch zu zwei gef\u00e4hrlichen Abschl\u00fcssen (47.).<\/p>\n<p>In der 56. Minute verlor der WSV in der Offensive den Ball und die G\u00e4ste konterten zum wiederholten Male aus der eigenen H\u00e4lfte. Isaiah Young setzte sich links im Strafraum durch und spielte auf Cedric Harenbrock, der aus kurzer Distanz an Patzler scheiterte.<\/p>\n<p>In der Folgezeit pr\u00fcften erst Dennis Grote und dann Oguzhan Kefkir Sebastian Patzler, der mehr und mehr im Mittelpunkt stand. In der 70. Minute traf Essens Kapit\u00e4n Dennis Grote mit einem Schuss aus 20 Metern, der noch abgef\u00e4lscht wurde, den aus seiner Sicht rechten Torpfosten.<\/p>\n<p>In der 72. Minute kam dann endlich einmal wieder der WSV in Torn\u00e4he von Daniel Davari, doch Felix Backszat legte sich nach Doppelpass mit Jannis K\u00fcbler den Ball etwas zu weit vor, so dass Davari kl\u00e4ren konnte.<\/p>\n<p>In der 76. Minute fehlten erneut wenige Zentimeter, sodass Roman Prokoph im Essener Strafraum nach einem Pass von Kevin Rodrigues Pires nicht mehr richtig den Ball kontrollieren konnte.<\/p>\n<p>Am Ende gewannen die G\u00e4ste von der Hafenstra\u00dfe nicht unverdient mit 1:0.<\/p>\n<h4>Wuppertaler SV &#8211; Rot-Wei\u00df Essen 0:1 (0:1)<\/h4>\n<p><strong>Aufstellung Wuppertaler SV:<\/strong><\/p>\n<p>1 Sebastian Patzler \u2013 2 Moritz Montag, 27 Kevin Pytlik, 21 Noah Salau, 33 Niklas Heidemann \u2013 5 Felix Backszat (74. 11 Xhuljo Tabaku), 26 Dominik Bilogrevic (46. 23 Phillip Aboagye) &#8211; 7 Semir Saric (63. 6 Jannis K\u00fcbler), 10 Kevin Rodrigues Pires, 9 Kevin Hagemann &#8211; 48 Marco K\u00f6nigs (63. 18 Roman Prokoph)<\/p>\n<p>Trainer: Bj\u00f6rn Mehnert<\/p>\n<p>Aufstellung Rot-Wei\u00df Essen:<\/p>\n<p>1 Daniel Davari \u2013 21 Sandro Plechaty, 23 Jos\u00e9 Enrique Rios Alonso, 14 Daniel Heber 3 Felix Herzenbruch\u2013 38 Oguzhan Kefkir, 6 Dennis Grote, 7 Luca D\u00fcrholtz (82. 31 S\u00f6ren Eismann), 30 Isaiah Young (89. 29 Felix Heim) \u2013 8 Cedric Harenbrock (73. 27 Sascha Voelcke), 11 Simon Engelmann (78. 13 Zlatko Janjic)<\/p>\n<p>Trainer: Christian Neidhart<\/p>\n<p><b>Stadion: <\/b>Stadion am Zoo<\/p>\n<p><b>Zuschauer: <\/b>4.140 (800 G\u00e4ste)<\/p>\n<p><b>Tor: <\/b>0:1 Plechaty (35.)<\/p>\n","protected":false},"excerpt":{"rendered":"<p>Der WSV hat das Derbx gegen den alten Rivalen Rot-Wei\u00df Essen vor 4.140 Zuschauern im Stadion am Zoo mit 0:1 (0:1) verloren. Der Essener Sandro Sandro Plechaty erzielt in der 35. Minute den entscheidenden Treffer.<\/p>\n","protected":false},"author":7,"featured_media":0,"comment_status":"open","ping_status":"closed","sticky":false,"template":"","format":"standard","meta":{"footnotes":""},"categories":[20],"tags":[],"class_list":["post-40634","post","type-post","status-publish","format-standard","hentry","category-sport"],"publishpress_future_action":{"enabled":false,"date":"2026-05-08 02:35:15","action":"change-status","newStatus":"draft","terms":[],"taxonomy":"category","extraData":[]},"publishpress_future_workflow_manual_trigger":{"enabledWorkflows":[]},"_links":{"self":[{"href":"https:\/\/www.die-stadtzeitung.de\/index.php\/wp-json\/wp\/v2\/posts\/40634","targetHints":{"allow":["GET"]}}],"collection":[{"href":"https:\/\/www.die-stadtzeitung.de\/index.php\/wp-json\/wp\/v2\/posts"}],"about":[{"href":"https:\/\/www.die-stadtzeitung.de\/index.php\/wp-json\/wp\/v2\/types\/post"}],"author":[{"embeddable":true,"href":"https:\/\/www.die-stadtzeitung.de\/index.php\/wp-json\/wp\/v2\/users\/7"}],"replies":[{"embeddable":true,"href":"https:\/\/www.die-stadtzeitung.de\/index.php\/wp-json\/wp\/v2\/comments?post=40634"}],"version-history":[{"count":3,"href":"https:\/\/www.die-stadtzeitung.de\/index.php\/wp-json\/wp\/v2\/posts\/40634\/revisions"}],"predecessor-version":[{"id":40638,"href":"https:\/\/www.die-stadtzeitung.de\/index.php\/wp-json\/wp\/v2\/posts\/40634\/revisions\/40638"}],"wp:attachment":[{"href":"https:\/\/www.die-stadtzeitung.de\/index.php\/wp-json\/wp\/v2\/media?parent=40634"}],"wp:term":[{"taxonomy":"category","embeddable":true,"href":"https:\/\/www.die-stadtzeitung.de\/index.php\/wp-json\/wp\/v2\/categories?post=40634"},{"taxonomy":"post_tag","embeddable":true,"href":"https:\/\/www.die-stadtzeitung.de\/index.php\/wp-json\/wp\/v2\/tags?post=40634"}],"curies":[{"name":"wp","href":"https:\/\/api.w.org\/{rel}","templated":true}]}}