{"id":40274,"date":"2021-08-16T13:53:37","date_gmt":"2021-08-16T11:53:37","guid":{"rendered":"https:\/\/www.die-stadtzeitung.de\/?p=40274"},"modified":"2021-08-17T09:28:34","modified_gmt":"2021-08-17T07:28:34","slug":"clemens-fuck-dirigiert-florian-franke-stellt-album-vor","status":"publish","type":"post","link":"https:\/\/www.die-stadtzeitung.de\/index.php\/2021\/08\/16\/clemens-fuck-dirigiert-florian-franke-stellt-album-vor\/","title":{"rendered":"Clemens Flick dirigiert &#8211; Florian Franke stellt Album vor"},"content":{"rendered":"<div id=\"attachment_40279\" class=\"wp-caption alignnone\" style=\"max-width: 1034px;\"><img loading=\"lazy\" decoding=\"async\" class=\"size-large wp-image-40279\" src=\"\/wp-content\/uploads\/2021\/08\/Clemens-Flick-c-Foto-Steinhagen-1024x683.jpg\" alt=\"\" width=\"1024\" height=\"683\" \/><span class=\"wp-caption-text\">Der Dirigent Clemens Flick &#8211; \u00a9 Steinhagen<\/span><\/div>\n<p>Weiter geht es mit einem Jubil\u00e4um. am Donnerstag (23.09.) feiern Olaf Reitz und Andy Dino Iussa zehn Jahre \u201eDie T\u00fcrme\u201c mit einer musikalischen Literaturperformance, in der sie die Themen des letzen Jahrzehnts Revue passieren lassen.<span class=\"Apple-converted-space\">\u00a0<\/span><\/p>\n<p>\u201eRosa Elefanten\u201c heisst das aktuelle Album des bekannten Wuppertaler Singer\/Songwriter Florian Franke. Bereits 2020 erschienen, bekommt der Longplayer des Wuppertaler Musikers unter anderem am Samstag (25.09.) die verdiente Live-Premiere.<span class=\"Apple-converted-space\">\u00a0<\/span><\/p>\n<p>Mit einem Jubil\u00e4um geht ea am Freitag (08.10.) weiter. Dann findet zu Ehren des 75-j\u00e4hrigen Jubil\u00e4ums der Kantorei Barmen-Gemarke ein Liederabend mit Thomas Laske und Verena Louis mit Werken von Maurice Ravel, Robert Schumann und Richard Strauss statt.<\/p>\n<h4>Das September-Kulturprogramm im Detail<\/h4>\n<p><strong>Sonntag &#8211; 12. September &#8211; 18 Uhr<\/strong><span class=\"Apple-converted-space\">\u00a0<\/span><\/p>\n<h4>Uptown Classics\/1<span class=\"Apple-converted-space\">\u00a0<\/span><\/h4>\n<p>Das Sinfonieorchester Wuppertal spielt unter Leitung des Barockspezialisten Clemens Flick Hommage an die Vergangenheit<span class=\"Apple-converted-space\">\u00a0<\/span><\/p>\n<p>GEORG FRIEDRICH H\u00c4NDEL Concerto grosso d-Moll op. 3\/5<span class=\"Apple-converted-space\">\u00a0<\/span><\/p>\n<p>GEORG MUFFAT<br \/>\nSonata Nr. 2 g-Moll aus \u203aArmonico tributo\u2039<span class=\"Apple-converted-space\">\u00a0<\/span><\/p>\n<p>JOHANN CHRISTIAN BACH Sinfonia concertante B-Dur<span class=\"Apple-converted-space\">\u00a0<\/span><\/p>\n<p>Zwischen den beiden Konzertterminen der Uptown Classics \/1 feiert die Oper &#8222;Julius Caesar&#8220; von Georg Friedrich H\u00e4ndel im Wuppertaler Opernhaus unter Leitung von Clemens Flick Premiere.<span class=\"Apple-converted-space\">\u00a0<\/span><\/p>\n<p>Eine exzellente Gelegenheit f\u00fcr das Sinfonieorchester Wuppertal, sich den Barockspezialisten Clemens Flick f\u00fcr ein Konzert der Reihe Uptown Classics &#8222;kurz mal auszuleihen&#8220;.<span class=\"Apple-converted-space\">\u00a0<\/span><\/p>\n<p>Bereits vor zwei Jahren stand Flick in dieser Reihe am Pult des Sinfonieorchesters Wuppertal und begeisterte mit seiner spielfreudigen Virtuosit\u00e4t. &#8222;Besonders die gestalterische und improvisatorische Freiheit im Umgang mit dem Material, und die M\u00f6glichkeit, als musikalischer Leiter selbst Teil des Ensembles zu sein, reizen mich&#8220;, so der Dirigent. Im Gep\u00e4ck hat er unter anderem eine wenig bekannte, wundersch\u00f6ne Sinfonia concertante von Johann Christian Bach mit den Soloinstrumenten Violine, Oboe, Cello und Hammerklavier.<span class=\"Apple-converted-space\">\u00a0<\/span><\/p>\n<p>Tickets unter www.sinfonieorchester-wuppertal.de<span class=\"Apple-converted-space\">\u00a0<\/span><\/p>\n<div id=\"attachment_40280\" class=\"wp-caption alignnone\" style=\"max-width: 1034px;\"><img loading=\"lazy\" decoding=\"async\" class=\"size-large wp-image-40280\" src=\"\/wp-content\/uploads\/2021\/08\/Die-Tuerme_Iussa_Reitz_Foto_Annette-Massmann-1024x634.jpg\" alt=\"\" width=\"1024\" height=\"634\" \/><span class=\"wp-caption-text\">Andy Dino Iussa (l.) und Olaf Reitz alias &#8222;Die T\u00fcrme&#8220; &#8211; \u00a9 Annette Massmann<\/span><\/div>\n<p><strong>Sonntag &#8211; 12. September &#8211; 18 Uhr<span class=\"Apple-converted-space\">\u00a0<\/span><\/strong><\/p>\n<h4>Jubil\u00e4umsausgabe: 10 Jahre &#8222;Die T\u00fcrme&#8220;<\/h4>\n<p>Olaf Reitz \u00b7 Andy Dino Iussa<br \/>\nDie T\u00fcrme 2021: Es geht ums Ganze<span class=\"Apple-converted-space\">\u00a0<\/span><\/p>\n<p>Eine Erfolgsgeschichte: Dieses Jahr erheben DIE T\u00dcRME bereits zum zehnten Mal ihre Stimme!<span class=\"Apple-converted-space\">\u00a0<\/span><\/p>\n<p>In den bisherigen neun Ausgaben spielten Olaf Reitz und Andy Dino Iussa 46 Programme.<\/p>\n<p>46 verschiedene Textcollagen, komponiert aus Fragmenten aus jeweils 20 bis 70 Werken der Dramatik und Literatur.<\/p>\n<p>46 Sonnenunterg\u00e4nge. 46 illuminierte T\u00fcrme. 46 Dialoge zwischen Mensch und Turm. 46 Mal hochkar\u00e4tige Live-Musiker*innen. 46 atmosph\u00e4risch wundersch\u00f6ne Abende mit Menschen bei Olivenbrot &amp; Wein.<span class=\"Apple-converted-space\">\u00a0<\/span><\/p>\n<p>Zun\u00e4chst ausschlie\u00dflich in Wuppertal veranstaltet, wurde das Projekt 2016 bergisch, eroberte Remscheid und N\u00fcmbrecht, 2017 auch Solingen, dann D\u00fcsseldorf, Bensberg, Langenfeld und zuletzt sogar Bremen. Selbst 2020, im ersten Jahr der Pandemie, blieben DIE T\u00dcRME nicht stumm.<\/p>\n<p>Und immer waren die Literaturperformances mit ihren Themen am Puls der Zeit \u2013 manchmal auch ihrer Zeit voraus. Die Motti hie\u00dfen \u201eDas Ende des Schweigens\u201c (2011), \u201eEinspr\u00fcche\u201c (2012), \u201eUrstoff\u201c (2013), \u201eVom Fremdsein\u201c (2015 \u2013 noch vor dem Ausbruch der sogenannten \u201eFl\u00fcchtlingskrise\u201c!), \u201eSicher ist sicher\u201c (2016), \u201cVorw\u00e4rts durch Stagnation\u201c (2017), \u201eWoanders\u201c (2018), \u201eWut zu Sch\u00f6nheit\u201c (2019) und \u201ePfahlbauten f\u00fcr morgen\u201c (2020). Eine Ausnahme war das Jahr 2014, damals probierten Reitz und Iussa \u201eTurm4Kids\u201c aus.<span class=\"Apple-converted-space\">\u00a0<\/span><\/p>\n<p>Im Jubil\u00e4umsjahr 2021 werden die T\u00fcrme die Themen der vergangenen Spielzeiten noch einmal aufgreifen \u2013 mit neuen und alten Texten, mit Zitaten aus Werken von Goethe bis Heiner M\u00fcller, von Strindberg \u00fcber Ernesto Grassi bis Falk Richter, Ren\u00e9 Pollesch und Lars Nor\u00e9n. Ein Rundumschlag. Es geht um alles!<span class=\"Apple-converted-space\">\u00a0<\/span><\/p>\n<p>Sechs Mal wird zum einsetzenden Sonnenuntergang ein Turm illuminiert. Der Mensch spricht den Turm an. Dieser antwortet mit seiner Stimme aus dem Glockenturm. Famose Solo-Musiker*innen kommentieren das Gespr\u00e4ch. Sechs Mal k\u00f6nnen Besucher*innen bei Olivenbrot und Wein ca. 40 Minuten lang der Kunst-Aktion lauschen.<span class=\"Apple-converted-space\">\u00a0<\/span><\/p>\n<p>Die Mischung aus Theater, Literatur, Performance und Musik ist einzigartig im Land. Umsonst &amp; drau\u00dfen.<span class=\"Apple-converted-space\">\u00a0<\/span><\/p>\n<p>Schauspiel\/Mensch: Olaf Reitz Texte: Andy Dino Iussa<span class=\"Apple-converted-space\">\u00a0<\/span><\/p>\n<p>Der Eintritt ist frei.<span class=\"Apple-converted-space\">\u00a0<\/span><\/p>\n<p>Aktuelle Informationen (Daten &amp; Termine) sowie H\u00f6r-, Bild- &amp; Videobeispiele zu den letztj\u00e4hrigen Projekten: www.diet\u00fcrme.de<br \/>\nDas Projekt wird seit 2012 regelm\u00e4\u00dfig u.a. vom Katholischen Bildungswerk Wuppertal\/Solingen\/Remscheid unterst\u00fctzt.<\/p>\n<div id=\"attachment_40282\" class=\"wp-caption alignnone\" style=\"max-width: 1034px;\"><img loading=\"lazy\" decoding=\"async\" class=\"size-large wp-image-40282\" src=\"\/wp-content\/uploads\/2021\/08\/Florian-Franke_Pressefoto-1024x576.jpg\" alt=\"\" width=\"1024\" height=\"576\" \/><span class=\"wp-caption-text\">Der Singer\/Songwriter Florian Franke &#8211; \u00a9 Florian Franke<\/span><\/div>\n<p><strong>Samstag &#8211; 25. September &#8211; 19 Uhr<span class=\"Apple-converted-space\">\u00a0<\/span><\/strong><\/p>\n<h4>Florian Franke: &#8222;Rosa Elefanten&#8220;<span class=\"Apple-converted-space\">\u00a0<\/span><\/h4>\n<p>Was passieren kann, wenn man zwei gegens\u00e4tzliche Genres verbindet, zeigt Florian Franke auf seinem im Herbst 2020 erschienenen Album \u201eRosa Elefanten\u201c. Eine Mixtur aus Pop und Jazz, die so nat\u00fcrlich wirkt, als w\u00e4re sie schon immer da gewesen.<\/p>\n<p>Feinsinnige Texte f\u00fchren durch Arrangements, die \u00fcberraschen, aber dennoch vertraut scheinen. Mal schimmert eher die Leichtigkeit des Pops durch, mal \u00fcberwiegt die Freiheit des Jazz.<span class=\"Apple-converted-space\">\u00a0<\/span><\/p>\n<p>Ein gutes St\u00fcck vom Mainstream entfernt, erinnert der deutsche Jazz-Pop an eine Zeit, in der Musik nicht am Laptop, sondern im Studio entstand. Dabei ist die Besonderheit des Albums, dass alles live und gleichzeitig eingespielt wurde.<br \/>\nMit einer fantastischen Band im R\u00fccken ist Florian Franke ein Album gegl\u00fcckt, das nicht nur den Kopf, sondern auch die F\u00fc\u00dfe bewegt. www.florian-franke.com\/<span class=\"Apple-converted-space\">\u00a0<\/span><\/p>\n<p>Eintritt 13,00 \u20ac im Vorverkauf und 15,00 \u20ac an der Abendkasse<span class=\"Apple-converted-space\">\u00a0<\/span><\/p>\n<p>Tickets \u00fcber wuppertal-live.de und alle VVK-Stellen von wuppertal-live, u.a. Musikhaus Landsiedel- Becker und Ticketzentrale Elberfeld<span class=\"Apple-converted-space\">\u00a0<\/span><\/p>\n<p>Die Veranstaltung findet im Rahmen von Neustart Kultur statt.<span class=\"Apple-converted-space\">\u00a0<\/span><\/p>\n<div id=\"attachment_34226\" class=\"wp-caption alignnone\" style=\"max-width: 912px;\"><img loading=\"lazy\" decoding=\"async\" class=\" wp-image-34226\" src=\"\/wp-content\/uploads\/2021\/03\/Thomas-Laske-c-privat-2.jpg\" alt=\"\" width=\"902\" height=\"796\" \/><span class=\"wp-caption-text\">Bariton Thomas Laske &#8211; \u00a9 privat<\/span><\/div>\n<p><strong>Freitag &#8211; 8. Oktober &#8211; 19:30 Uhr<span class=\"Apple-converted-space\">\u00a0<\/span><\/strong><\/p>\n<h4>75 Jahre Chormusik<span class=\"Apple-converted-space\">\u00a0<\/span><\/h4>\n<p>Thomas Laske \u00b7 Verena Louis<br \/>\nLiederabend zum 75. Jubil\u00e4umsjahr der Kantorei Barmen-Gemarke<span class=\"Apple-converted-space\">\u00a0<\/span><\/p>\n<p>75 Jahre Tradition, langj\u00e4hrige Verbundenheit und zahlreiche Konzerte stehen hinter der gemeinsamen Arbeit der Kantorei Barmen-Gemarke und dem F\u00f6rderverein Kulturzentrum Immanuel.<span class=\"Apple-converted-space\">\u00a0<\/span><\/p>\n<p>Freuen Sie sich auf einen musikalischen Abend und genie\u00dfen Werke von Maurice Ravel, Robert Schumann und Richard Strauss.<span class=\"Apple-converted-space\">\u00a0<\/span><\/p>\n<p>Thomas Laske &#8211; Bariton Verena Louis \u2013 Klavier<span class=\"Apple-converted-space\">\u00a0<\/span><\/p>\n<p>Eintritt 13,00 \u20ac im Vorverkauf &amp; 15,00 \u20ac Abendkasse<span class=\"Apple-converted-space\">\u00a0<\/span><\/p>\n<p>Tickets \u00fcber wuppertal-live.de und alle VVK-Stellen von wuppertal-live, u.a. Musikhaus Landsiedel- Becker und Ticketzentrale Elberfeld<span class=\"Apple-converted-space\">\u00a0<\/span><\/p>\n","protected":false},"excerpt":{"rendered":"<p>Am Anfang des September-Programms im Kulturzentrum Immanuel steht ein echtes musikalisches Glanzlicht: Unter Leitung des Barock-Spezialisten Clemens Flick spielt das Sinfonieorchester Wuppertal am Sonntag (12.09.) eine \u201eHommage an die Vergangenheit\u201c &#8211; u.a. mit einer wenig bekannten, wundersch\u00f6nen Sinfonia concertante von Johann Christian Bach.\u00a0<\/p>\n","protected":false},"author":7,"featured_media":0,"comment_status":"open","ping_status":"closed","sticky":false,"template":"","format":"standard","meta":{"footnotes":""},"categories":[29],"tags":[],"class_list":["post-40274","post","type-post","status-publish","format-standard","hentry","category-kultur"],"publishpress_future_action":{"enabled":false,"date":"2026-05-07 15:28:53","action":"change-status","newStatus":"draft","terms":[],"taxonomy":"category","extraData":[]},"publishpress_future_workflow_manual_trigger":{"enabledWorkflows":[]},"_links":{"self":[{"href":"https:\/\/www.die-stadtzeitung.de\/index.php\/wp-json\/wp\/v2\/posts\/40274","targetHints":{"allow":["GET"]}}],"collection":[{"href":"https:\/\/www.die-stadtzeitung.de\/index.php\/wp-json\/wp\/v2\/posts"}],"about":[{"href":"https:\/\/www.die-stadtzeitung.de\/index.php\/wp-json\/wp\/v2\/types\/post"}],"author":[{"embeddable":true,"href":"https:\/\/www.die-stadtzeitung.de\/index.php\/wp-json\/wp\/v2\/users\/7"}],"replies":[{"embeddable":true,"href":"https:\/\/www.die-stadtzeitung.de\/index.php\/wp-json\/wp\/v2\/comments?post=40274"}],"version-history":[{"count":8,"href":"https:\/\/www.die-stadtzeitung.de\/index.php\/wp-json\/wp\/v2\/posts\/40274\/revisions"}],"predecessor-version":[{"id":40322,"href":"https:\/\/www.die-stadtzeitung.de\/index.php\/wp-json\/wp\/v2\/posts\/40274\/revisions\/40322"}],"wp:attachment":[{"href":"https:\/\/www.die-stadtzeitung.de\/index.php\/wp-json\/wp\/v2\/media?parent=40274"}],"wp:term":[{"taxonomy":"category","embeddable":true,"href":"https:\/\/www.die-stadtzeitung.de\/index.php\/wp-json\/wp\/v2\/categories?post=40274"},{"taxonomy":"post_tag","embeddable":true,"href":"https:\/\/www.die-stadtzeitung.de\/index.php\/wp-json\/wp\/v2\/tags?post=40274"}],"curies":[{"name":"wp","href":"https:\/\/api.w.org\/{rel}","templated":true}]}}